{"id":12383,"date":"2023-08-21T09:57:38","date_gmt":"2023-08-21T09:57:38","guid":{"rendered":"https:\/\/kraios.app\/news\/spor\/2023\/08\/21\/hayvan-otlatirken-kesfedilen-avrupa-sampiyonu-atlet-dilek-kocak-paris-2024e-odaklandi\/"},"modified":"2023-08-21T09:57:38","modified_gmt":"2023-08-21T09:57:38","slug":"hayvan-otlatirken-kesfedilen-avrupa-sampiyonu-atlet-dilek-kocak-paris-2024e-odaklandi","status":"publish","type":"post","link":"https:\/\/kraios.app\/news\/spor\/2023\/08\/21\/hayvan-otlatirken-kesfedilen-avrupa-sampiyonu-atlet-dilek-kocak-paris-2024e-odaklandi\/","title":{"rendered":"Hayvan otlat\u0131rken ke\u015ffedilen Avrupa \u015fampiyonu atlet Dilek Ko\u00e7ak, Paris 2024&#8217;e odakland\u0131"},"content":{"rendered":"<p><\/p>\n<div>\n<p>Be\u015f y\u0131l \u00f6nce Karayaz\u0131 il\u00e7esindeki \u00dczengili k\u00f6y\u00fcnde hayvan otlat\u0131rken beden e\u011fitimi \u00f6\u011fretmeni taraf\u0131ndan ke\u015ffedilen ve Fenerbah\u00e7e&#8217;ye transfer olan 18 ya\u015f\u0131ndaki milli atlet Dilek Ko\u00e7ak, ge\u00e7en y\u0131l may\u0131s ay\u0131nda Mersin&#8217;de 800 metrede 2.06.95&#8217;lik derecesiyle kad\u0131nlar 18 ya\u015f alt\u0131 T\u00fcrkiye rekorunu k\u0131rd\u0131. Gen\u00e7 sporcu, rekorunu iki hafta sonra Bursa&#8217;daki Olimpik Deneme Yar\u0131\u015fmas\u0131&#8217;nda 2.04.35&#8217;lik derecesiyle geli\u015ftirdi.<\/p>\n<p>Dilek Ko\u00e7ak, son olarak \u0130srail&#8217;de 7-11 A\u011fustos&#8217;ta d\u00fczenlenen 20 Ya\u015f Alt\u0131 Avrupa Atletizm \u015eampiyonas\u0131&#8217;na kat\u0131ld\u0131. Burada 1500 metrede alt\u0131n, 800 metrede ise bronz madalya kazanan milli sporcu, antren\u00f6r\u00fc Fesih Do\u011fan ile Yakutiye il\u00e7esindeki Tartan Atletizm Pisti&#8217;nde 2024 Paris Olimpiyat Oyunlar\u0131 i\u00e7in ter d\u00f6k\u00fcyor.<\/p>\n<p><img decoding=\"async\" alt=\"\" src=\"https:\/\/www.aa.com.tr\/uploads\/userFiles\/96f91bbd-282f-4a24-a12c-1b1092cfeb3b\/009_2023%2F05_2023%2F17_Agustos%2F29%2F20230821_2_59953386_92061118.jpg\"\/><\/p>\n<p>Dilek Ko\u00e7ak, AA muhabirine, k\u00f6yde ailesiyle hayvanc\u0131l\u0131kla u\u011fra\u015f\u0131rken beden e\u011fitimi \u00f6\u011fretmeni taraf\u0131ndan ke\u015ffedildi\u011fini belirterek, k\u00f6yler aras\u0131 d\u00fczenlenen ko\u015fu yar\u0131\u015flar\u0131nda \u00fc\u00e7\u00fcnc\u00fc oldu\u011funu ve atletizme ba\u015flad\u0131\u011f\u0131n\u0131 s\u00f6yledi.<\/p>\n<p>Erzurum Spor Lisesi&#8217;ne kay\u0131t olduktan sonra atletizm antren\u00f6r\u00fc Fesih Do\u011fan ile tan\u0131\u015f\u0131p kendini geli\u015ftirmeye ba\u015flad\u0131\u011f\u0131n\u0131 anlatan Dilek, &#8220;Fesih hoca ile antrenmanlara ba\u015flad\u0131m ve daha sonra yar\u0131\u015flara kat\u0131ld\u0131m. Yar\u0131\u015flarda T\u00fcrkiye Olimpiyat Haz\u0131rl\u0131k Merkezi (TOHM) baraj\u0131n\u0131 ge\u00e7tim. \u00dc\u00e7 y\u0131ld\u0131r TOHM&#8217;day\u0131m ve \u00e7ok verim ald\u0131m.&#8221; diye konu\u015ftu.<\/p>\n<p><img decoding=\"async\" alt=\"\" src=\"https:\/\/www.aa.com.tr\/uploads\/userFiles\/96f91bbd-282f-4a24-a12c-1b1092cfeb3b\/009_2023%2F05_2023%2F17_Agustos%2F29%2F20230821_2_59953386_92061119.jpg\"\/><\/p>\n<h3>&#8220;\u0130srail&#8217;deki atletizm yar\u0131\u015flar\u0131nda T\u00fcrkiye ad\u0131na 2 madalya kazanan ilk sporcuyum&#8221;<\/h3>\n<p>Ge\u00e7en y\u0131l Mersin ve Bursa&#8217;da kat\u0131ld\u0131\u011f\u0131 18 ya\u015f alt\u0131 atletizm yar\u0131\u015flar\u0131nda T\u00fcrkiye rekoru k\u0131rd\u0131\u011f\u0131n\u0131 aktaran Dilek Ko\u00e7ak, \u015f\u00f6yle devam etti:<\/p>\n<p>&#8220;Ge\u00e7en y\u0131l 800 metrede T\u00fcrkiye rekorunu k\u0131rd\u0131m. Yine ge\u00e7en y\u0131l ilk defa kat\u0131ld\u0131\u011f\u0131m Avrupa \u015eampiyonas\u0131&#8217;nda 5&#8217;inci oldum. D\u00fcnya \u015eampiyonas\u0131&#8217;nda ise 800 metrede 9&#8217;uncu s\u0131rada yer ald\u0131m. Bu y\u0131l \u00e7al\u0131\u015fmalar\u0131m\u0131n \u00fcst\u00fcne koyarak devam ettim ve \u0130srail&#8217;deki yar\u0131\u015fta 800 metrede Avrupa \u00fc\u00e7\u00fcnc\u00fcs\u00fc ve 1500 metrede Avrupa \u015fampiyonu oldum. \u0130srail&#8217;deki atletizm yar\u0131\u015flar\u0131nda T\u00fcrkiye ad\u0131na 2 madalya kazanan ilk sporcuyum. Avrupa \u015eampiyonas\u0131&#8217;nda ko\u015farken ailemin beni izledi\u011fini ve dualar\u0131n\u0131n benim arkamda oldu\u011funu biliyordum.&#8221;<\/p>\n<p><img decoding=\"async\" alt=\"\" src=\"https:\/\/www.aa.com.tr\/uploads\/userFiles\/96f91bbd-282f-4a24-a12c-1b1092cfeb3b\/009_2023%2F05_2023%2F17_Agustos%2F29%2F20230821_2_59953386_92061120.jpg\"\/><\/p>\n<p>Dilek Ko\u00e7ak, \u0130srail&#8217;deki ba\u015far\u0131s\u0131ndan sonra gitti\u011fi k\u00f6y\u00fcnde b\u00fcy\u00fck sevgi ve co\u015fkusuyla kar\u015f\u0131land\u0131\u011f\u0131n\u0131 dile getirdi.<\/p>\n<p>Avrupa \u015eampiyonas\u0131&#8217;n\u0131n kendisi i\u00e7in bir ba\u015flang\u0131\u00e7 oldu\u011funu ifade eden milli sporcu, &#8220;Avrupa \u015eampiyonas\u0131&#8217;nda elde etti\u011fim ba\u015far\u0131, olimpiyatlara kat\u0131lmak i\u00e7in bir kap\u0131n\u0131n a\u00e7\u0131l\u0131\u015f\u0131 oldu. \u0130n\u015fallah daha iyisi olacak. Olimpiyat baraj\u0131n\u0131 rahat \u015fekilde ge\u00e7ece\u011fimi d\u00fc\u015f\u00fcn\u00fcyorum, 2024 Paris Olimpiyat Oyunlar\u0131 i\u00e7in kota al\u0131p madalya kazanaca\u011f\u0131ma inan\u0131yorum. Olimpiyatlarda \u00fclkemi en iyi \u015fekilde temsil edece\u011fim.&#8221; ifadelerini kulland\u0131.<\/p>\n<p><img decoding=\"async\" alt=\"\" src=\"https:\/\/www.aa.com.tr\/uploads\/userFiles\/96f91bbd-282f-4a24-a12c-1b1092cfeb3b\/009_2023%2F05_2023%2F17_Agustos%2F29%2F20230821_2_59953386_92061123.jpg\"\/><\/p>\n<h3>Antren\u00f6r Do\u011fan: &#8220;Her sporcu ve antren\u00f6r\u00fcn hayalindeki yar\u0131\u015f, olimpiyatlard\u0131r&#8221;<\/h3>\n<p>Antren\u00f6r Fesih Do\u011fan ise ge\u00e7en y\u0131l Avrupa \u015eampiyonas\u0131&#8217;n\u0131n kendileri i\u00e7in iyi gitmedi\u011fini ve i\u00e7lerinde bir uhde kald\u0131\u011f\u0131n\u0131 anlatt\u0131.<\/p>\n<p><img decoding=\"async\" alt=\"\" src=\"https:\/\/www.aa.com.tr\/uploads\/userFiles\/96f91bbd-282f-4a24-a12c-1b1092cfeb3b\/009_2023%2F05_2023%2F17_Agustos%2F29%2F20230821_2_59953386_92061126.jpg\"\/><\/p>\n<p>Bu y\u0131l Dilek Ko\u00e7ak&#8217;\u0131n Avrupa \u015fampiyonlu\u011fu ve \u00fc\u00e7\u00fcnc\u00fcl\u00fc\u011f\u00fcn\u00fcn kendilerini \u00e7ok mutlu etti\u011fini s\u00f6yleyen Do\u011fan, &#8220;Gen\u00e7lik ve Spor Bakanl\u0131\u011f\u0131n\u0131n TOHM projesinin ba\u015far\u0131s\u0131, Dilek&#8217;in kazand\u0131\u011f\u0131 madalyalarla daha da iyi anla\u015f\u0131l\u0131yor. Bu \u00e7ocu\u011fumuz ve di\u011fer \u00e7ocuklar\u0131m\u0131z, y\u0131l boyunca TOHM&#8217;da kal\u0131yor. Burada s\u00fcrekli antrenmanlara devam ediyorlar. Her t\u00fcrl\u00fc imkana sahip olduklar\u0131ndan bu da ba\u015far\u0131ya olumlu \u015fekilde yans\u0131yor.&#8221; diye konu\u015ftu.<\/p>\n<p>Do\u011fan, Dilek&#8217;in bu ay\u0131n sonunda Polonya&#8217;da d\u00fczenlenecek \u00f6zel bir yar\u0131\u015fa gidece\u011fini ve olimpiyat kotas\u0131 i\u00e7in puan toplamaya \u00e7al\u0131\u015faca\u011f\u0131n\u0131 belirterek, &#8220;\u00d6ncelikli hedefimiz 2024 Paris Olimpiyat Oyunlar\u0131&#8217;na kat\u0131lmak. Her sporcu ve antren\u00f6r\u00fcn hayalindeki yar\u0131\u015f, olimpiyatlard\u0131r. Olimpiyatlarda \u00fclkemizi temsil etmek ve emeklerimizin kar\u015f\u0131l\u0131\u011f\u0131n\u0131 alabilmek i\u00e7in \u00e7aba g\u00f6sterip \u00e7al\u0131\u015faca\u011f\u0131z.&#8221; de\u011ferlendirmesinde bulundu.<\/p>\n<p>                            <span class=\"detay-foto-editor\">&#13;<br \/>\n                                <a href=\"https:\/\/www.aa.com.tr\/tr\/p\/abonelik-talep-formu\/1001\" target=\"_blank\" style=\"font-size:12px; color:#444; text-decoration:none;\" rel=\"noopener\">&#13;<br \/>\n                                    Anadolu Ajans\u0131 web sitesinde, AA Haber Ak\u0131\u015f Sistemi (HAS) \u00fczerinden abonelere sunulan haberler, \u00f6zetlenerek yay\u0131mlanmaktad\u0131r. <b style=\"color:#1897F7\">Abonelik i\u00e7in l\u00fctfen ileti\u015fime ge\u00e7iniz.<\/b>&#13;<br \/>\n                                <\/a>&#13;<br \/>\n                            <\/span>\n                        <\/div>\n<p><script>\n\t  window.fbAsyncInit = function() {\n\t\tFB.init({\n\t\t  appId: '1855843514662870',\n\t\t  status : true, \/\/ check login status\n\t\t  cookie : true, \/\/ enable cookies to allow the server to access the session\n\t\t  xfbml  : true  \/\/ parse XFBML\n\t\t});\n\t  };<\/p>\n<p>\t  (function() {\n\t\tvar e = document.createElement('script');\n\t\te.src=\"https:\/\/connect.facebook.net\/tr_TR\/all.js\";\n\t\te.async = true;\n\t\tdocument.getElementById('fb-root').appendChild(e);\n\t  }());\n    <\/script><\/p>\n","protected":false},"excerpt":{"rendered":"<p>Be\u015f y\u0131l \u00f6nce Karayaz\u0131 il\u00e7esindeki \u00dczengili k\u00f6y\u00fcnde hayvan otlat\u0131rken beden e\u011fitimi \u00f6\u011fretmeni taraf\u0131ndan ke\u015ffedilen ve Fenerbah\u00e7e&#8217;ye transfer olan 18 ya\u015f\u0131ndaki milli atlet Dilek Ko\u00e7ak, ge\u00e7en y\u0131l may\u0131s ay\u0131nda Mersin&#8217;de 800 metrede 2.06.95&#8217;lik derecesiyle kad\u0131nlar 18 ya\u015f alt\u0131 T\u00fcrkiye rekorunu k\u0131rd\u0131. Gen\u00e7 sporcu, rekorunu iki hafta sonra Bursa&#8217;daki Olimpik Deneme Yar\u0131\u015fmas\u0131&#8217;nda 2.04.35&#8217;lik derecesiyle geli\u015ftirdi. Dilek Ko\u00e7ak, [&hellip;]<\/p>\n","protected":false},"author":1,"featured_media":12384,"comment_status":"","ping_status":"","sticky":false,"template":"","format":"standard","meta":[],"categories":[48],"tags":[],"_links":{"self":[{"href":"https:\/\/kraios.app\/news\/wp-json\/wp\/v2\/posts\/12383"}],"collection":[{"href":"https:\/\/kraios.app\/news\/wp-json\/wp\/v2\/posts"}],"about":[{"href":"https:\/\/kraios.app\/news\/wp-json\/wp\/v2\/types\/post"}],"author":[{"embeddable":true,"href":"https:\/\/kraios.app\/news\/wp-json\/wp\/v2\/users\/1"}],"replies":[{"embeddable":true,"href":"https:\/\/kraios.app\/news\/wp-json\/wp\/v2\/comments?post=12383"}],"version-history":[{"count":0,"href":"https:\/\/kraios.app\/news\/wp-json\/wp\/v2\/posts\/12383\/revisions"}],"wp:featuredmedia":[{"embeddable":true,"href":"https:\/\/kraios.app\/news\/wp-json\/wp\/v2\/media\/12384"}],"wp:attachment":[{"href":"https:\/\/kraios.app\/news\/wp-json\/wp\/v2\/media?parent=12383"}],"wp:term":[{"taxonomy":"category","embeddable":true,"href":"https:\/\/kraios.app\/news\/wp-json\/wp\/v2\/categories?post=12383"},{"taxonomy":"post_tag","embeddable":true,"href":"https:\/\/kraios.app\/news\/wp-json\/wp\/v2\/tags?post=12383"}],"curies":[{"name":"wp","href":"https:\/\/api.w.org\/{rel}","templated":true}]}}