{"id":12377,"date":"2023-08-21T05:34:47","date_gmt":"2023-08-21T05:34:47","guid":{"rendered":"https:\/\/kraios.app\/news\/ekonomi\/2023\/08\/21\/aycicegini-olumsuz-etkileyen-kuraklik-ureticiyi-celtikte-de-endiselendiriyor\/"},"modified":"2023-08-21T05:34:47","modified_gmt":"2023-08-21T05:34:47","slug":"aycicegini-olumsuz-etkileyen-kuraklik-ureticiyi-celtikte-de-endiselendiriyor","status":"publish","type":"post","link":"https:\/\/kraios.app\/news\/ekonomi\/2023\/08\/21\/aycicegini-olumsuz-etkileyen-kuraklik-ureticiyi-celtikte-de-endiselendiriyor\/","title":{"rendered":"Ay\u00e7i\u00e7e\u011fini olumsuz etkileyen kurakl\u0131k \u00fcreticiyi \u00e7eltikte de endi\u015felendiriyor"},"content":{"rendered":"<p> <br \/>\n<\/p>\n<div>\n<p>T\u00fcm yurtta oldu\u011fu gibi Trakya da kurak y\u0131llar\u0131ndan birini ya\u015f\u0131yor.<\/p>\n<p>Meteoroloji Genel M\u00fcd\u00fcrl\u00fc\u011f\u00fc verilerine g\u00f6re, Marmara B\u00f6lgesi&#8217;nin tar\u0131m sezonunda yer alan 1 Ekim-31 Temmuz&#8217;daki 10 ayl\u0131k d\u00f6nemde ya\u011f\u0131\u015flar, normaline g\u00f6re y\u00fczde 21, ge\u00e7en y\u0131l\u0131n ayn\u0131 d\u00f6nemine g\u00f6re y\u00fczde 18 azalma g\u00f6sterdi.<\/p>\n<blockquote class=\"twitter-tweet\">\n<p dir=\"ltr\" lang=\"tr\">\u275d\u00c7eltikte s\u0131k\u0131nt\u0131 ya\u015fayaca\u011f\u0131z\u275e<\/p>\n<p>Trakya&#8217;da ay\u00e7i\u00e7e\u011fini olumsuz etkileyen kurakl\u0131k \u00fcreticiyi \u00e7eltikte de endi\u015felendiriyor <a href=\"https:\/\/t.co\/LxEKu5Q45J\">https:\/\/t.co\/LxEKu5Q45J<\/a> <a href=\"https:\/\/t.co\/NB6EmFELM9\">pic.twitter.com\/NB6EmFELM9<\/a><\/p>\n<p>\u2014 Anadolu Ajans\u0131 (@anadoluajansi) <a href=\"https:\/\/twitter.com\/anadoluajansi\/status\/1692944519015063758?ref_src=twsrc%5Etfw\">August 19, 2023<\/a><\/p><\/blockquote>\n<p>Bu senenin &#8220;su\/tar\u0131m y\u0131l\u0131&#8221; 10 ayl\u0131k ya\u011f\u0131\u015flar\u0131 Edirne&#8217;de y\u00fczde 40&#8217;a varan azalma g\u00f6sterirken, Tekirda\u011f&#8217;da son 60 y\u0131l\u0131n en d\u00fc\u015f\u00fck ya\u011f\u0131\u015f\u0131 ya\u015fand\u0131.<\/p>\n<p>Kurakl\u0131k \u00f6zellikle ay\u00e7i\u00e7e\u011finde \u00f6nemli verim kay\u0131plar\u0131na yol a\u00e7t\u0131. \u00dclke \u00fcretiminin yakla\u015f\u0131k y\u00fczde 50&#8217;sinin yap\u0131ld\u0131\u011f\u0131 b\u00f6lgede \u00fcretici kurakl\u0131kla birlikte hedef k\u00fc\u00e7\u00fcltt\u00fc.<\/p>\n<p>Tar\u0131m ve Orman Bakanl\u0131\u011f\u0131 2022 verilerine g\u00f6re 28 ilde ekimi yap\u0131lan \u00e7elti\u011fin y\u00fczde 41&#8217;i Edirne&#8217;de \u00fcretiliyor. K\u0131rklareli&#8217;nde \u00fcretime y\u00fczde 1,7&#8217;lik Tekirda\u011f&#8217;da ise y\u00fczde 1,6&#8217;l\u0131k katk\u0131 sa\u011flan\u0131yor.<\/p>\n<p>S\u0131cak g\u00fcnlerin devam etmesi halinde \u00e7eltik \u00fcretiminde de s\u00f6z sahibi Trakya&#8217;da \u00fcretici ay\u00e7i\u00e7e\u011finde ya\u015fad\u0131\u011f\u0131 ak\u0131betin pirin\u00e7 \u00fcretimine de sirayet edece\u011fini d\u00fc\u015f\u00fcn\u00fcyor.<\/p>\n<p><img decoding=\"async\" alt=\"\" src=\"https:\/\/www.aa.com.tr\/uploads\/userFiles\/96f91bbd-282f-4a24-a12c-1b1092cfeb3b\/009_2023%2F05_2023%2F19_Agustos%2F23%2F20230819_2_59936596_92016029.jpg\"\/><\/p>\n<h3>&#8220;\u00c7eltikte s\u0131k\u0131nt\u0131 ya\u015fayaca\u011f\u0131z&#8221;<\/h3>\n<p>K\u0131rklareli Ziraat Odas\u0131 Ba\u015fkan\u0131 Ekrem \u015eaylan, AA muhabirine, bu yaz b\u00f6lgede a\u015f\u0131r\u0131 bir kurakl\u0131\u011f\u0131n ya\u015fand\u0131\u011f\u0131n\u0131n alt\u0131n\u0131 \u00e7izdi.<\/p>\n<p>Kurakl\u0131\u011f\u0131n ba\u015fta ay\u00e7i\u00e7e\u011fini etkiledi\u011fini, ge\u00e7en y\u0131lki rekoltenin yar\u0131s\u0131n\u0131n elde edilece\u011fi y\u00f6n\u00fcnde \u00f6ng\u00f6r\u00fcs\u00fc oldu\u011funu vurgulayan \u015eaylan, kente 2 ayd\u0131r neredeyse ya\u011fmur d\u00fc\u015fmedi\u011fine i\u015faret etti.<\/p>\n<p>Ay\u00e7i\u00e7e\u011finde ya\u015fanan verim kayb\u0131n\u0131n kurakl\u0131\u011fa ba\u011fl\u0131 olarak \u00e7eltikte de ya\u015fanaca\u011f\u0131n\u0131 d\u00fc\u015f\u00fcnd\u00fc\u011f\u00fcn\u00fc ifade eden \u015eaylan, \u015f\u00f6yle konu\u015ftu:<\/p>\n<p>&#8220;\u00c7eltikte de bir s\u0131k\u0131nt\u0131 ya\u015fayaca\u011f\u0131z. Kayal\u0131k\u00f6y Baraj\u0131 s\u0131k\u0131nt\u0131l\u0131, K\u0131rklareli Baraj\u0131 biraz daha idare edebilir. Di\u011fer y\u0131llara g\u00f6re seviye \u00e7ok \u00e7ok d\u00fc\u015f\u00fck. Kayal\u0131k\u00f6y Baraj\u0131ndan suyun kesilmesi nedeniyle K\u0131rklareli\u2019ne ba\u011fl\u0131 beldeler ile Edirne\u2019ye ba\u011fl\u0131 k\u00f6y ve beldelerde \u00e7eltik ekiliyor. Bu \u00e7eltiklerde de muhakkak kurakl\u0131k \u00e7ekilecek. Biz ayn\u0131 zamanda m\u0131s\u0131r \u00fcreticisiyiz de K\u0131rklareli olarak. M\u0131s\u0131rda da b\u00f6yle s\u0131k\u0131nt\u0131 ya\u015fayaca\u011f\u0131z.<\/p>\n<p>\u00c7elti\u011fin can\u0131 su, su olmazsa zaten pirin\u00e7 m\u00fcmk\u00fcn de\u011fil olmaz. Onlar\u0131n da en az 20 g\u00fcn daha sulanmas\u0131 gerekiyor, sulama olarak baraj suyu kesti\u011fine g\u00f6re \u00e7eltikte b\u00fcy\u00fck bir s\u0131k\u0131nt\u0131 ya\u015fanacak \u00f6n\u00fcm\u00fczdeki y\u0131l. \u00dcreticiler tabi bundan etkilenecek.&#8221;<\/p>\n<p><img decoding=\"async\" alt=\"\" src=\"https:\/\/www.aa.com.tr\/uploads\/userFiles\/96f91bbd-282f-4a24-a12c-1b1092cfeb3b\/009_2023%2F05_2023%2F19_Agustos%2F23%2F20230819_2_59936596_92016031.jpg\"\/><\/p>\n<h3>&#8220;Su olmay\u0131nca \u00e7ift\u00e7inin i\u015fi zor&#8221;<\/h3>\n<p>Tekirda\u011f Ziraat Odas\u0131 Ba\u015fkan\u0131 \u0130mdat Sayg\u0131, bu y\u0131l Tekirda\u011f\u2019da s\u0131cakl\u0131klar\u0131n ay\u00e7i\u00e7e\u011fini olumsuz etkiledi\u011fini ifade etti.<\/p>\n<p>Ayn\u0131 s\u0131k\u0131nt\u0131n\u0131n \u00e7elti\u011fe de sirayet etti\u011fini ifade eden Sayg\u0131, &#8220;Su kaynaklar\u0131m\u0131z\u0131n azalmas\u0131 nedeniyle baz\u0131 il\u00e7elerde yap\u0131lan \u00e7eltik ekimi de azald\u0131. Suyun azalmas\u0131 \u00e7eltik \u00fcretimi de etkiledi. \u0130nsanlar varsa su kuyular\u0131 bir \u015fekilde kendi imkanlar\u0131yla sulama yapmaya \u00e7al\u0131\u015f\u0131yor. Su olmay\u0131nca \u00e7ift\u00e7inin i\u015fi zor.&#8221; diye konu\u015ftu.<\/p>\n<h3>&#8220;Sulama konusunda hep korkuyla geldik bu g\u00fcnlere&#8221;<\/h3>\n<p>Edirne Ziraat Odas\u0131 Ba\u015fkan\u0131 H\u00fcseyin Arabac\u0131 da ya\u011f\u0131\u015flar\u0131n taban suyunu dolduramad\u0131\u011f\u0131 i\u00e7in dere, baraj ve nehirlerin istenen seviyeye gelmedi\u011fini s\u00f6yledi.<\/p>\n<p><img decoding=\"async\" alt=\"\" src=\"https:\/\/www.aa.com.tr\/uploads\/userFiles\/96f91bbd-282f-4a24-a12c-1b1092cfeb3b\/009_2023%2F05_2023%2F19_Agustos%2F23%2F20230819_2_59936596_92016032.jpg\"\/><\/p>\n<p>\u00c7eltik sulamas\u0131nda hayati \u00f6nem ta\u015f\u0131yan Tunca ve Meri\u00e7 nehirlerinin s\u0131n\u0131r alt\u0131na d\u00fc\u015fmesinin endi\u015felendirdi\u011fini ifade eden Arabac\u0131, \u015f\u00f6yle konu\u015ftu:<\/p>\n<p>&#8220;\u015eu an bakt\u0131\u011f\u0131m\u0131zda Tunca ve Meri\u00e7 nehrindeki debilerimiz \u00e7eltik ekim d\u00f6neminden bug\u00fcne kadar hep d\u00fc\u015f\u00fck ve s\u0131n\u0131rda gitti. \u00d6zellikle Tunca Nehri&#8217;nde a\u015fa\u011f\u0131 yukar\u0131 d\u00f6rt g\u00fcn kadar debilerimiz 3&#8217;e d\u00fc\u015ft\u00fc bu d\u00f6nemde de bir\u00e7ok \u00fcreticimiz &#8216;pompalar\u0131 \u00e7al\u0131\u015ft\u0131ram\u0131yoruz, su veremiyoruz&#8217; diye beni arad\u0131. Yetkililerle g\u00f6r\u00fc\u015ft\u00fck bir tak\u0131m \u00f6nlemler almaya \u00e7al\u0131\u015ft\u0131k. Bakanl\u0131\u011f\u0131m\u0131za bir tak\u0131m konular iletildi, Bulgaristan&#8217;dan bir miktar en az\u0131ndan s\u0131k\u0131\u015ft\u0131\u011f\u0131m\u0131zda su talep edebilmemizle alakal\u0131 giri\u015fimler yap\u0131ld\u0131.&#8221;<\/p>\n<p>Arabac\u0131, \u015fu an nehirlerdeki seviyenin en az\u0131ndan \u00e7eltik pompalar\u0131na su bas\u0131lacak seviyede oldu\u011funu belirtti.<\/p>\n<p>\u00c7eltik \u00fcreticinin her y\u0131l sulama endi\u015fesi ya\u015fad\u0131\u011f\u0131n\u0131n alt\u0131n\u0131 \u00e7izen Arabac\u0131, \u015funlar\u0131 kaydetti:<\/p>\n<p>&#8220;Sulama konusunda hep korkuyla geldik bu g\u00fcnlere. Yine ayn\u0131 s\u0131k\u0131nt\u0131 ve stresi ya\u015fad\u0131k. B\u00f6lgemizde Tunca Nehri \u00fczerinde \u00c7\u00f6mlekk\u00f6y Baraj\u0131 Projemiz var. 2021&#8217;de Cumhurba\u015fkan\u0131&#8217;m\u0131z\u0131n talimat\u0131yla g\u00fcndeme al\u0131nd\u0131, 2022&#8217;de programa al\u0131nd\u0131, 2023 y\u0131l\u0131nda da ihalesi yap\u0131ld\u0131. Biz \u00fcreticiler olarak bu korkulu r\u00fcyalardan su s\u0131k\u0131nt\u0131s\u0131ndan kurtulmak istiyoruz. Bunun da tek sebebi bizim kendi \u00fclkemizde Bulgaristan s\u0131n\u0131r\u0131ndan sonraki ilk depolama alan\u0131m\u0131zdaki baraj\u0131m\u0131z\u0131 \u00e7ok acil \u015fekilde h\u0131zland\u0131r\u0131p \u00fcreticilerimizi en k\u0131sa zamanda suyla bulu\u015fturmam\u0131z laz\u0131m.&#8221;<\/p>\n<p><img decoding=\"async\" alt=\"\" src=\"https:\/\/www.aa.com.tr\/uploads\/userFiles\/96f91bbd-282f-4a24-a12c-1b1092cfeb3b\/009_2023%2F05_2023%2F19_Agustos%2F23%2F20230819_2_59936596_92016033.jpg\"\/><\/p>\n<p>Edirneli \u00e7eltik \u00fcreticisi G\u00fcrkan \u00d6zkan da olumsuz hava ko\u015fullar\u0131n\u0131n tar\u0131msal \u00fcretimi etkiledi\u011fini ifade etti.<\/p>\n<p>Kurak bir y\u0131l ya\u015fand\u0131\u011f\u0131n\u0131 vurgulayan \u00d6zkan, &#8220;Kurakl\u0131k bu sene bizi a\u015f\u0131r\u0131 derecede etkiledi. Meri\u00e7 Nehri&#8217;nin debisinin d\u00fc\u015f\u00fck olmas\u0131 y\u00fcz\u00fcnden bu y\u0131l \u00e7ok zahmet \u00e7ektik. \u0130n\u015fallah bir aksakl\u0131k olmadan \u00fcr\u00fcnlerimiz hasat ederiz. Gerekli \u00f6nlemlerin al\u0131nmas\u0131yla \u00f6n\u00fcm\u00fczdeki y\u0131llarda sorun ya\u015famay\u0131z diye d\u00fc\u015f\u00fcn\u00fcyorum.&#8221; diye konu\u015ftu.<\/p>\n<p>                            <span class=\"detay-foto-editor\">&#13;<br \/>\n                                <a href=\"https:\/\/www.aa.com.tr\/tr\/p\/abonelik-talep-formu\/1001\" target=\"_blank\" style=\"font-size:12px; color:#444; text-decoration:none;\" rel=\"noopener\">&#13;<br \/>\n                                    Anadolu Ajans\u0131 web sitesinde, AA Haber Ak\u0131\u015f Sistemi (HAS) \u00fczerinden abonelere sunulan haberler, \u00f6zetlenerek yay\u0131mlanmaktad\u0131r. <b style=\"color:#1897F7\">Abonelik i\u00e7in l\u00fctfen ileti\u015fime ge\u00e7iniz.<\/b>&#13;<br \/>\n                                <\/a>&#13;<br \/>\n                            <\/span>\n                        <\/div>\n<p><script async src=\"\/\/platform.twitter.com\/widgets.js\" charset=\"utf-8\"><\/script><script>\n\t  window.fbAsyncInit = function() {\n\t\tFB.init({\n\t\t  appId: '1855843514662870',\n\t\t  status : true, \/\/ check login status\n\t\t  cookie : true, \/\/ enable cookies to allow the server to access the session\n\t\t  xfbml  : true  \/\/ parse XFBML\n\t\t});\n\t  };<\/p>\n<p>\t  (function() {\n\t\tvar e = document.createElement('script');\n\t\te.src=\"https:\/\/connect.facebook.net\/tr_TR\/all.js\";\n\t\te.async = true;\n\t\tdocument.getElementById('fb-root').appendChild(e);\n\t  }());\n    <\/script><br \/>\n<br \/><br \/>\n<br \/><a href=\"https:\/\/www.aa.com.tr\/tr\/ekonomi\/aycicegini-olumsuz-etkileyen-kuraklik-ureticiyi-celtikte-de-endiselendiriyor\/2971614\">Source link <\/a><\/p>\n","protected":false},"excerpt":{"rendered":"<p>T\u00fcm yurtta oldu\u011fu gibi Trakya da kurak y\u0131llar\u0131ndan birini ya\u015f\u0131yor. Meteoroloji Genel M\u00fcd\u00fcrl\u00fc\u011f\u00fc verilerine g\u00f6re, Marmara B\u00f6lgesi&#8217;nin tar\u0131m sezonunda yer alan 1 Ekim-31 Temmuz&#8217;daki 10 ayl\u0131k d\u00f6nemde ya\u011f\u0131\u015flar, normaline g\u00f6re y\u00fczde 21, ge\u00e7en y\u0131l\u0131n ayn\u0131 d\u00f6nemine g\u00f6re y\u00fczde 18 azalma g\u00f6sterdi. \u275d\u00c7eltikte s\u0131k\u0131nt\u0131 ya\u015fayaca\u011f\u0131z\u275e Trakya&#8217;da ay\u00e7i\u00e7e\u011fini olumsuz etkileyen kurakl\u0131k \u00fcreticiyi \u00e7eltikte de endi\u015felendiriyor https:\/\/t.co\/LxEKu5Q45J pic.twitter.com\/NB6EmFELM9 [&hellip;]<\/p>\n","protected":false},"author":1,"featured_media":12378,"comment_status":"","ping_status":"","sticky":false,"template":"","format":"standard","meta":[],"categories":[44],"tags":[],"_links":{"self":[{"href":"https:\/\/kraios.app\/news\/wp-json\/wp\/v2\/posts\/12377"}],"collection":[{"href":"https:\/\/kraios.app\/news\/wp-json\/wp\/v2\/posts"}],"about":[{"href":"https:\/\/kraios.app\/news\/wp-json\/wp\/v2\/types\/post"}],"author":[{"embeddable":true,"href":"https:\/\/kraios.app\/news\/wp-json\/wp\/v2\/users\/1"}],"replies":[{"embeddable":true,"href":"https:\/\/kraios.app\/news\/wp-json\/wp\/v2\/comments?post=12377"}],"version-history":[{"count":0,"href":"https:\/\/kraios.app\/news\/wp-json\/wp\/v2\/posts\/12377\/revisions"}],"wp:featuredmedia":[{"embeddable":true,"href":"https:\/\/kraios.app\/news\/wp-json\/wp\/v2\/media\/12378"}],"wp:attachment":[{"href":"https:\/\/kraios.app\/news\/wp-json\/wp\/v2\/media?parent=12377"}],"wp:term":[{"taxonomy":"category","embeddable":true,"href":"https:\/\/kraios.app\/news\/wp-json\/wp\/v2\/categories?post=12377"},{"taxonomy":"post_tag","embeddable":true,"href":"https:\/\/kraios.app\/news\/wp-json\/wp\/v2\/tags?post=12377"}],"curies":[{"name":"wp","href":"https:\/\/api.w.org\/{rel}","templated":true}]}}