{"id":12365,"date":"2023-08-21T00:20:04","date_gmt":"2023-08-21T00:20:04","guid":{"rendered":"https:\/\/kraios.app\/news\/yasam\/2023\/08\/21\/nemrut-krater-golunde-yuzen-boz-ayilar-goruntulendi\/"},"modified":"2023-08-21T00:20:04","modified_gmt":"2023-08-21T00:20:04","slug":"nemrut-krater-golunde-yuzen-boz-ayilar-goruntulendi","status":"publish","type":"post","link":"https:\/\/kraios.app\/news\/yasam\/2023\/08\/21\/nemrut-krater-golunde-yuzen-boz-ayilar-goruntulendi\/","title":{"rendered":"Nemrut Krater G\u00f6l\u00fc&#039;nde y\u00fczen boz ay\u0131lar g\u00f6r\u00fcnt\u00fclendi"},"content":{"rendered":"<p>Bitlis&#8217;in Tatvan il\u00e7esinde Nemrut Kalderas\u0131&#8217;nda ya\u015fayan boz ay\u0131lar\u0131n, s\u0131cak hava nedeniyle krater g\u00f6l\u00fcnde y\u00fczmeleri kameralara yans\u0131d\u0131.<\/p>\n","protected":false},"excerpt":{"rendered":"<p>Bitlis&#8217;in Tatvan il\u00e7esinde Nemrut Kalderas\u0131&#8217;nda ya\u015fayan boz ay\u0131lar\u0131n, s\u0131cak hava nedeniyle krater g\u00f6l\u00fcnde y\u00fczmeleri kameralara yans\u0131d\u0131.<\/p>\n","protected":false},"author":1,"featured_media":12366,"comment_status":"","ping_status":"","sticky":false,"template":"","format":"standard","meta":[],"categories":[50],"tags":[],"_links":{"self":[{"href":"https:\/\/kraios.app\/news\/wp-json\/wp\/v2\/posts\/12365"}],"collection":[{"href":"https:\/\/kraios.app\/news\/wp-json\/wp\/v2\/posts"}],"about":[{"href":"https:\/\/kraios.app\/news\/wp-json\/wp\/v2\/types\/post"}],"author":[{"embeddable":true,"href":"https:\/\/kraios.app\/news\/wp-json\/wp\/v2\/users\/1"}],"replies":[{"embeddable":true,"href":"https:\/\/kraios.app\/news\/wp-json\/wp\/v2\/comments?post=12365"}],"version-history":[{"count":0,"href":"https:\/\/kraios.app\/news\/wp-json\/wp\/v2\/posts\/12365\/revisions"}],"wp:featuredmedia":[{"embeddable":true,"href":"https:\/\/kraios.app\/news\/wp-json\/wp\/v2\/media\/12366"}],"wp:attachment":[{"href":"https:\/\/kraios.app\/news\/wp-json\/wp\/v2\/media?parent=12365"}],"wp:term":[{"taxonomy":"category","embeddable":true,"href":"https:\/\/kraios.app\/news\/wp-json\/wp\/v2\/categories?post=12365"},{"taxonomy":"post_tag","embeddable":true,"href":"https:\/\/kraios.app\/news\/wp-json\/wp\/v2\/tags?post=12365"}],"curies":[{"name":"wp","href":"https:\/\/api.w.org\/{rel}","templated":true}]}}