{"id":12349,"date":"2023-08-20T17:49:16","date_gmt":"2023-08-20T17:49:16","guid":{"rendered":"https:\/\/kraios.app\/news\/ekonomi\/2023\/08\/20\/kamu-toplu-sozlesme-gorusmelerinde-muzakere-sureci-sona-eriyor\/"},"modified":"2023-08-20T17:49:16","modified_gmt":"2023-08-20T17:49:16","slug":"kamu-toplu-sozlesme-gorusmelerinde-muzakere-sureci-sona-eriyor","status":"publish","type":"post","link":"https:\/\/kraios.app\/news\/ekonomi\/2023\/08\/20\/kamu-toplu-sozlesme-gorusmelerinde-muzakere-sureci-sona-eriyor\/","title":{"rendered":"Kamu toplu s\u00f6zle\u015fme g\u00f6r\u00fc\u015fmelerinde m\u00fczakere s\u00fcreci sona eriyor"},"content":{"rendered":"<p> <br \/>\n<\/p>\n<div>\n<p>Memur ve memur emeklilerinin 2024-2025 y\u0131llar\u0131ndaki mali ve sosyal haklar\u0131n\u0131n belirlenece\u011fi 7. D\u00f6nem Kamu Toplu S\u00f6zle\u015fmesi g\u00f6r\u00fc\u015fmelerinde m\u00fczakereler 22 A\u011fustos&#8217;ta sona erecek. Bu tarihe kadar taraflar aras\u0131nda uzla\u015fma sa\u011flanamamas\u0131 halinde Kamu G\u00f6revlileri Hakem Kurulu s\u00fcreci ba\u015flayacak.<\/p>\n<p>Yakla\u015f\u0131k 4 milyon memur ve 2,5 milyon memur emeklisini ilgilendiren toplu s\u00f6zle\u015fme g\u00f6r\u00fc\u015fmelerinde 1 A\u011fustos&#8217;ta ba\u015flayan s\u00fcre\u00e7 \u00c7al\u0131\u015fma ve Sosyal G\u00fcvenlik Bakanl\u0131\u011f\u0131n\u0131n ev sahipli\u011finde devam ediyor.<\/p>\n<p>G\u00f6r\u00fc\u015fmelerde h\u00fck\u00fcmeti temsil eden Kamu \u0130\u015fveren Heyetinin 14 A\u011fustos&#8217;ta ilk zam teklifini sunmas\u0131yla ba\u015flayan pazarl\u0131klar, 17 A\u011fustos&#8217;taki ikinci teklifle yo\u011funla\u015ft\u0131.<\/p>\n<p>Kamu \u0130\u015fveren Heyetinin son yapt\u0131\u011f\u0131 2024&#8217;\u00fcn ilk alt\u0131 ay\u0131nda y\u00fczde 15, ikinci alt\u0131 ay\u0131nda y\u00fczde 10, 2025&#8217;in ilk alt\u0131 ay\u0131nda y\u00fczde 6 ve ikinci alt\u0131 ay\u0131nda 5&#8217;ten olu\u015fan zam teklifini yeterli bulmayan sendikalar, yeni teklif beklemeye ba\u015flad\u0131.<\/p>\n<h3>Anla\u015fma sa\u011flanamazsa zamm\u0131 Hakem Kurulu belirleyecek<\/h3>\n<p>Belirlenen takvim gere\u011fi m\u00fczakere s\u00fcrecinin 22 A\u011fustos&#8217;ta sona erece\u011fi toplu s\u00f6zle\u015fmesi g\u00f6r\u00fc\u015fmelerinde, g\u00f6zler Kamu \u0130\u015fveren Heyetinin yapaca\u011f\u0131 yeni tekliflere \u00e7evrildi.<\/p>\n<p>Bu tarihe kadar taraflar aras\u0131nda uzla\u015fma sa\u011flanamamas\u0131 halinde g\u00f6r\u00fc\u015fmelerde Kamu G\u00f6revlileri Hakem Kurulu s\u00fcreci ba\u015flayacak.<\/p>\n<p>Y\u00fcksek yarg\u0131 mensubu, b\u00fcrokrat, sendikac\u0131 ve akademisyenlerden olu\u015fan 11 ki\u015filik Kurul, toplu s\u00f6zle\u015fmeye dair nihai karar\u0131n\u0131 31 A\u011fustos&#8217;a kadar verecek.<\/p>\n<h3>Memur-Sen 2024 y\u0131l\u0131 i\u00e7in y\u00fczde 70 zam talep etmi\u015fti<\/h3>\n<p>Toplu s\u00f6zle\u015fme masas\u0131nda yetkili konfederasyon olarak yer alan Memur-Sen, 2024 i\u00e7in \u00fc\u00e7er ayl\u0131k d\u00f6nemler halinde, refah pay\u0131 dahil birinci 3 ayda y\u00fczde 35, ikinci 3 ayda y\u00fczde 10, \u00fc\u00e7\u00fcnc\u00fc 3 ayda y\u00fczde 15, d\u00f6rd\u00fcnc\u00fc 3 ayda y\u00fczde 10 art\u0131\u015f istemi\u015fti.<\/p>\n<p>Konfederasyon, 2025 i\u00e7in ise 6&#8217;\u015far ayl\u0131k d\u00f6nemler halinde, refah pay\u0131 dahil birinci 6 ayda y\u00fczde 25 ve ikinci 6 ayda y\u00fczde 15 zam talep etmi\u015fti.<\/p>\n<p>                            <span class=\"detay-foto-editor\">&#13;<br \/>\n                                <a href=\"https:\/\/www.aa.com.tr\/tr\/p\/abonelik-talep-formu\/1001\" target=\"_blank\" style=\"font-size:12px; color:#444; text-decoration:none;\" rel=\"noopener\">&#13;<br \/>\n                                    Anadolu Ajans\u0131 web sitesinde, AA Haber Ak\u0131\u015f Sistemi (HAS) \u00fczerinden abonelere sunulan haberler, \u00f6zetlenerek yay\u0131mlanmaktad\u0131r. <b style=\"color:#1897F7\">Abonelik i\u00e7in l\u00fctfen ileti\u015fime ge\u00e7iniz.<\/b>&#13;<br \/>\n                                <\/a>&#13;<br \/>\n                            <\/span>\n                        <\/div>\n<p><script>\n\t  window.fbAsyncInit = function() {\n\t\tFB.init({\n\t\t  appId: '1855843514662870',\n\t\t  status : true, \/\/ check login status\n\t\t  cookie : true, \/\/ enable cookies to allow the server to access the session\n\t\t  xfbml  : true  \/\/ parse XFBML\n\t\t});\n\t  };<\/p>\n<p>\t  (function() {\n\t\tvar e = document.createElement('script');\n\t\te.src=\"https:\/\/connect.facebook.net\/tr_TR\/all.js\";\n\t\te.async = true;\n\t\tdocument.getElementById('fb-root').appendChild(e);\n\t  }());\n    <\/script><br \/>\n<br \/><br \/>\n<br \/><a href=\"https:\/\/www.aa.com.tr\/tr\/ekonomi\/kamu-toplu-sozlesme-gorusmelerinde-muzakere-sureci-sona-eriyor\/2971972\">Source link <\/a><\/p>\n","protected":false},"excerpt":{"rendered":"<p>Memur ve memur emeklilerinin 2024-2025 y\u0131llar\u0131ndaki mali ve sosyal haklar\u0131n\u0131n belirlenece\u011fi 7. D\u00f6nem Kamu Toplu S\u00f6zle\u015fmesi g\u00f6r\u00fc\u015fmelerinde m\u00fczakereler 22 A\u011fustos&#8217;ta sona erecek. Bu tarihe kadar taraflar aras\u0131nda uzla\u015fma sa\u011flanamamas\u0131 halinde Kamu G\u00f6revlileri Hakem Kurulu s\u00fcreci ba\u015flayacak. Yakla\u015f\u0131k 4 milyon memur ve 2,5 milyon memur emeklisini ilgilendiren toplu s\u00f6zle\u015fme g\u00f6r\u00fc\u015fmelerinde 1 A\u011fustos&#8217;ta ba\u015flayan s\u00fcre\u00e7 \u00c7al\u0131\u015fma ve [&hellip;]<\/p>\n","protected":false},"author":1,"featured_media":12350,"comment_status":"","ping_status":"","sticky":false,"template":"","format":"standard","meta":[],"categories":[44],"tags":[],"_links":{"self":[{"href":"https:\/\/kraios.app\/news\/wp-json\/wp\/v2\/posts\/12349"}],"collection":[{"href":"https:\/\/kraios.app\/news\/wp-json\/wp\/v2\/posts"}],"about":[{"href":"https:\/\/kraios.app\/news\/wp-json\/wp\/v2\/types\/post"}],"author":[{"embeddable":true,"href":"https:\/\/kraios.app\/news\/wp-json\/wp\/v2\/users\/1"}],"replies":[{"embeddable":true,"href":"https:\/\/kraios.app\/news\/wp-json\/wp\/v2\/comments?post=12349"}],"version-history":[{"count":0,"href":"https:\/\/kraios.app\/news\/wp-json\/wp\/v2\/posts\/12349\/revisions"}],"wp:featuredmedia":[{"embeddable":true,"href":"https:\/\/kraios.app\/news\/wp-json\/wp\/v2\/media\/12350"}],"wp:attachment":[{"href":"https:\/\/kraios.app\/news\/wp-json\/wp\/v2\/media?parent=12349"}],"wp:term":[{"taxonomy":"category","embeddable":true,"href":"https:\/\/kraios.app\/news\/wp-json\/wp\/v2\/categories?post=12349"},{"taxonomy":"post_tag","embeddable":true,"href":"https:\/\/kraios.app\/news\/wp-json\/wp\/v2\/tags?post=12349"}],"curies":[{"name":"wp","href":"https:\/\/api.w.org\/{rel}","templated":true}]}}