{"id":12339,"date":"2023-08-20T15:03:35","date_gmt":"2023-08-20T15:03:35","guid":{"rendered":"https:\/\/kraios.app\/news\/ekonomi\/2023\/08\/20\/bitliste-atil-durumdaki-40-bin-dekar-alandan-16-bin-500-dekari-uretime-kazandirildi\/"},"modified":"2023-08-20T15:03:35","modified_gmt":"2023-08-20T15:03:35","slug":"bitliste-atil-durumdaki-40-bin-dekar-alandan-16-bin-500-dekari-uretime-kazandirildi","status":"publish","type":"post","link":"https:\/\/kraios.app\/news\/ekonomi\/2023\/08\/20\/bitliste-atil-durumdaki-40-bin-dekar-alandan-16-bin-500-dekari-uretime-kazandirildi\/","title":{"rendered":"Bitlis&#8217;te at\u0131l durumdaki 40 bin dekar alandan 16 bin 500 dekar\u0131 \u00fcretime kazand\u0131r\u0131ld\u0131"},"content":{"rendered":"<p> <br \/>\n<\/p>\n<div>\n<p>Tar\u0131m ve Orman Bakanl\u0131\u011f\u0131 Bitkisel \u00dcretim Genel M\u00fcd\u00fcrl\u00fc\u011f\u00fcnce y\u00fcr\u00fct\u00fclen Tar\u0131m Arazilerinin Kullan\u0131m\u0131n\u0131n Etkinle\u015ftirilmesi (TAKE) Projesi kapsam\u0131nda, Bitlis&#8217;te bu y\u0131l at\u0131l durumdaki 16 bin 500 dekar arazide \u00e7ift\u00e7iler \u00fcretim yapmaya ba\u015flad\u0131.<\/p>\n<p>&#8220;Dane Dane Fasulye&#8221;, &#8220;Bitlis&#8217;in Ovalar\u0131 Domates, Biber Patl\u0131can ile Ye\u015filleniyor&#8221;, &#8220;A\u015f\u0131l\u0131 Ceviz Alt\u0131n Ceviz&#8221;, &#8220;Tarlalar S\u00fcr\u00fcls\u00fcn Ba\u015faklar B\u00fcy\u00fcs\u00fcn&#8221; ve &#8220;Nohut Yeti\u015ftiricili\u011finin Geli\u015ftirilmesi&#8221; gibi projeleri hayata ge\u00e7iren \u0130l Tar\u0131m ve Orman M\u00fcd\u00fcrl\u00fc\u011f\u00fc, \u00e7ift\u00e7ilere y\u00fczde 75 hibeyle sertifikal\u0131 tohum ve fide deste\u011fi sa\u011flad\u0131.<\/p>\n<p><img decoding=\"async\" alt=\"\" src=\"https:\/\/www.aa.com.tr\/uploads\/userFiles\/9c85db40-ef31-40fe-a989-05c7e506d5d0\/08_2023%2F20082023%2FBI%3FTLI%3FS2_.jpg\"\/><img decoding=\"async\" alt=\"\" src=\"https:\/\/www.aa.com.tr\/uploads\/userFiles\/9c85db40-ef31-40fe-a989-05c7e506d5d0\/08_2023%2F20082023%2FB2_.jpg\"\/><\/p>\n<p>Ald\u0131klar\u0131 desteklerle kent merkezi ve il\u00e7elerdeki bir\u00e7ok arazide ekim yapan \u00e7ift\u00e7ilerin hasat ettikleri \u00fcr\u00fcnlerden ekonomiye 105 milyon lira gelir sa\u011flanmas\u0131 bekleniyor. <\/p>\n<p>Tar\u0131m ve Orman \u0130l M\u00fcd\u00fcr\u00fc R\u0131fat \u00c7elik, AA muhabirine, Tar\u0131m ve Orman Bakanl\u0131\u011f\u0131 Bitkisel \u00dcretim Genel M\u00fcd\u00fcrl\u00fc\u011f\u00fcn\u00fcn ba\u015flatt\u0131\u011f\u0131 TAKE projesinin kentte de verimli \u015fekilde uyguland\u0131\u011f\u0131n\u0131 s\u00f6yledi.<\/p>\n<p>Y\u00fcr\u00fctt\u00fckleri \u00e7al\u0131\u015fmalar sonucu 2022&#8217;de sistemde tespit ettikleri 40 bin dekara yak\u0131n at\u0131l arazinin tar\u0131ma kazand\u0131r\u0131lmas\u0131 i\u00e7in \u00e7al\u0131\u015fma y\u00fcr\u00fctt\u00fcklerini anlatan \u00c7elik, \u015f\u00f6yle konu\u015ftu:<\/p>\n<p>&#8220;Bu\u011fday alanlar\u0131m\u0131z\u0131 geni\u015fletmek i\u00e7in haz\u0131rlad\u0131\u011f\u0131m\u0131z projeyi Bakanl\u0131\u011f\u0131m\u0131za sunduk. Y\u00fczde 75&#8217;i hibeyle 126 bin 500 kilogram sertifikal\u0131 bu\u011fday tohumu da\u011f\u0131tt\u0131k. Ekilen 8 bin 300 dekara yak\u0131n alandan iyi verim elde ettik. \u0130limiz tarla sebzecili\u011finde de \u00f6nder illerden biri olmaya ba\u015flad\u0131. Projeyle ald\u0131\u011f\u0131m\u0131z 456 bin domates, biber ve patl\u0131can fidesini \u00e7ift\u00e7ilerimize da\u011f\u0131tarak 240 dekarda sebzecili\u011fi te\u015fvik ettik. Nohut yeti\u015ftiricili\u011fini te\u015fvik etmek i\u00e7in ald\u0131\u011f\u0131m\u0131z 3 tona yak\u0131n sertifikal\u0131 tohumu G\u00fcroymak&#8217;ta 200 dekarda ektik. Bu \u00e7ift\u00e7ilerimize makine ekipman deste\u011fi de verdik. Hizan&#8217;da da verimi d\u00fc\u015f\u00fck ve ekonomik de\u011feri olmayan yakla\u015f\u0131k 500 at\u0131l ceviz a\u011fac\u0131na 2 bin kalem a\u015f\u0131s\u0131 yaparak bunlar\u0131 katma de\u011fere d\u00f6n\u00fc\u015ft\u00fcrd\u00fck ve ekonomik verimlili\u011fini art\u0131rd\u0131k.&#8221;<\/p>\n<p><img decoding=\"async\" alt=\"\" src=\"https:\/\/www.aa.com.tr\/uploads\/userFiles\/9c85db40-ef31-40fe-a989-05c7e506d5d0\/08_2023%2F20082023%2FB1_.jpg\"\/><\/p>\n<h3>&#8220;T\u00fcm arazilerin \u00fcretime kazand\u0131r\u0131lmas\u0131 i\u00e7in \u00e7aba g\u00f6steriyoruz&#8221;<\/h3>\n<p>\u00c7elik, TAKE projesiyle at\u0131l arazilerin \u00fcretime kazand\u0131r\u0131lmas\u0131n\u0131n gen\u00e7lere istihdam, \u00e7ift\u00e7ilere de ekim alan\u0131 yaratt\u0131\u011f\u0131n\u0131 belirterek, yap\u0131lan \u00fcretimle hem kent hem de \u00fclke ekonomisine katk\u0131 sa\u011fland\u0131\u011f\u0131n\u0131 kaydetti.<\/p>\n<p>\u00dcretimin artmas\u0131 i\u00e7in haz\u0131rlad\u0131klar\u0131 5 proje i\u00e7in 6 milyon liradan fazla b\u00fct\u00e7e kulland\u0131klar\u0131n\u0131 dile getiren \u00c7elik, \u015f\u00f6yle devam etti:<\/p>\n<p>&#8220;Bu projelerle ilimizde yakla\u015f\u0131k 40 bin dekarl\u0131k at\u0131l tar\u0131m arazisinden 16 bin 500 d\u00f6n\u00fcm\u00fcn\u00fc bu y\u0131l \u00fcretime kazand\u0131rd\u0131k. Ektik bi\u00e7tik. Baz\u0131lar\u0131n\u0131n hasad\u0131 yap\u0131ld\u0131, baz\u0131lar\u0131n\u0131n da hasat d\u00f6nemi var. Projelerimizi takip ediyoruz. Projelerimiz i\u00e7in kulland\u0131\u011f\u0131m\u0131z b\u00fct\u00e7enin d\u00f6n\u00fc\u015f\u00fcm\u00fc 105 milyon lira civar\u0131nda olacak. Hem \u00e7ift\u00e7inin b\u00fct\u00e7esine hem de ilimizin ve \u00fclkemizin ekonomisine katk\u0131s\u0131 olacak. Sahadaki g\u00f6zlemlerimizde tohum verdi\u011fimiz veya a\u015f\u0131lar\u0131n\u0131 yapt\u0131\u011f\u0131m\u0131z \u00e7ift\u00e7ilerimiz, bundan memnun olduklar\u0131n\u0131 ve devlet deste\u011fi olmadan b\u00f6yle bir \u00fcretimin olmayaca\u011f\u0131n\u0131 s\u00f6ylediler. Bu bizi ziyadesiyle mutlu etti.&#8221;<\/p>\n<p>\u00c7elik, t\u00fcm arazilerin \u00fcretime kazand\u0131r\u0131lmas\u0131 i\u00e7in \u00e7aba g\u00f6sterdiklerini vurgulayarak, &#8220;Say\u0131n Cumhurba\u015fkan\u0131m\u0131z\u0131n ve Bakan\u0131m\u0131z\u0131n talimat\u0131 var. TAKE projesi kapsam\u0131ndaki hibelerden faydalanmak i\u00e7in 2024 y\u0131l\u0131n\u0131n \u00fcretim sezonu i\u00e7in projeler haz\u0131rlad\u0131k. Bu projeler art\u0131k s\u00fcreklilik arz edecek. \u0130nan\u0131yorum ki 2 y\u0131l i\u00e7inde ilimizde bir dekar bile bo\u015f arazi kalmayacak.&#8221; dedi.<\/p>\n<p><img decoding=\"async\" alt=\"\" src=\"https:\/\/www.aa.com.tr\/uploads\/userFiles\/9c85db40-ef31-40fe-a989-05c7e506d5d0\/08_2023%2F20082023%2FB3_.jpg\"\/><\/p>\n<h3>&#8220;Bu i\u015fe ba\u015flad\u0131\u011f\u0131m i\u00e7in pi\u015fman de\u011filim&#8221;<\/h3>\n<p>2 bin 500 d\u00f6n\u00fcm araziye fasulye eken \u00e7ift\u00e7i Nurullah Ta\u015f ise \u00f6nceden at\u0131l durumda olan arazilerinde Bakanl\u0131\u011f\u0131n uygulad\u0131\u011f\u0131 TAKE projesinden faydalanarak tekrar ekim yapt\u0131\u011f\u0131n\u0131 s\u00f6yledi.<\/p>\n<p>Bu y\u0131l verimin iyi oldu\u011funu ifade eden Ta\u015f, &#8220;Eme\u011fimizin kar\u015f\u0131l\u0131\u011f\u0131n\u0131 alaca\u011f\u0131m\u0131z\u0131 d\u00fc\u015f\u00fcn\u00fcyorum. 2 bin 500 d\u00f6n\u00fcme yak\u0131n araziyi sulak alana \u00e7evirerek tar\u0131ma kazand\u0131rd\u0131k. Bu sayede il\u00e7emizden \u00e7al\u0131\u015fmak i\u00e7in gurbete giden gen\u00e7ler ve \u00e7al\u0131\u015fanlar yan\u0131m\u0131zda i\u015fe ba\u015flad\u0131. \u0130l\u00e7emizin kalk\u0131nmas\u0131 ve tar\u0131m alan\u0131nda b\u00fcy\u00fcmesi i\u00e7in de \u00e7aba sarf ediyoruz. Tar\u0131ma kazand\u0131rd\u0131\u011f\u0131m\u0131z 2 bin 500 d\u00f6n\u00fcmde kuru fasulye ekimi yaparak bu i\u015fe ba\u015flad\u0131k. Bu i\u015fe ba\u015flad\u0131\u011f\u0131m i\u00e7in pi\u015fman de\u011filim. Herkese tavsiyem at\u0131l durumdaki arazileri tar\u0131ma kazand\u0131ral\u0131m, Bakanl\u0131\u011f\u0131m\u0131z\u0131n verdi\u011fi hibelerden faydalanal\u0131m.&#8221; diye konu\u015ftu.<\/p>\n<p>                            <span class=\"detay-foto-editor\">&#13;<br \/>\n                                <a href=\"https:\/\/www.aa.com.tr\/tr\/p\/abonelik-talep-formu\/1001\" target=\"_blank\" style=\"font-size:12px; color:#444; text-decoration:none;\" rel=\"noopener\">&#13;<br \/>\n                                    Anadolu Ajans\u0131 web sitesinde, AA Haber Ak\u0131\u015f Sistemi (HAS) \u00fczerinden abonelere sunulan haberler, \u00f6zetlenerek yay\u0131mlanmaktad\u0131r. <b style=\"color:#1897F7\">Abonelik i\u00e7in l\u00fctfen ileti\u015fime ge\u00e7iniz.<\/b>&#13;<br \/>\n                                <\/a>&#13;<br \/>\n                            <\/span>\n                        <\/div>\n<p><script>\n\t  window.fbAsyncInit = function() {\n\t\tFB.init({\n\t\t  appId: '1855843514662870',\n\t\t  status : true, \/\/ check login status\n\t\t  cookie : true, \/\/ enable cookies to allow the server to access the session\n\t\t  xfbml  : true  \/\/ parse XFBML\n\t\t});\n\t  };<\/p>\n<p>\t  (function() {\n\t\tvar e = document.createElement('script');\n\t\te.src=\"https:\/\/connect.facebook.net\/tr_TR\/all.js\";\n\t\te.async = true;\n\t\tdocument.getElementById('fb-root').appendChild(e);\n\t  }());\n    <\/script><br \/>\n<br \/><br \/>\n<br \/><a href=\"https:\/\/www.aa.com.tr\/tr\/ekonomi\/bitliste-atil-durumdaki-40-bin-dekar-alandan-16-bin-500-dekari-uretime-kazandirildi\/2971983\">Source link <\/a><\/p>\n","protected":false},"excerpt":{"rendered":"<p>Tar\u0131m ve Orman Bakanl\u0131\u011f\u0131 Bitkisel \u00dcretim Genel M\u00fcd\u00fcrl\u00fc\u011f\u00fcnce y\u00fcr\u00fct\u00fclen Tar\u0131m Arazilerinin Kullan\u0131m\u0131n\u0131n Etkinle\u015ftirilmesi (TAKE) Projesi kapsam\u0131nda, Bitlis&#8217;te bu y\u0131l at\u0131l durumdaki 16 bin 500 dekar arazide \u00e7ift\u00e7iler \u00fcretim yapmaya ba\u015flad\u0131. &#8220;Dane Dane Fasulye&#8221;, &#8220;Bitlis&#8217;in Ovalar\u0131 Domates, Biber Patl\u0131can ile Ye\u015filleniyor&#8221;, &#8220;A\u015f\u0131l\u0131 Ceviz Alt\u0131n Ceviz&#8221;, &#8220;Tarlalar S\u00fcr\u00fcls\u00fcn Ba\u015faklar B\u00fcy\u00fcs\u00fcn&#8221; ve &#8220;Nohut Yeti\u015ftiricili\u011finin Geli\u015ftirilmesi&#8221; gibi projeleri hayata [&hellip;]<\/p>\n","protected":false},"author":1,"featured_media":12340,"comment_status":"","ping_status":"","sticky":false,"template":"","format":"standard","meta":[],"categories":[44],"tags":[],"_links":{"self":[{"href":"https:\/\/kraios.app\/news\/wp-json\/wp\/v2\/posts\/12339"}],"collection":[{"href":"https:\/\/kraios.app\/news\/wp-json\/wp\/v2\/posts"}],"about":[{"href":"https:\/\/kraios.app\/news\/wp-json\/wp\/v2\/types\/post"}],"author":[{"embeddable":true,"href":"https:\/\/kraios.app\/news\/wp-json\/wp\/v2\/users\/1"}],"replies":[{"embeddable":true,"href":"https:\/\/kraios.app\/news\/wp-json\/wp\/v2\/comments?post=12339"}],"version-history":[{"count":0,"href":"https:\/\/kraios.app\/news\/wp-json\/wp\/v2\/posts\/12339\/revisions"}],"wp:featuredmedia":[{"embeddable":true,"href":"https:\/\/kraios.app\/news\/wp-json\/wp\/v2\/media\/12340"}],"wp:attachment":[{"href":"https:\/\/kraios.app\/news\/wp-json\/wp\/v2\/media?parent=12339"}],"wp:term":[{"taxonomy":"category","embeddable":true,"href":"https:\/\/kraios.app\/news\/wp-json\/wp\/v2\/categories?post=12339"},{"taxonomy":"post_tag","embeddable":true,"href":"https:\/\/kraios.app\/news\/wp-json\/wp\/v2\/tags?post=12339"}],"curies":[{"name":"wp","href":"https:\/\/api.w.org\/{rel}","templated":true}]}}