{"id":12329,"date":"2023-08-20T14:20:04","date_gmt":"2023-08-20T14:20:04","guid":{"rendered":"https:\/\/kraios.app\/news\/ekonomi\/2023\/08\/20\/antalyanin-bati-ilcelerinde-tropik-meyve-uretmek-icin-kumlucada-merkez-kuruldu\/"},"modified":"2023-08-20T14:20:04","modified_gmt":"2023-08-20T14:20:04","slug":"antalyanin-bati-ilcelerinde-tropik-meyve-uretmek-icin-kumlucada-merkez-kuruldu","status":"publish","type":"post","link":"https:\/\/kraios.app\/news\/ekonomi\/2023\/08\/20\/antalyanin-bati-ilcelerinde-tropik-meyve-uretmek-icin-kumlucada-merkez-kuruldu\/","title":{"rendered":"Antalya&#8217;n\u0131n bat\u0131 il\u00e7elerinde tropik meyve \u00fcretmek i\u00e7in Kumluca&#8217;da merkez kuruldu"},"content":{"rendered":"<p> <br \/>\n<\/p>\n<div>\n<p>Antalya&#8217;n\u0131n Kumluca il\u00e7esinde kurulan Bat\u0131 Antalya Tropik Meyve \u00dcretim ve Yayg\u0131nla\u015ft\u0131rma Merkezi&#8217;nde b\u00f6lgeye uygun tropik meyve t\u00fcrlerinin yeti\u015ftirilmesi planlan\u0131yor.<\/p>\n<p>Antalya&#8217;n\u0131n Manavgat, Alanya ve Gazipa\u015fa gibi do\u011fusunda bulunan baz\u0131 il\u00e7elerde \u00fcreticiler, son y\u0131llarda b\u00f6lge ikliminin uygunlu\u011fu dolay\u0131s\u0131yla y\u00fcksek verim ve gelir elde etmek i\u00e7in tropikal bitkilere y\u00f6neldi.<\/p>\n<p>B\u00f6lgede \u00e7ok say\u0131da tropik meyvenin yeti\u015ftirilmesi ve ihra\u00e7 edilmeye ba\u015flanmas\u0131n\u0131n ard\u0131ndan kentin bat\u0131s\u0131nda bulunan il\u00e7elerde de tropikal meyve yeti\u015ftirmek i\u00e7in \u00e7al\u0131\u015fma ba\u015flat\u0131ld\u0131.<\/p>\n<p><img decoding=\"async\" alt=\"\" src=\"https:\/\/www.aa.com.tr\/uploads\/userFiles\/9c85db40-ef31-40fe-a989-05c7e506d5d0\/08_2023%2F20082023%2Fantalya1_.jpg\"\/><\/p>\n<p>Bu kapsamda Bat\u0131 Akdeniz Kalk\u0131nma Ajans\u0131, Kumluca Ticaret ve Sanayi Odas\u0131, Antalya \u0130l Tar\u0131m ve Orman M\u00fcd\u00fcrl\u00fc\u011f\u00fc ve Akdeniz \u00dcniversitesinin i\u015fbirli\u011fi ile Kumluca Meslek Y\u00fcksekokulu bah\u00e7esinde 5 ay \u00f6nce Bat\u0131 Antalya Tropik Meyve \u00dcretim ve Yayg\u0131nla\u015ft\u0131rma Merkezi kuruldu.<\/p>\n<p>B\u00f6lgenin tar\u0131msal \u00fcretim gelirine katk\u0131 sa\u011flayacak merkezin ara\u015ft\u0131rma ve geli\u015ftirme yap\u0131labilmesi i\u00e7in de 4&#8217;er dekar bah\u00e7e ve modern sera olu\u015fturuldu.<\/p>\n<p>Merkez ile Kumluca, Finike, Demre ve Ka\u015f&#8217;ta tar\u0131msal \u00fcr\u00fcn \u00e7e\u015fitlili\u011finin art\u0131r\u0131lmas\u0131 ve tropik bitki ekiminin yayg\u0131nla\u015ft\u0131r\u0131lmas\u0131 hedefleniyor.<\/p>\n<p><img decoding=\"async\" alt=\"\" src=\"https:\/\/www.aa.com.tr\/uploads\/userFiles\/9c85db40-ef31-40fe-a989-05c7e506d5d0\/08_2023%2F20082023%2Fantalya2_.jpg\"\/><\/p>\n<h3>&#8220;Tropik 1200 t\u00fcr var&#8221;<\/h3>\n<p>Akdeniz \u00dcniversitesi Kumluca Meslek Y\u00fcksekokulu \u00d6\u011fretim G\u00f6revlisi Lokman Alt\u0131nkaya, AA muhabirine, merkez b\u00fcnyesinde doku \u00e7al\u0131\u015fmalar\u0131n\u0131n yap\u0131laca\u011f\u0131 tropik meyve ara\u015ft\u0131rma laboratuvar\u0131n\u0131n da kuruldu\u011funu s\u00f6yledi.<\/p>\n<p>Merkezde tropik meyve yeti\u015ftiricili\u011fine y\u00f6nelik bilimsel \u00e7al\u0131\u015fmalar\u0131n y\u00fcr\u00fct\u00fclece\u011fini belirten Alt\u0131nkaya, \u015funlar\u0131 kaydetti:<\/p>\n<p>&#8220;Bu projeyi \u00e7ok \u00f6nemsiyoruz \u00e7\u00fcnk\u00fc tropik meyve yeni bir alan. Burada bilgi kirlili\u011fi \u00e7ok fazla. Bilimsel \u00e7al\u0131\u015fmalarla bilgi kirlili\u011finin \u00f6n\u00fcne ge\u00e7meye \u00e7al\u0131\u015f\u0131yoruz. H\u0131zl\u0131 hareket etmek istemiyoruz sa\u011flam g\u00fcvenilir ad\u0131mlarla bilimsel konulara dayand\u0131rd\u0131\u011f\u0131m\u0131z tecr\u00fcbelerimizle sa\u011flam temeller olu\u015fturmaya \u00e7al\u0131\u015f\u0131yoruz. Tropik meyve dedi\u011fimizde sadece muz ve birka\u00e7 meyve akl\u0131m\u0131za geliyor. Tropik 1200 t\u00fcr var. Bunlar aras\u0131nda b\u00f6lgemize uygun en iyilerini se\u00e7meye \u00e7al\u0131\u015faca\u011f\u0131z.&#8221;<\/p>\n<p>B\u00f6lgede katma de\u011feri y\u00fcksek tropik meyve t\u00fcrlerinin \u00fcretimini sa\u011flamak istediklerini anlatan Alt\u0131nkaya, her y\u0131l yeni t\u00fcrleri adapte ederek geli\u015ftireceklerini bildirdi.<\/p>\n<p>Do\u011fru \u00fcretimin \u00f6nemine i\u015faret eden Alt\u0131nkaya, &#8220;Bu \u00e7al\u0131\u015fmayla \u00fcreticilerimize alternatif \u00fcr\u00fcn sunmak istiyoruz. Projemizdeki ama\u00e7 iklimler yo\u011fun \u015fekilde de\u011fi\u015fmeye devam ediyor, bunu g\u00f6zlemliyoruz. 15-20 y\u0131l sonraki s\u00fcre\u00e7te farkl\u0131 iklimsel durum olu\u015ftu\u011funda 15 y\u0131ll\u0131k s\u00fcre\u00e7te &#8216;\u015fu t\u00fcrler \u015fu iklimsel de\u011ferlerde yeti\u015ftirilmeye haz\u0131r, kullanabilirsiniz&#8217; diyece\u011fiz. Asl\u0131nda gelece\u011fe y\u00f6n verecek \u015fekilde tar\u0131m politikas\u0131 olu\u015fturmaya \u00e7al\u0131\u015f\u0131yoruz.&#8221; dedi.<\/p>\n<p>B\u00f6lgede domates, biber, salatal\u0131k, patl\u0131can, turun\u00e7giller gibi geleneksel \u00fcr\u00fcnlerin yo\u011funlukla yeti\u015ftirildi\u011fine dikkati \u00e7eken Alt\u0131nkaya, projeyle \u00fcniversite ve \u00e7ift\u00e7inin el ele vererek tropik meyve yeti\u015ftiricili\u011finin b\u00f6lgede artaca\u011f\u0131na inand\u0131\u011f\u0131n\u0131 kaydetti.<\/p>\n<h3>17 tropik meyvenin adaptasyon \u00e7al\u0131\u015fmas\u0131na ba\u015fland\u0131<\/h3>\n<p>Uygulama seras\u0131nda ilk etapta 17 farkl\u0131 tropik meyvenin adaptasyon \u00e7al\u0131\u015fmalar\u0131na ba\u015flad\u0131klar\u0131n\u0131n bilgisini veren Alt\u0131nkaya, \u015f\u00f6yle konu\u015ftu:<\/p>\n<p>&#8220;Pitaya, mango, passiflora, guava, papaya, plantain, longan, litchi, karambola, \u00e7erimoya, black sapote, mamey sapote, sapodilla, barbados kirazi (acerola), ice cream bean, macadamia f\u0131nd\u0131\u011f\u0131, tamarin gibi meyve fidanlar\u0131n\u0131n \u00fczerinde \u00e7al\u0131\u015f\u0131yoruz. B\u00f6lgede ba\u015far\u0131l\u0131 \u00fcretilmesini bekledi\u011fimiz baz\u0131 farkl\u0131 t\u00fcrler var. \u00c7ift\u00e7i g\u00f6zetiminde t\u00fcrleri deneyece\u011fiz. Antalya&#8217;n\u0131n bat\u0131 il\u00e7eleri Kumluca, Finike, Demre ve Ka\u015f&#8217;ta toplam 70 dekar alanda demonstrasyon (yeni t\u00fcrlerin b\u00f6lgede yayg\u0131nl\u0131k kazanmas\u0131na y\u00f6nelik ilk \u00fcretim, g\u00f6sterim ve e\u011fitim faaliyetleri) \u00e7al\u0131\u015fmalar\u0131n\u0131 y\u00fcr\u00fctece\u011fiz. 20 dekar alanda ba\u015flad\u0131k. B\u00f6lgede kontroll\u00fc, kaliteli, aromas\u0131 ve tad\u0131 olduk\u00e7a iyi tropik meyve t\u00fcrlerini \u00fcretmek istiyoruz.&#8221;<\/p>\n<p>Alt\u0131nkaya, \u00e7ift\u00e7iye tropik meyve yeti\u015ftiricili\u011fine ili\u015fkin e\u011fitimler vereceklerini kaydetti.<\/p>\n<p>Kumluca Ticaret ve Sanayi Odas\u0131 Ba\u015fkan\u0131 Fahri \u00d6zen de Antalya&#8217;n\u0131n bat\u0131 il\u00e7elerinde \u00e7ift\u00e7inin daha \u00e7ok kazanmas\u0131 ve ihracat gelirlerinin artmas\u0131 i\u00e7in \u00e7aba g\u00f6sterdiklerini ifade etti.<\/p>\n<p>Bat\u0131 Akdeniz Kalk\u0131nma Ajans\u0131 Yat\u0131r\u0131m Destek Uzman\u0131 \u00c7a\u011fatay Karaca ise b\u00f6lgenin tar\u0131msal \u00fcr\u00fcn \u00e7e\u015fitlili\u011finin artmas\u0131n\u0131n hem g\u0131da ve arz g\u00fcvenli\u011fi a\u00e7\u0131s\u0131ndan \u00f6nemli oldu\u011funu hem de piyasa ko\u015fullar\u0131 a\u00e7\u0131s\u0131ndan fayda sa\u011flayaca\u011f\u0131n\u0131 d\u00fc\u015f\u00fcnd\u00fcklerini vurgulad\u0131.<\/p>\n<p>                            <span class=\"detay-foto-editor\">&#13;<br \/>\n                                <a href=\"https:\/\/www.aa.com.tr\/tr\/p\/abonelik-talep-formu\/1001\" target=\"_blank\" style=\"font-size:12px; color:#444; text-decoration:none;\" rel=\"noopener\">&#13;<br \/>\n                                    Anadolu Ajans\u0131 web sitesinde, AA Haber Ak\u0131\u015f Sistemi (HAS) \u00fczerinden abonelere sunulan haberler, \u00f6zetlenerek yay\u0131mlanmaktad\u0131r. <b style=\"color:#1897F7\">Abonelik i\u00e7in l\u00fctfen ileti\u015fime ge\u00e7iniz.<\/b>&#13;<br \/>\n                                <\/a>&#13;<br \/>\n                            <\/span>\n                        <\/div>\n<p><script>\n\t  window.fbAsyncInit = function() {\n\t\tFB.init({\n\t\t  appId: '1855843514662870',\n\t\t  status : true, \/\/ check login status\n\t\t  cookie : true, \/\/ enable cookies to allow the server to access the session\n\t\t  xfbml  : true  \/\/ parse XFBML\n\t\t});\n\t  };<\/p>\n<p>\t  (function() {\n\t\tvar e = document.createElement('script');\n\t\te.src=\"https:\/\/connect.facebook.net\/tr_TR\/all.js\";\n\t\te.async = true;\n\t\tdocument.getElementById('fb-root').appendChild(e);\n\t  }());\n    <\/script><br \/>\n<br \/><br \/>\n<br \/><a href=\"https:\/\/www.aa.com.tr\/tr\/ekonomi\/antalyanin-bati-ilcelerinde-tropik-meyve-uretmek-icin-kumlucada-merkez-kuruldu\/2971994\">Source link <\/a><\/p>\n","protected":false},"excerpt":{"rendered":"<p>Antalya&#8217;n\u0131n Kumluca il\u00e7esinde kurulan Bat\u0131 Antalya Tropik Meyve \u00dcretim ve Yayg\u0131nla\u015ft\u0131rma Merkezi&#8217;nde b\u00f6lgeye uygun tropik meyve t\u00fcrlerinin yeti\u015ftirilmesi planlan\u0131yor. Antalya&#8217;n\u0131n Manavgat, Alanya ve Gazipa\u015fa gibi do\u011fusunda bulunan baz\u0131 il\u00e7elerde \u00fcreticiler, son y\u0131llarda b\u00f6lge ikliminin uygunlu\u011fu dolay\u0131s\u0131yla y\u00fcksek verim ve gelir elde etmek i\u00e7in tropikal bitkilere y\u00f6neldi. B\u00f6lgede \u00e7ok say\u0131da tropik meyvenin yeti\u015ftirilmesi ve ihra\u00e7 edilmeye [&hellip;]<\/p>\n","protected":false},"author":1,"featured_media":12330,"comment_status":"","ping_status":"","sticky":false,"template":"","format":"standard","meta":[],"categories":[44],"tags":[],"_links":{"self":[{"href":"https:\/\/kraios.app\/news\/wp-json\/wp\/v2\/posts\/12329"}],"collection":[{"href":"https:\/\/kraios.app\/news\/wp-json\/wp\/v2\/posts"}],"about":[{"href":"https:\/\/kraios.app\/news\/wp-json\/wp\/v2\/types\/post"}],"author":[{"embeddable":true,"href":"https:\/\/kraios.app\/news\/wp-json\/wp\/v2\/users\/1"}],"replies":[{"embeddable":true,"href":"https:\/\/kraios.app\/news\/wp-json\/wp\/v2\/comments?post=12329"}],"version-history":[{"count":0,"href":"https:\/\/kraios.app\/news\/wp-json\/wp\/v2\/posts\/12329\/revisions"}],"wp:featuredmedia":[{"embeddable":true,"href":"https:\/\/kraios.app\/news\/wp-json\/wp\/v2\/media\/12330"}],"wp:attachment":[{"href":"https:\/\/kraios.app\/news\/wp-json\/wp\/v2\/media?parent=12329"}],"wp:term":[{"taxonomy":"category","embeddable":true,"href":"https:\/\/kraios.app\/news\/wp-json\/wp\/v2\/categories?post=12329"},{"taxonomy":"post_tag","embeddable":true,"href":"https:\/\/kraios.app\/news\/wp-json\/wp\/v2\/tags?post=12329"}],"curies":[{"name":"wp","href":"https:\/\/api.w.org\/{rel}","templated":true}]}}