{"id":12306,"date":"2023-08-20T03:23:40","date_gmt":"2023-08-20T03:23:40","guid":{"rendered":"https:\/\/kraios.app\/news\/spor\/2023\/08\/20\/atakas-hatayspor-kasimpasa-ile-berabere-kaldi\/"},"modified":"2023-08-20T03:23:40","modified_gmt":"2023-08-20T03:23:40","slug":"atakas-hatayspor-kasimpasa-ile-berabere-kaldi","status":"publish","type":"post","link":"https:\/\/kraios.app\/news\/spor\/2023\/08\/20\/atakas-hatayspor-kasimpasa-ile-berabere-kaldi\/","title":{"rendered":"Ataka\u015f Hatayspor, Kas\u0131mpa\u015fa ile berabere kald\u0131"},"content":{"rendered":"<p><\/p>\n<div>\n<p>Trendyol S\u00fcper Lig&#8217;in ikinci haftas\u0131nda Ataka\u015f Hatayspor, Mersin&#8217;de konuk etti\u011fi Kas\u0131mpa\u015fa ile 0-0 berabere kald\u0131. \u200b\u200b\u200b\u200b\u200b\u200b\u200b<\/p>\n<h3>\u0130lk Yar\u0131<\/h3>\n<p>Kahramanmara\u015f merkezli 6 \u015eubat&#8217;taki depremler nedeniyle ma\u00e7lar\u0131n\u0131 Mersin&#8217;de oynamas\u0131 kararla\u015ft\u0131r\u0131lan Hatayspor, kentte ilk defa seyircisinin kar\u015f\u0131s\u0131na \u00e7\u0131kt\u0131.<\/p>\n<p>4.17&#8217;de oyunun durdu\u011fu s\u0131rada sahadaki oyuncular ve trib\u00fcndeki taraftarlar alk\u0131\u015flarla 6 \u015eubat&#8217;ta depremde kaybedenleri and\u0131, baz\u0131 taraftarlar sahaya \u00e7i\u00e7ek att\u0131. <\/p>\n<p>6. dakikada ceza sahas\u0131 d\u0131\u015f\u0131nda sa\u011f kanatta topu \u00f6n\u00fcnde bulan Kas\u0131mpa\u015fa&#8217;dan Neto, bekletmeden uzak mesafeden vuru\u015funda, top \u00fcstten d\u0131\u015far\u0131 \u00e7\u0131kt\u0131. <\/p>\n<p>18. dakikada sol kanatta Engin Can Aksoy\u2019un pas\u0131yla topla bulu\u015fan bulu\u015fan Hatayspor&#8217;dan Fernandes&#8217;in yerden vuru\u015funda me\u015fin yuvarlak kaleci Gianniotis&#8217;te kald\u0131.<\/p>\n<p>29. dakikada Engin Can Aksoy\u2019un ortas\u0131nda ceza sahas\u0131nda topla bulu\u015fan Bertu\u011f Y\u0131ld\u0131r\u0131m topuyla yapt\u0131\u011f\u0131 vuru\u015f \u00fcstten d\u0131\u015far\u0131 \u00e7\u0131kt\u0131. <\/p>\n<p>32. dakikada Dele- Bashiru&#8217;nun pas\u0131yla ceza sahas\u0131na giren G\u00f6rkem Sa\u011flam, 2 rakibini \u00e7al\u0131mlad\u0131, daha sonra savunma araya girerek topu uzakla\u015ft\u0131rd\u0131. <\/p>\n<p>36. dakikada Engin Can Aksoy&#8217;un sol kanattan alt\u0131 pas i\u00e7erisine ortalad\u0131\u011f\u0131 me\u015fin yuvarla\u011f\u0131 kaleci Gianniotis, uzakla\u015ft\u0131rd\u0131.<\/p>\n<p>Kar\u015f\u0131la\u015fman\u0131n ilk yar\u0131s\u0131, 0-0 sona erdi.<\/p>\n<h3>\u0130kinci Yar\u0131<\/h3>\n<p>48. dakikada Dele-Bashiru&#8217;nun ceza sahas\u0131 i\u00e7erisine kesti\u011fi topa y\u00fckselen Bertu\u011f Y\u0131ld\u0131r\u0131m&#8217;\u0131n kafa vuru\u015fu kalecide kald\u0131.<\/p>\n<p>62. dakikada topla ceza sahas\u0131na giren Dele-Bashiru&#8217;nun alt\u0131 pas i\u00e7erisine \u00e7\u0131kard\u0131\u011f\u0131 me\u015fin yuvarla\u011f\u0131 savunma kornere g\u00f6nderdi.<\/p>\n<p>72. dakikada Bertu\u011f Y\u0131ld\u0131r\u0131m&#8217;\u0131n ceza sahas\u0131 i\u00e7erisine \u00e7\u0131kard\u0131\u011f\u0131 topla bulu\u015fan Hodzij&#8217;in sert vuru\u015fuyla top auta gitti.<\/p>\n<p>90. dakikada \u00d6mer Faruk Beyaz&#8217;\u0131n kulland\u0131\u011f\u0131 korner at\u0131\u015f\u0131nda kaleci Gianniotis, topu \u00e7ift yumrukla uzakla\u015ft\u0131rd\u0131.<\/p>\n<p>Kar\u015f\u0131la\u015fma 0-0 beraberlikle sonu\u00e7land\u0131.<\/p>\n<h3>&#8220;\u0130stedi\u011fim sonu\u00e7 olmad\u0131&#8221;<\/h3>\n<p>Ataka\u015f Hatayspor teknik direkt\u00f6r Volkan Demirel, &#8220;Benim ad\u0131ma istedi\u011fim sonu\u00e7 olmad\u0131.&#8221; dedi.<\/p>\n<p>Mersin Stadyumu&#8217;nda oynanan m\u00fccadelenin ard\u0131ndan d\u00fczenlenen bas\u0131n toplant\u0131s\u0131nda konu\u015fan Demirel, kentteki hava s\u0131cakl\u0131\u011f\u0131n\u0131n herkesi etkiledi\u011fini s\u00f6yledi.<\/p>\n<p>S\u0131cak havan\u0131n oyuncular\u0131, yedek kul\u00fcbesindeki hocalar\u0131 da etkiledi\u011fini dile getiren Demirel, \u015funlar\u0131 kaydetti:<\/p>\n<p>&#8220;A\u00e7\u0131k\u00e7as\u0131 benim ad\u0131ma istedi\u011fim sonu\u00e7 olmad\u0131. Tabii ki futbolcular\u0131ma da veya rakip oyunculara da hak vermek istiyorum. Ger\u00e7ekten \u00e7\u00fcnk\u00fc hava \u015fartlar\u0131 buna m\u00fcsaade etmedi. Neticesinde birer puan. Bana sorars\u0131n\u0131z; ben memnun de\u011filim. Eminim kar\u015f\u0131 taraftan memnun de\u011fildir. Dedi\u011fim gibi bunun en b\u00fcy\u00fck fakt\u00f6r\u00fc havan\u0131n s\u0131cak olmas\u0131.&#8221;<\/p>\n<h3>&#8220;Bug\u00fcn birer puan hak\u00e7a gibi duruyor&#8221;<\/h3>\n<p>Kas\u0131mpa\u015fa teknik direkt\u00f6r\u00fc Kemal \u00d6zde\u015f, ikinci yar\u0131da istedikleri geni\u015f alanlar\u0131 bulamad\u0131klar\u0131n\u0131 belirtti.<\/p>\n<p>\u00d6zde\u015f, Mersin Stadyumu&#8217;nda oynanan kar\u015f\u0131la\u015fman\u0131n ard\u0131ndan d\u00fczenlenen bas\u0131n toplant\u0131s\u0131nda, kentteki y\u00fcksek nem oran\u0131n\u0131n oyuncular\u0131 zorlad\u0131\u011f\u0131n\u0131, hava s\u0131cakl\u0131\u011f\u0131n\u0131n yapabileceklerini k\u0131s\u0131tlad\u0131\u011f\u0131n\u0131 s\u00f6yledi.<\/p>\n<p>Ma\u00e7\u0131n ilk yar\u0131s\u0131nda golle sonu\u00e7lanabilecek pozisyonlar bulduklar\u0131n\u0131, ikinci devrede ise oyun \u00fcst\u00fcnl\u00fc\u011f\u00fc rakiplerine verdiklerini dile getiren \u00d6zde\u015f, &#8220;\u0130kinci yar\u0131da, ilk yar\u0131da yakalad\u0131\u011f\u0131m\u0131z geni\u015f alanlar\u0131, do\u011fru opsiyonlar\u0131 yakalayamad\u0131k. Bug\u00fcn birer puan hak\u00e7a gibi duruyor. Yar\u0131ndan itibaren \u00f6n\u00fcm\u00fczdeki ma\u00e7a haz\u0131rlanaca\u011f\u0131z.&#8221; diye konu\u015ftu.<\/p>\n<p>\u00d6zde\u015f, tak\u0131m\u0131n gen\u00e7 oyunculardan kurulu oldu\u011funu i\u015faret ederek, &#8220;Bunu planlayarak yapt\u0131k. Yine transfer \u00e7al\u0131\u015fmalar\u0131m\u0131z devam edecek. Belki ligimizdeki t\u00fcm tak\u0131mlar i\u00e7in ge\u00e7erli bu. Tak\u0131m\u0131m tamamland\u0131\u011f\u0131nda hem gen\u00e7 oyuncular\u0131 geli\u015ftirece\u011fimiz ortam\u0131 daha sa\u011fl\u0131kl\u0131 yapaca\u011f\u0131z hem de bu sonu\u00e7lar\u0131 devam ettirmeye \u00e7al\u0131\u015faca\u011f\u0131z.&#8221; ifadelerini kulland\u0131.<\/p>\n<h3>Ma\u00e7tan Notlar<\/h3>\n<p>Kar\u015f\u0131la\u015fma \u00f6ncesinde 6 \u015eubat Kahramanmara\u015f depremlerinde hayat\u0131n\u0131 kaybeden Ataka\u015f Hatayspor \u00e7al\u0131\u015fanlar\u0131 ile futbolcular Christian Atsu ile sportif direkt\u00f6r Taner Savut&#8217;un yer ald\u0131\u011f\u0131 klip g\u00f6sterildi.<\/p>\n<p>Bu s\u0131rada \u0131s\u0131nmada olan iki tak\u0131m futbolcular\u0131 \u00e7al\u0131\u015fmalar\u0131n\u0131 durdurarak klibi izledi. Bu s\u0131rada Hatayspor&#8217;a ev sahipli\u011fi yapan Mersin i\u00e7in stattan &#8220;Te\u015fekk\u00fcrler Mersin&#8221; anonsu yap\u0131ld\u0131.<\/p>\n<p>Trib\u00fcnde depremde hayat\u0131n\u0131 kaybeden Christian Atsu ile sportif direkt\u00f6r Taner Savut&#8217;un foto\u011fraf\u0131n\u0131n yer ald\u0131\u011f\u0131 siyah afi\u015f as\u0131ld\u0131.<\/p>\n<p>Hatay ekibi, Mersin i\u00e7in tasarlanan lacivert mavi formayla \u00e7\u0131karken futbolcular, &#8220;Unutmayaca\u011f\u0131z&#8221; yaz\u0131l\u0131 pankart ta\u015f\u0131d\u0131.<\/p>\n<p>Ma\u00e7 \u00f6ncesinde depremlerde hayat\u0131n\u0131 kaybedenler i\u00e7in sayg\u0131 duru\u015funda bulunuldu.<\/p>\n<p>                            <span class=\"detay-foto-editor\">&#13;<br \/>\n                                <a href=\"https:\/\/www.aa.com.tr\/tr\/p\/abonelik-talep-formu\/1001\" target=\"_blank\" style=\"font-size:12px; color:#444; text-decoration:none;\" rel=\"noopener\">&#13;<br \/>\n                                    Anadolu Ajans\u0131 web sitesinde, AA Haber Ak\u0131\u015f Sistemi (HAS) \u00fczerinden abonelere sunulan haberler, \u00f6zetlenerek yay\u0131mlanmaktad\u0131r. <b style=\"color:#1897F7\">Abonelik i\u00e7in l\u00fctfen ileti\u015fime ge\u00e7iniz.<\/b>&#13;<br \/>\n                                <\/a>&#13;<br \/>\n                            <\/span>\n                        <\/div>\n<p><script>\n\t  window.fbAsyncInit = function() {\n\t\tFB.init({\n\t\t  appId: '1855843514662870',\n\t\t  status : true, \/\/ check login status\n\t\t  cookie : true, \/\/ enable cookies to allow the server to access the session\n\t\t  xfbml  : true  \/\/ parse XFBML\n\t\t});\n\t  };<\/p>\n<p>\t  (function() {\n\t\tvar e = document.createElement('script');\n\t\te.src=\"https:\/\/connect.facebook.net\/tr_TR\/all.js\";\n\t\te.async = true;\n\t\tdocument.getElementById('fb-root').appendChild(e);\n\t  }());\n    <\/script><\/p>\n","protected":false},"excerpt":{"rendered":"<p>Trendyol S\u00fcper Lig&#8217;in ikinci haftas\u0131nda Ataka\u015f Hatayspor, Mersin&#8217;de konuk etti\u011fi Kas\u0131mpa\u015fa ile 0-0 berabere kald\u0131. \u200b\u200b\u200b\u200b\u200b\u200b\u200b \u0130lk Yar\u0131 Kahramanmara\u015f merkezli 6 \u015eubat&#8217;taki depremler nedeniyle ma\u00e7lar\u0131n\u0131 Mersin&#8217;de oynamas\u0131 kararla\u015ft\u0131r\u0131lan Hatayspor, kentte ilk defa seyircisinin kar\u015f\u0131s\u0131na \u00e7\u0131kt\u0131. 4.17&#8217;de oyunun durdu\u011fu s\u0131rada sahadaki oyuncular ve trib\u00fcndeki taraftarlar alk\u0131\u015flarla 6 \u015eubat&#8217;ta depremde kaybedenleri and\u0131, baz\u0131 taraftarlar sahaya \u00e7i\u00e7ek att\u0131. [&hellip;]<\/p>\n","protected":false},"author":1,"featured_media":12307,"comment_status":"","ping_status":"","sticky":false,"template":"","format":"standard","meta":[],"categories":[48],"tags":[],"_links":{"self":[{"href":"https:\/\/kraios.app\/news\/wp-json\/wp\/v2\/posts\/12306"}],"collection":[{"href":"https:\/\/kraios.app\/news\/wp-json\/wp\/v2\/posts"}],"about":[{"href":"https:\/\/kraios.app\/news\/wp-json\/wp\/v2\/types\/post"}],"author":[{"embeddable":true,"href":"https:\/\/kraios.app\/news\/wp-json\/wp\/v2\/users\/1"}],"replies":[{"embeddable":true,"href":"https:\/\/kraios.app\/news\/wp-json\/wp\/v2\/comments?post=12306"}],"version-history":[{"count":0,"href":"https:\/\/kraios.app\/news\/wp-json\/wp\/v2\/posts\/12306\/revisions"}],"wp:featuredmedia":[{"embeddable":true,"href":"https:\/\/kraios.app\/news\/wp-json\/wp\/v2\/media\/12307"}],"wp:attachment":[{"href":"https:\/\/kraios.app\/news\/wp-json\/wp\/v2\/media?parent=12306"}],"wp:term":[{"taxonomy":"category","embeddable":true,"href":"https:\/\/kraios.app\/news\/wp-json\/wp\/v2\/categories?post=12306"},{"taxonomy":"post_tag","embeddable":true,"href":"https:\/\/kraios.app\/news\/wp-json\/wp\/v2\/tags?post=12306"}],"curies":[{"name":"wp","href":"https:\/\/api.w.org\/{rel}","templated":true}]}}