{"id":12302,"date":"2023-08-20T02:19:42","date_gmt":"2023-08-20T02:19:42","guid":{"rendered":"https:\/\/kraios.app\/news\/yasam\/2023\/08\/20\/elmalinin-66-yillik-yavuz-berberi-meslegini-ilk-gunku-sevkle-yapiyor\/"},"modified":"2023-08-20T02:19:42","modified_gmt":"2023-08-20T02:19:42","slug":"elmalinin-66-yillik-yavuz-berberi-meslegini-ilk-gunku-sevkle-yapiyor","status":"publish","type":"post","link":"https:\/\/kraios.app\/news\/yasam\/2023\/08\/20\/elmalinin-66-yillik-yavuz-berberi-meslegini-ilk-gunku-sevkle-yapiyor\/","title":{"rendered":"Elmal\u0131&#8217;n\u0131n 66 y\u0131ll\u0131k &#8220;Yavuz berber&#8221;i mesle\u011fini ilk g\u00fcnk\u00fc \u015fevkle yap\u0131yor"},"content":{"rendered":"<p><\/p>\n<div>\n<p>\u0130lde &#8220;Kadim \u015fehir&#8221; olarak bilinen Elmal\u0131 il\u00e7esinde ya\u015fayan 77 ya\u015f\u0131ndaki Yusuf Yavuz, ilkokulu bitirdikten sonra babas\u0131n\u0131n fel\u00e7 ge\u00e7irmesi nedeniyle \u00e7ok istemesine ra\u011fmen e\u011fitimine devam edemedi.<\/p>\n<p><img decoding=\"async\" alt=\"\" src=\"https:\/\/www.aa.com.tr\/uploads\/userFiles\/96f91bbd-282f-4a24-a12c-1b1092cfeb3b\/009_2023%2F05_2023%2F19_Agustos%2F25%2F20230819_2_59936135_92014513.jpg\"\/><\/p>\n<p>Babas\u0131 taraf\u0131ndan hen\u00fcz 11 ya\u015f\u0131ndayken g\u00f6nderildi\u011fi berber d\u00fckkan\u0131nda \u00e7\u0131rakl\u0131\u011fa ba\u015flayan Yavuz, 22 ya\u015f\u0131ndayken il\u00e7ede &#8220;Yavuz berber&#8221; ad\u0131yla d\u00fckkan\u0131n\u0131 a\u00e7t\u0131.<\/p>\n<p><img decoding=\"async\" alt=\"\" src=\"https:\/\/www.aa.com.tr\/uploads\/userFiles\/96f91bbd-282f-4a24-a12c-1b1092cfeb3b\/009_2023%2F05_2023%2F19_Agustos%2F25%2F20230819_2_59936135_92014514.jpg\"\/><\/p>\n<p>Mesle\u011fini 55 y\u0131ld\u0131r ayn\u0131 d\u00fckkanda s\u00fcrd\u00fcren Yavuz, her g\u00fcn &#8220;ekmek teknem&#8221; dedi\u011fi i\u015f yerini dua ile a\u00e7\u0131yor. Azmi ve \u00e7al\u0131\u015fkanl\u0131\u011f\u0131 ile \u00f6rnek olan ve \u00e7evresindekiler taraf\u0131ndan &#8220;Yavuz berber&#8221; diye seslenilen Yavuz, mesle\u011fini ilk g\u00fcnk\u00fc \u015fevkle yap\u0131yor.<\/p>\n<p><img decoding=\"async\" alt=\"\" src=\"https:\/\/www.aa.com.tr\/uploads\/userFiles\/96f91bbd-282f-4a24-a12c-1b1092cfeb3b\/009_2023%2F05_2023%2F19_Agustos%2F25%2F20230819_2_59936135_92014515.jpg\"\/><\/p>\n<h3>&#8220;Onlarca usta yeti\u015ftirdim&#8221;<\/h3>\n<p>Yavuz, AA muhabirine, \u00e7ocukken en b\u00fcy\u00fck hayalinin iyi bir e\u011fitim alarak g\u00fczel bir meslek sahibi olmak oldu\u011funu s\u00f6yledi.<\/p>\n<p><img decoding=\"async\" alt=\"\" src=\"https:\/\/www.aa.com.tr\/uploads\/userFiles\/96f91bbd-282f-4a24-a12c-1b1092cfeb3b\/009_2023%2F05_2023%2F19_Agustos%2F25%2F20230819_2_59936135_92014518.jpg\"\/><\/p>\n<p>Babas\u0131n\u0131n fel\u00e7 ge\u00e7irmesi nedeniyle hayat\u0131n zorluklar\u0131yla tan\u0131\u015fmaya ba\u015flad\u0131\u011f\u0131n\u0131 aktaran Yavuz, &#8220;\u0130lkokul arkada\u015flar\u0131m aras\u0131nda doktor, \u00f6\u011fretmen, profes\u00f6r olanlar vard\u0131. Maddi s\u0131k\u0131nt\u0131lar nedeniyle e\u011fitim i\u00e7imde ukde olarak kald\u0131. Yar\u0131m asr\u0131 a\u015fk\u0131n berberlik yaparak i\u00e7imde ukde kalan e\u011fitimi \u00e7ocuklar\u0131m\u0131n en iyi \u015fekilde almalar\u0131n\u0131 sa\u011flad\u0131m. \u0130ki \u00e7ocu\u011fum da okudu ve biri \u00f6\u011fretmen di\u011feri de ticaretle u\u011fra\u015fmaya ba\u015flad\u0131.&#8221; dedi.<\/p>\n<p><img decoding=\"async\" alt=\"\" src=\"https:\/\/www.aa.com.tr\/uploads\/userFiles\/96f91bbd-282f-4a24-a12c-1b1092cfeb3b\/009_2023%2F05_2023%2F19_Agustos%2F25%2F20230819_2_59936135_92014520.jpg\"\/><\/p>\n<p>Berber d\u00fckkan\u0131n\u0131n dekorunu ilk g\u00fcnk\u00fc gibi korudu\u011funu anlatan Yavuz, &#8220;Tezgah\u0131m, koltu\u011fum, aynalar, lavabo b\u00fct\u00fcn kulland\u0131\u011f\u0131m aletler 55 y\u0131ll\u0131k. Hepsiyle hat\u0131ralar\u0131m var. \u0130l\u00e7enin b\u00fct\u00fcn mahalleleri, k\u00f6yleri beni tan\u0131r. Yine 55 y\u0131ll\u0131k berber \u00e7antam ile &#8216;seyyar berberlik&#8217; de yapt\u0131m. K\u00f6y k\u00f6y gezerek d\u00fckkan\u0131ma gelemeyen ya\u015fl\u0131lar\u0131 ak\u015famlar\u0131 t\u0131ra\u015f ediyordum.&#8221; diye konu\u015ftu.<\/p>\n<p><img decoding=\"async\" alt=\"\" src=\"https:\/\/www.aa.com.tr\/uploads\/userFiles\/96f91bbd-282f-4a24-a12c-1b1092cfeb3b\/009_2023%2F05_2023%2F19_Agustos%2F25%2F20230819_2_59936135_92014524.jpg\"\/><\/p>\n<p>Yakla\u015f\u0131k 50 y\u0131ll\u0131k m\u00fc\u015fterileri oldu\u011funu vurgulayan Yavuz, &#8220;Yar\u0131m asr\u0131 a\u015fk\u0131nd\u0131r t\u0131ra\u015f etti\u011fim insanlar var. G\u00fcnde ortalama 5 ila 10 ki\u015fiyi t\u0131ra\u015f ediyorum. S\u00fcrekli ayakta kalmak zor oluyor ama sa\u011fl\u0131\u011f\u0131m el verdi\u011fince mesle\u011fimi yapmay\u0131 d\u00fc\u015f\u00fcn\u00fcyorum. Onlarca usta yeti\u015ftirdim. Hepsi d\u00fckkan\u0131n\u0131 a\u00e7t\u0131, ekmek paras\u0131n\u0131 kazan\u0131yor. Elmal\u0131&#8217;dan yeti\u015fen b\u00fct\u00fcn siyaset\u00e7ileri, profes\u00f6rlerin hepsini ben t\u0131ra\u015f ettim. Bakanlar, valiler hepsiyle an\u0131lar\u0131m var. Yar\u0131m asr\u0131 a\u015fan makinalar\u0131, usturalar\u0131, makaslar\u0131 o nedenle atam\u0131yorum. Onlara bak\u0131nca ge\u00e7mi\u015fe gidiyor bazen mutlu oluyor bazen de h\u00fcz\u00fcnleniyorum.&#8221; diye konu\u015ftu.<\/p>\n<p><img decoding=\"async\" alt=\"\" src=\"https:\/\/www.aa.com.tr\/uploads\/userFiles\/96f91bbd-282f-4a24-a12c-1b1092cfeb3b\/009_2023%2F05_2023%2F19_Agustos%2F25%2F20230819_2_59936135_92014525.jpg\"\/><\/p>\n<p>\u0130l\u00e7eye gelen yerli turistlerin de kendisini g\u00f6r\u00fcnce d\u00fckkana girerek sohbet etti\u011fini ifade eden Yavuz, il\u00e7edeki medreseleri, t\u00fcrbeleri, camileri, tarihi yerleri onlara anlatt\u0131\u011f\u0131n\u0131, bir nevi turizm el\u00e7isi gibi \u00e7al\u0131\u015ft\u0131\u011f\u0131n\u0131 vurgulad\u0131.<\/p>\n<p>                            <span class=\"detay-foto-editor\">&#13;<br \/>\n                                <a href=\"https:\/\/www.aa.com.tr\/tr\/p\/abonelik-talep-formu\/1001\" target=\"_blank\" style=\"font-size:12px; color:#444; text-decoration:none;\" rel=\"noopener\">&#13;<br \/>\n                                    Anadolu Ajans\u0131 web sitesinde, AA Haber Ak\u0131\u015f Sistemi (HAS) \u00fczerinden abonelere sunulan haberler, \u00f6zetlenerek yay\u0131mlanmaktad\u0131r. <b style=\"color:#1897F7\">Abonelik i\u00e7in l\u00fctfen ileti\u015fime ge\u00e7iniz.<\/b>&#13;<br \/>\n                                <\/a>&#13;<br \/>\n                            <\/span>\n                        <\/div>\n<p><script>\n\t  window.fbAsyncInit = function() {\n\t\tFB.init({\n\t\t  appId: '1855843514662870',\n\t\t  status : true, \/\/ check login status\n\t\t  cookie : true, \/\/ enable cookies to allow the server to access the session\n\t\t  xfbml  : true  \/\/ parse XFBML\n\t\t});\n\t  };<\/p>\n<p>\t  (function() {\n\t\tvar e = document.createElement('script');\n\t\te.src=\"https:\/\/connect.facebook.net\/tr_TR\/all.js\";\n\t\te.async = true;\n\t\tdocument.getElementById('fb-root').appendChild(e);\n\t  }());\n    <\/script><\/p>\n","protected":false},"excerpt":{"rendered":"<p>\u0130lde &#8220;Kadim \u015fehir&#8221; olarak bilinen Elmal\u0131 il\u00e7esinde ya\u015fayan 77 ya\u015f\u0131ndaki Yusuf Yavuz, ilkokulu bitirdikten sonra babas\u0131n\u0131n fel\u00e7 ge\u00e7irmesi nedeniyle \u00e7ok istemesine ra\u011fmen e\u011fitimine devam edemedi. Babas\u0131 taraf\u0131ndan hen\u00fcz 11 ya\u015f\u0131ndayken g\u00f6nderildi\u011fi berber d\u00fckkan\u0131nda \u00e7\u0131rakl\u0131\u011fa ba\u015flayan Yavuz, 22 ya\u015f\u0131ndayken il\u00e7ede &#8220;Yavuz berber&#8221; ad\u0131yla d\u00fckkan\u0131n\u0131 a\u00e7t\u0131. Mesle\u011fini 55 y\u0131ld\u0131r ayn\u0131 d\u00fckkanda s\u00fcrd\u00fcren Yavuz, her g\u00fcn &#8220;ekmek teknem&#8221; [&hellip;]<\/p>\n","protected":false},"author":1,"featured_media":12303,"comment_status":"","ping_status":"","sticky":false,"template":"","format":"standard","meta":[],"categories":[50],"tags":[],"_links":{"self":[{"href":"https:\/\/kraios.app\/news\/wp-json\/wp\/v2\/posts\/12302"}],"collection":[{"href":"https:\/\/kraios.app\/news\/wp-json\/wp\/v2\/posts"}],"about":[{"href":"https:\/\/kraios.app\/news\/wp-json\/wp\/v2\/types\/post"}],"author":[{"embeddable":true,"href":"https:\/\/kraios.app\/news\/wp-json\/wp\/v2\/users\/1"}],"replies":[{"embeddable":true,"href":"https:\/\/kraios.app\/news\/wp-json\/wp\/v2\/comments?post=12302"}],"version-history":[{"count":0,"href":"https:\/\/kraios.app\/news\/wp-json\/wp\/v2\/posts\/12302\/revisions"}],"wp:featuredmedia":[{"embeddable":true,"href":"https:\/\/kraios.app\/news\/wp-json\/wp\/v2\/media\/12303"}],"wp:attachment":[{"href":"https:\/\/kraios.app\/news\/wp-json\/wp\/v2\/media?parent=12302"}],"wp:term":[{"taxonomy":"category","embeddable":true,"href":"https:\/\/kraios.app\/news\/wp-json\/wp\/v2\/categories?post=12302"},{"taxonomy":"post_tag","embeddable":true,"href":"https:\/\/kraios.app\/news\/wp-json\/wp\/v2\/tags?post=12302"}],"curies":[{"name":"wp","href":"https:\/\/api.w.org\/{rel}","templated":true}]}}