{"id":12295,"date":"2023-08-19T23:20:06","date_gmt":"2023-08-19T23:20:06","guid":{"rendered":"https:\/\/kraios.app\/news\/spor\/2023\/08\/19\/galatasaray-chelseaden-fasli-futbolcu-hakim-ziyechi-kiraladi\/"},"modified":"2023-08-19T23:20:06","modified_gmt":"2023-08-19T23:20:06","slug":"galatasaray-chelseaden-fasli-futbolcu-hakim-ziyechi-kiraladi","status":"publish","type":"post","link":"https:\/\/kraios.app\/news\/spor\/2023\/08\/19\/galatasaray-chelseaden-fasli-futbolcu-hakim-ziyechi-kiraladi\/","title":{"rendered":"Galatasaray, Chelsea&#039;den Fasl\u0131 futbolcu Hakim Ziyech&#039;i kiralad\u0131"},"content":{"rendered":"<p>Galatasaray, \u0130ngiltere temsilcisi Chelsea&#8217;den Fasl\u0131 futbolcu Hakim Ziyech&#8217;in sat\u0131n alma opsiyonuyla kiraland\u0131\u011f\u0131n\u0131 duyurdu.<\/p>\n","protected":false},"excerpt":{"rendered":"<p>Galatasaray, \u0130ngiltere temsilcisi Chelsea&#8217;den Fasl\u0131 futbolcu Hakim Ziyech&#8217;in sat\u0131n alma opsiyonuyla kiraland\u0131\u011f\u0131n\u0131 duyurdu.<\/p>\n","protected":false},"author":1,"featured_media":12296,"comment_status":"","ping_status":"","sticky":false,"template":"","format":"standard","meta":[],"categories":[48],"tags":[],"_links":{"self":[{"href":"https:\/\/kraios.app\/news\/wp-json\/wp\/v2\/posts\/12295"}],"collection":[{"href":"https:\/\/kraios.app\/news\/wp-json\/wp\/v2\/posts"}],"about":[{"href":"https:\/\/kraios.app\/news\/wp-json\/wp\/v2\/types\/post"}],"author":[{"embeddable":true,"href":"https:\/\/kraios.app\/news\/wp-json\/wp\/v2\/users\/1"}],"replies":[{"embeddable":true,"href":"https:\/\/kraios.app\/news\/wp-json\/wp\/v2\/comments?post=12295"}],"version-history":[{"count":0,"href":"https:\/\/kraios.app\/news\/wp-json\/wp\/v2\/posts\/12295\/revisions"}],"wp:featuredmedia":[{"embeddable":true,"href":"https:\/\/kraios.app\/news\/wp-json\/wp\/v2\/media\/12296"}],"wp:attachment":[{"href":"https:\/\/kraios.app\/news\/wp-json\/wp\/v2\/media?parent=12295"}],"wp:term":[{"taxonomy":"category","embeddable":true,"href":"https:\/\/kraios.app\/news\/wp-json\/wp\/v2\/categories?post=12295"},{"taxonomy":"post_tag","embeddable":true,"href":"https:\/\/kraios.app\/news\/wp-json\/wp\/v2\/tags?post=12295"}],"curies":[{"name":"wp","href":"https:\/\/api.w.org\/{rel}","templated":true}]}}