{"id":12263,"date":"2023-08-19T13:20:10","date_gmt":"2023-08-19T13:20:10","guid":{"rendered":"https:\/\/kraios.app\/news\/yasam\/2023\/08\/19\/pkk-ypg-nedeniyle-iraktaki-kamplarda-kalan-ve-evlerine-donemeyen-suriyeliler-yardim-bekliyor\/"},"modified":"2023-08-19T13:20:10","modified_gmt":"2023-08-19T13:20:10","slug":"pkk-ypg-nedeniyle-iraktaki-kamplarda-kalan-ve-evlerine-donemeyen-suriyeliler-yardim-bekliyor","status":"publish","type":"post","link":"https:\/\/kraios.app\/news\/yasam\/2023\/08\/19\/pkk-ypg-nedeniyle-iraktaki-kamplarda-kalan-ve-evlerine-donemeyen-suriyeliler-yardim-bekliyor\/","title":{"rendered":"PKK\/YPG nedeniyle Irak&#039;taki kamplarda kalan ve evlerine d\u00f6nemeyen Suriyeliler yard\u0131m bekliyor"},"content":{"rendered":"<p>Suriye&#8217;deki i\u00e7 sava\u015fta ter\u00f6r \u00f6rg\u00fct\u00fc PKK\/YPG&#8217;nin i\u015fgalindeki b\u00f6lgelerden ka\u00e7\u0131p Irak\u2019taki \u00e7e\u015fitli \u015fehirlerde yap\u0131lan kamplara s\u0131\u011f\u0131nan ve ter\u00f6r \u00f6rg\u00fct\u00fc nedeniyle evlerine d\u00f6nemeyen Suriyeliler yard\u0131m bekliyor.<\/p>\n","protected":false},"excerpt":{"rendered":"<p>Suriye&#8217;deki i\u00e7 sava\u015fta ter\u00f6r \u00f6rg\u00fct\u00fc PKK\/YPG&#8217;nin i\u015fgalindeki b\u00f6lgelerden ka\u00e7\u0131p Irak\u2019taki \u00e7e\u015fitli \u015fehirlerde yap\u0131lan kamplara s\u0131\u011f\u0131nan ve ter\u00f6r \u00f6rg\u00fct\u00fc nedeniyle evlerine d\u00f6nemeyen Suriyeliler yard\u0131m bekliyor.<\/p>\n","protected":false},"author":1,"featured_media":12264,"comment_status":"","ping_status":"","sticky":false,"template":"","format":"standard","meta":[],"categories":[50],"tags":[],"_links":{"self":[{"href":"https:\/\/kraios.app\/news\/wp-json\/wp\/v2\/posts\/12263"}],"collection":[{"href":"https:\/\/kraios.app\/news\/wp-json\/wp\/v2\/posts"}],"about":[{"href":"https:\/\/kraios.app\/news\/wp-json\/wp\/v2\/types\/post"}],"author":[{"embeddable":true,"href":"https:\/\/kraios.app\/news\/wp-json\/wp\/v2\/users\/1"}],"replies":[{"embeddable":true,"href":"https:\/\/kraios.app\/news\/wp-json\/wp\/v2\/comments?post=12263"}],"version-history":[{"count":0,"href":"https:\/\/kraios.app\/news\/wp-json\/wp\/v2\/posts\/12263\/revisions"}],"wp:featuredmedia":[{"embeddable":true,"href":"https:\/\/kraios.app\/news\/wp-json\/wp\/v2\/media\/12264"}],"wp:attachment":[{"href":"https:\/\/kraios.app\/news\/wp-json\/wp\/v2\/media?parent=12263"}],"wp:term":[{"taxonomy":"category","embeddable":true,"href":"https:\/\/kraios.app\/news\/wp-json\/wp\/v2\/categories?post=12263"},{"taxonomy":"post_tag","embeddable":true,"href":"https:\/\/kraios.app\/news\/wp-json\/wp\/v2\/tags?post=12263"}],"curies":[{"name":"wp","href":"https:\/\/api.w.org\/{rel}","templated":true}]}}