{"id":12255,"date":"2023-08-19T09:20:06","date_gmt":"2023-08-19T09:20:06","guid":{"rendered":"https:\/\/kraios.app\/news\/spor\/2023\/08\/19\/filenin-sultanlari-almanyada-azerbaycan-ile-karsilasacak\/"},"modified":"2023-08-19T09:20:06","modified_gmt":"2023-08-19T09:20:06","slug":"filenin-sultanlari-almanyada-azerbaycan-ile-karsilasacak","status":"publish","type":"post","link":"https:\/\/kraios.app\/news\/spor\/2023\/08\/19\/filenin-sultanlari-almanyada-azerbaycan-ile-karsilasacak\/","title":{"rendered":"Filenin Sultanlar\u0131, Almanya&#8217;da Azerbaycan ile kar\u015f\u0131la\u015facak"},"content":{"rendered":"<p><\/p>\n<div>\n<p>Almanya&#8217;n\u0131n D\u00fcsseldorf kentindeki Castello Salonu&#8217;nda oynanacak kar\u015f\u0131la\u015fma TS\u0130 21.00&#8217;de ba\u015flayacak.<\/p>\n<p>Milliler, Almanya&#8217;daki C Grubu m\u00fccadelesine \u0130sve\u00e7&#8217;i 3-0 ma\u011flup ederek ba\u015flad\u0131. Azerbaycan ise grubundaki ilk ma\u00e7\u0131nda \u00c7ekya&#8217;ya 3-0 \u00fcst\u00fcnl\u00fck sa\u011flad\u0131.<\/p>\n<p>Filenin Sultanlar\u0131&#8217;n\u0131n \u0130sve\u00e7 m\u00fccadelesi sonras\u0131ndaki TS\u0130 ma\u00e7 program\u0131 \u015f\u00f6yle:<\/p>\n<p>21 A\u011fustos Pazartesi:<\/p>\n<p>18.00 \u00c7ekya-T\u00fcrkiye<\/p>\n<p>23 A\u011fustos \u00c7ar\u015famba:<\/p>\n<p>18.00 Yunanistan-T\u00fcrkiye<\/p>\n<p>24 A\u011fustos Per\u015fembe:<\/p>\n<p>21.00 T\u00fcrkiye-Almanya<\/p>\n<h3>Kadro<\/h3>\n<p>Milli tak\u0131m\u0131n kadrosunda \u015fu oyuncular yer al\u0131yor:<\/p>\n<p>Libero: Simge Ak\u00f6z, Ay\u00e7a Ayka\u00e7, Gizem \u00d6rge<\/p>\n<p>Pas\u00f6r: Cansu \u00d6zbay, Elif \u015eahin<\/p>\n<p>Orta oyuncu: Eda Erdem, Zehra G\u00fcne\u015f, Asl\u0131 Kala\u00e7, K\u00fcbra Akman<\/p>\n<p>Pas\u00f6r \u00e7apraz\u0131: Melissa Vargas<\/p>\n<p>Sma\u00e7\u00f6r: Hande Balad\u0131n, \u0130lkin Ayd\u0131n, Derya Cebecio\u011flu, Ebrar Karakurt<\/p>\n<h3>4 \u00fclke ev sahipli\u011fi yap\u0131yor<\/h3>\n<p>Organizasyonda Bel\u00e7ika (A Grubu), Almanya (C Grubu), \u0130talya (B Grubu) ve Estonya&#8217;n\u0131n (D Grubu) ev sahipli\u011fi yapt\u0131\u011f\u0131 grup a\u015famas\u0131nda 24 tak\u0131m m\u00fccadele ediyor. <\/p>\n<p>Gruplar\u0131nda ilk 4&#8217;e giren ekiplerin yer alaca\u011f\u0131 son 16 turu ma\u00e7lar\u0131 26-28 A\u011fustos, \u00e7eyrek final kar\u015f\u0131la\u015fmalar\u0131 ise 29-30 A\u011fustos tarihlerinde \u0130talya&#8217;n\u0131n Floransa \u015fehri ve Bel\u00e7ika&#8217;n\u0131n ba\u015fkenti Br\u00fcksel&#8217;de yap\u0131lacak.<\/p>\n<p>Yar\u0131 final ma\u00e7lar\u0131 1 Eyl\u00fcl Cuma, 3&#8217;\u00fcnc\u00fcl\u00fck ve final kar\u015f\u0131la\u015fmalar\u0131 ise 3 Eyl\u00fcl Pazar g\u00fcn\u00fc yine Br\u00fcksel&#8217;de oynanacak.<\/p>\n<p>\u015eampiyonada gruplar \u015fu \u015fekilde olu\u015fuyor:<\/p>\n<p>A Grubu: Bel\u00e7ika, Slovenya, S\u0131rbistan, Polonya, Ukrayna, Macaristan<\/p>\n<p>B Grubu: \u0130talya, Romanya, Bulgaristan, H\u0131rvatistan, Bosna Hersek, \u0130svi\u00e7re<\/p>\n<p>C Grubu: Almanya, Azerbaycan, T\u00fcrkiye, \u00c7ekya, \u0130sve\u00e7, Yunanistan<\/p>\n<p>D Grubu: Estonya, Finlandiya, Hollanda, Fransa, Slovakya, \u0130spanya<\/p>\n<p>                            <span class=\"detay-foto-editor\">&#13;<br \/>\n                                <a href=\"https:\/\/www.aa.com.tr\/tr\/p\/abonelik-talep-formu\/1001\" target=\"_blank\" style=\"font-size:12px; color:#444; text-decoration:none;\" rel=\"noopener\">&#13;<br \/>\n                                    Anadolu Ajans\u0131 web sitesinde, AA Haber Ak\u0131\u015f Sistemi (HAS) \u00fczerinden abonelere sunulan haberler, \u00f6zetlenerek yay\u0131mlanmaktad\u0131r. <b style=\"color:#1897F7\">Abonelik i\u00e7in l\u00fctfen ileti\u015fime ge\u00e7iniz.<\/b>&#13;<br \/>\n                                <\/a>&#13;<br \/>\n                            <\/span>\n                        <\/div>\n<p><script>\n\t  window.fbAsyncInit = function() {\n\t\tFB.init({\n\t\t  appId: '1855843514662870',\n\t\t  status : true, \/\/ check login status\n\t\t  cookie : true, \/\/ enable cookies to allow the server to access the session\n\t\t  xfbml  : true  \/\/ parse XFBML\n\t\t});\n\t  };<\/p>\n<p>\t  (function() {\n\t\tvar e = document.createElement('script');\n\t\te.src=\"https:\/\/connect.facebook.net\/tr_TR\/all.js\";\n\t\te.async = true;\n\t\tdocument.getElementById('fb-root').appendChild(e);\n\t  }());\n    <\/script><\/p>\n","protected":false},"excerpt":{"rendered":"<p>Almanya&#8217;n\u0131n D\u00fcsseldorf kentindeki Castello Salonu&#8217;nda oynanacak kar\u015f\u0131la\u015fma TS\u0130 21.00&#8217;de ba\u015flayacak. Milliler, Almanya&#8217;daki C Grubu m\u00fccadelesine \u0130sve\u00e7&#8217;i 3-0 ma\u011flup ederek ba\u015flad\u0131. Azerbaycan ise grubundaki ilk ma\u00e7\u0131nda \u00c7ekya&#8217;ya 3-0 \u00fcst\u00fcnl\u00fck sa\u011flad\u0131. Filenin Sultanlar\u0131&#8217;n\u0131n \u0130sve\u00e7 m\u00fccadelesi sonras\u0131ndaki TS\u0130 ma\u00e7 program\u0131 \u015f\u00f6yle: 21 A\u011fustos Pazartesi: 18.00 \u00c7ekya-T\u00fcrkiye 23 A\u011fustos \u00c7ar\u015famba: 18.00 Yunanistan-T\u00fcrkiye 24 A\u011fustos Per\u015fembe: 21.00 T\u00fcrkiye-Almanya Kadro Milli [&hellip;]<\/p>\n","protected":false},"author":1,"featured_media":12256,"comment_status":"","ping_status":"","sticky":false,"template":"","format":"standard","meta":[],"categories":[48],"tags":[],"_links":{"self":[{"href":"https:\/\/kraios.app\/news\/wp-json\/wp\/v2\/posts\/12255"}],"collection":[{"href":"https:\/\/kraios.app\/news\/wp-json\/wp\/v2\/posts"}],"about":[{"href":"https:\/\/kraios.app\/news\/wp-json\/wp\/v2\/types\/post"}],"author":[{"embeddable":true,"href":"https:\/\/kraios.app\/news\/wp-json\/wp\/v2\/users\/1"}],"replies":[{"embeddable":true,"href":"https:\/\/kraios.app\/news\/wp-json\/wp\/v2\/comments?post=12255"}],"version-history":[{"count":0,"href":"https:\/\/kraios.app\/news\/wp-json\/wp\/v2\/posts\/12255\/revisions"}],"wp:featuredmedia":[{"embeddable":true,"href":"https:\/\/kraios.app\/news\/wp-json\/wp\/v2\/media\/12256"}],"wp:attachment":[{"href":"https:\/\/kraios.app\/news\/wp-json\/wp\/v2\/media?parent=12255"}],"wp:term":[{"taxonomy":"category","embeddable":true,"href":"https:\/\/kraios.app\/news\/wp-json\/wp\/v2\/categories?post=12255"},{"taxonomy":"post_tag","embeddable":true,"href":"https:\/\/kraios.app\/news\/wp-json\/wp\/v2\/tags?post=12255"}],"curies":[{"name":"wp","href":"https:\/\/api.w.org\/{rel}","templated":true}]}}