{"id":12243,"date":"2023-08-19T05:50:39","date_gmt":"2023-08-19T05:50:39","guid":{"rendered":"https:\/\/kraios.app\/news\/yasam\/2023\/08\/19\/hastane-duvarlari-depremzede-cocuklarin-hayal-dunyasiyla-renkleniyor\/"},"modified":"2023-08-19T05:50:39","modified_gmt":"2023-08-19T05:50:39","slug":"hastane-duvarlari-depremzede-cocuklarin-hayal-dunyasiyla-renkleniyor","status":"publish","type":"post","link":"https:\/\/kraios.app\/news\/yasam\/2023\/08\/19\/hastane-duvarlari-depremzede-cocuklarin-hayal-dunyasiyla-renkleniyor\/","title":{"rendered":"Hastane duvarlar\u0131 depremzede \u00e7ocuklar\u0131n hayal d\u00fcnyas\u0131yla renkleniyor"},"content":{"rendered":"<p><\/p>\n<div>\n<p>&#8220;Asr\u0131n felaketi&#8221; olarak nitelendirilen Kahramanmara\u015f merkezli 6 \u015eubat&#8217;taki depremlerden etkilenen Malatya&#8217;da g\u00f6n\u00fcll\u00fcler, hastaneye gelen depremzede \u00e7ocuklar\u0131n tedavi g\u00f6recekleri alanlarda kendilerini masal d\u00fcnyas\u0131nda hissetmeleri i\u00e7in duvarlar\u0131 \u00e7e\u015fitli resimlerle renklendiriyor.<\/p>\n<p>Malatya E\u011fitim ve Ara\u015ft\u0131rma Hastanesi yetkilileri, depremlerin ard\u0131ndan hastanede ba\u015flat\u0131lan yenileme \u00e7al\u0131\u015fmas\u0131 kapsam\u0131nda Kad\u0131n Do\u011fum ve \u00c7ocuk Binas\u0131 \u00c7ocuk Acil b\u00f6l\u00fcm\u00fcn\u00fcn duvarlar\u0131n\u0131 depremzede \u00e7ocuklar\u0131n hastaneye geldiklerinde ya\u015fad\u0131\u011f\u0131 korku ve tedirginli\u011fi yenmeleri ve daha mutlu sa\u011fl\u0131k hizmeti almalar\u0131n\u0131 sa\u011flamak i\u00e7in farkl\u0131 \u015fekilde tasarlamay\u0131 planlad\u0131.<\/p>\n<p><img decoding=\"async\" alt=\"\" src=\"https:\/\/www.aa.com.tr\/uploads\/userFiles\/caec1b32-8257-4f58-87b0-6657c62b92b3\/New%20folder%2FNew%20folder%20(2)%2FAA-31942395.jpg\"\/><\/p>\n<p>Bu kapsamda Her \u015eey Bir G\u00fcl\u00fcc\u00fck \u0130\u00e7in Derne\u011fi g\u00f6n\u00fcll\u00fcleri ile ileti\u015fime ge\u00e7en hastane yetkilileri, Adana&#8217;dan Malatya&#8217;ya gelen g\u00f6n\u00fcll\u00fcler Neslihan Ku\u015f, Zekeriya Soydan, Metehan Yeltekin ve Ay\u015fe Y\u0131ld\u0131z&#8217;\u0131 kentte a\u011f\u0131rlamaya ba\u015flad\u0131. G\u00f6n\u00fcll\u00fcler, \u00e7ocuk acil servisin duvarlar\u0131na, \u00e7ocuk hastalar\u0131n ilgisini \u00e7ekecek, duyduklar\u0131 ac\u0131y\u0131 hafifletecek, hayal d\u00fcnyalar\u0131na uygun \u00e7izimler yapt\u0131.<\/p>\n<p>Malatya E\u011fitim ve Ara\u015ft\u0131rma Hastanesi Ba\u015fhekim Yard\u0131mc\u0131s\u0131 Dr. \u00d6\u011fretim \u00dcyesi Kadir U\u00e7ka\u00e7, AA muhabirine, Kahramanmara\u015f merkezli depremlerden en \u00e7ok etkilenen illerden birinin Malatya oldu\u011funu s\u00f6yledi.<\/p>\n<p>Kentte bir\u00e7ok vatanda\u015f\u0131n hayat\u0131n\u0131 kaybetmesine \u015fahit olduklar\u0131n\u0131 anlatan U\u00e7ka\u00e7, hayatta kalanlar\u0131n da \u00e7ok ciddi stres y\u00fck\u00fcyle ba\u015f etme durumunda kald\u0131\u011f\u0131n\u0131 ifade etti.<\/p>\n<p><img decoding=\"async\" alt=\"\" src=\"https:\/\/www.aa.com.tr\/uploads\/userFiles\/caec1b32-8257-4f58-87b0-6657c62b92b3\/New%20folder%2FNew%20folder%20(2)%2FAA-31942405.jpg\"\/><\/p>\n<h3>&#8220;\u015eahane bir eser ortaya \u00e7\u0131kt\u0131&#8221;<\/h3>\n<p>U\u00e7ka\u00e7, depremin ya\u015fatt\u0131\u011f\u0131 strese en \u00e7ok \u00e7ocuklar\u0131n maruz kald\u0131\u011f\u0131n\u0131 aktararak, \u015f\u00f6yle devam etti:<\/p>\n<p>&#8220;Hastanemizin tamirat, tadilat\u0131n\u0131 yaparken b\u00f6yle bir fikir geli\u015fti. \u00c7ocuklar\u0131n en az\u0131ndan tedavi ald\u0131klar\u0131 yerde e\u011flenceli zaman ge\u00e7irebilmeleri daha renkli bir yerde tedavi alabilmeleri i\u00e7in bir proje geli\u015ftirdik. D\u00f6rt arkada\u015f\u0131m\u0131z, 4 g\u00fcn boyunca hi\u00e7bir \u00fccret talep etmeden deprem b\u00f6lgesindeki \u00e7ocuklara destek olmak amac\u0131yla projelerimize destek oldu. \u015eahane bir eser ortaya \u00e7\u0131kt\u0131. \u00c7ocuklar\u0131n bu s\u00fcre\u00e7te \u00e7ok ciddi olumlu tepkileri var. \u00d6zellikle kan alma birimine yapt\u0131\u011f\u0131m\u0131z resimleri incelerken \u00e7ocuklar\u0131n a\u011flama s\u00fcreleri ve say\u0131lar\u0131 d\u00fc\u015ft\u00fc. \u00c7ocuklar resimleri incelerken damar yollar\u0131 a\u00e7\u0131l\u0131yor, ila\u00e7lar\u0131 tak\u0131l\u0131yor, fark\u0131na varmadan tedavilerini al\u0131yorlar. Bu \u00e7ok olumlu bir geri bildirim oldu bizim i\u00e7in.&#8221;<\/p>\n<h3>&#8220;A\u011flayarak hastaneye giren \u00e7ocuklar g\u00fclerek \u00e7\u0131k\u0131yor&#8221;<\/h3>\n<p>G\u00f6n\u00fcll\u00fc Neslihan Ku\u015f ise derneklerinin &#8220;D\u00fcnyay\u0131 Renklendiriyoruz&#8221; projesi kapsam\u0131nda depremden etkilenen Malatya&#8217;da \u00e7al\u0131\u015fma y\u00fcr\u00fctt\u00fcklerini s\u00f6yledi.<\/p>\n<p>Hastanenin duvarlar\u0131n\u0131 renklendirdiklerini anlatan Ku\u015f, &#8220;Depremzede \u00e7ocuklara motivasyon sa\u011flamak i\u00e7in \u00e7al\u0131\u015fma yapt\u0131k. \u00c7izimleri \u00e7ocuklarla beraber yapt\u0131k ve \u00e7ok fazla olumlu d\u00f6n\u00fc\u015fler ald\u0131k. (Art\u00e7\u0131 depremler) Deprem an\u0131nda da boyama yap\u0131yorduk. Geri geldi\u011fimizde \u00e7ocuklar resimlere bak\u0131yordu, depremin hi\u00e7 fark\u0131nda bile olmad\u0131lar. O y\u00fczden mutluyuz. Derne\u011fimizin amac\u0131 \u00e7ocuk dostu alanlar yaratmak.&#8221; dedi.<\/p>\n<p>Ku\u015f, \u00e7al\u0131\u015fmalar\u0131na olumlu geri d\u00f6n\u00fc\u015flerin oldu\u011funu dile getirerek, &#8220;\u00c7ocuklar hastaneye hem tedavi olacaklar\u0131 i\u00e7in hem de deprem nedeniyle tedirgin giriyor. Ancak a\u011flayarak hastaneye giren \u00e7ocuklar\u0131n g\u00fclerek \u00e7\u0131kt\u0131\u011f\u0131n\u0131 ya da dikkatlerinin da\u011f\u0131ld\u0131\u011f\u0131n\u0131 g\u00f6zlemliyoruz.&#8221; diye konu\u015ftu.<\/p>\n<p>                            <span class=\"detay-foto-editor\">&#13;<br \/>\n                                <a href=\"https:\/\/www.aa.com.tr\/tr\/p\/abonelik-talep-formu\/1001\" target=\"_blank\" style=\"font-size:12px; color:#444; text-decoration:none;\" rel=\"noopener\">&#13;<br \/>\n                                    Anadolu Ajans\u0131 web sitesinde, AA Haber Ak\u0131\u015f Sistemi (HAS) \u00fczerinden abonelere sunulan haberler, \u00f6zetlenerek yay\u0131mlanmaktad\u0131r. <b style=\"color:#1897F7\">Abonelik i\u00e7in l\u00fctfen ileti\u015fime ge\u00e7iniz.<\/b>&#13;<br \/>\n                                <\/a>&#13;<br \/>\n                            <\/span>\n                        <\/div>\n<p><script>\n\t  window.fbAsyncInit = function() {\n\t\tFB.init({\n\t\t  appId: '1855843514662870',\n\t\t  status : true, \/\/ check login status\n\t\t  cookie : true, \/\/ enable cookies to allow the server to access the session\n\t\t  xfbml  : true  \/\/ parse XFBML\n\t\t});\n\t  };<\/p>\n<p>\t  (function() {\n\t\tvar e = document.createElement('script');\n\t\te.src=\"https:\/\/connect.facebook.net\/tr_TR\/all.js\";\n\t\te.async = true;\n\t\tdocument.getElementById('fb-root').appendChild(e);\n\t  }());\n    <\/script><\/p>\n","protected":false},"excerpt":{"rendered":"<p>&#8220;Asr\u0131n felaketi&#8221; olarak nitelendirilen Kahramanmara\u015f merkezli 6 \u015eubat&#8217;taki depremlerden etkilenen Malatya&#8217;da g\u00f6n\u00fcll\u00fcler, hastaneye gelen depremzede \u00e7ocuklar\u0131n tedavi g\u00f6recekleri alanlarda kendilerini masal d\u00fcnyas\u0131nda hissetmeleri i\u00e7in duvarlar\u0131 \u00e7e\u015fitli resimlerle renklendiriyor. Malatya E\u011fitim ve Ara\u015ft\u0131rma Hastanesi yetkilileri, depremlerin ard\u0131ndan hastanede ba\u015flat\u0131lan yenileme \u00e7al\u0131\u015fmas\u0131 kapsam\u0131nda Kad\u0131n Do\u011fum ve \u00c7ocuk Binas\u0131 \u00c7ocuk Acil b\u00f6l\u00fcm\u00fcn\u00fcn duvarlar\u0131n\u0131 depremzede \u00e7ocuklar\u0131n hastaneye geldiklerinde ya\u015fad\u0131\u011f\u0131 [&hellip;]<\/p>\n","protected":false},"author":1,"featured_media":12244,"comment_status":"","ping_status":"","sticky":false,"template":"","format":"standard","meta":[],"categories":[50],"tags":[],"_links":{"self":[{"href":"https:\/\/kraios.app\/news\/wp-json\/wp\/v2\/posts\/12243"}],"collection":[{"href":"https:\/\/kraios.app\/news\/wp-json\/wp\/v2\/posts"}],"about":[{"href":"https:\/\/kraios.app\/news\/wp-json\/wp\/v2\/types\/post"}],"author":[{"embeddable":true,"href":"https:\/\/kraios.app\/news\/wp-json\/wp\/v2\/users\/1"}],"replies":[{"embeddable":true,"href":"https:\/\/kraios.app\/news\/wp-json\/wp\/v2\/comments?post=12243"}],"version-history":[{"count":0,"href":"https:\/\/kraios.app\/news\/wp-json\/wp\/v2\/posts\/12243\/revisions"}],"wp:featuredmedia":[{"embeddable":true,"href":"https:\/\/kraios.app\/news\/wp-json\/wp\/v2\/media\/12244"}],"wp:attachment":[{"href":"https:\/\/kraios.app\/news\/wp-json\/wp\/v2\/media?parent=12243"}],"wp:term":[{"taxonomy":"category","embeddable":true,"href":"https:\/\/kraios.app\/news\/wp-json\/wp\/v2\/categories?post=12243"},{"taxonomy":"post_tag","embeddable":true,"href":"https:\/\/kraios.app\/news\/wp-json\/wp\/v2\/tags?post=12243"}],"curies":[{"name":"wp","href":"https:\/\/api.w.org\/{rel}","templated":true}]}}