{"id":12212,"date":"2023-08-18T17:48:56","date_gmt":"2023-08-18T17:48:56","guid":{"rendered":"https:\/\/kraios.app\/news\/spor\/2023\/08\/18\/psgde-kylian-mbappe-kadroya-alindi\/"},"modified":"2023-08-18T17:48:56","modified_gmt":"2023-08-18T17:48:56","slug":"psgde-kylian-mbappe-kadroya-alindi","status":"publish","type":"post","link":"https:\/\/kraios.app\/news\/spor\/2023\/08\/18\/psgde-kylian-mbappe-kadroya-alindi\/","title":{"rendered":"PSG&#039;de Kylian Mbappe kadroya al\u0131nd\u0131"},"content":{"rendered":"<p>Fransa 1. Futbol Ligi (Ligue 1) ekiplerinden Paris-Saint-Germain&#8217;in (PSG) yar\u0131n Toulouse ile oynayaca\u011f\u0131 lig ma\u00e7\u0131n\u0131n kadrosunda, y\u0131ld\u0131z oyuncu Kylian Mbappe&#8217;ye yer verildi.<\/p>\n","protected":false},"excerpt":{"rendered":"<p>Fransa 1. Futbol Ligi (Ligue 1) ekiplerinden Paris-Saint-Germain&#8217;in (PSG) yar\u0131n Toulouse ile oynayaca\u011f\u0131 lig ma\u00e7\u0131n\u0131n kadrosunda, y\u0131ld\u0131z oyuncu Kylian Mbappe&#8217;ye yer verildi.<\/p>\n","protected":false},"author":1,"featured_media":12213,"comment_status":"","ping_status":"","sticky":false,"template":"","format":"standard","meta":[],"categories":[48],"tags":[],"_links":{"self":[{"href":"https:\/\/kraios.app\/news\/wp-json\/wp\/v2\/posts\/12212"}],"collection":[{"href":"https:\/\/kraios.app\/news\/wp-json\/wp\/v2\/posts"}],"about":[{"href":"https:\/\/kraios.app\/news\/wp-json\/wp\/v2\/types\/post"}],"author":[{"embeddable":true,"href":"https:\/\/kraios.app\/news\/wp-json\/wp\/v2\/users\/1"}],"replies":[{"embeddable":true,"href":"https:\/\/kraios.app\/news\/wp-json\/wp\/v2\/comments?post=12212"}],"version-history":[{"count":0,"href":"https:\/\/kraios.app\/news\/wp-json\/wp\/v2\/posts\/12212\/revisions"}],"wp:featuredmedia":[{"embeddable":true,"href":"https:\/\/kraios.app\/news\/wp-json\/wp\/v2\/media\/12213"}],"wp:attachment":[{"href":"https:\/\/kraios.app\/news\/wp-json\/wp\/v2\/media?parent=12212"}],"wp:term":[{"taxonomy":"category","embeddable":true,"href":"https:\/\/kraios.app\/news\/wp-json\/wp\/v2\/categories?post=12212"},{"taxonomy":"post_tag","embeddable":true,"href":"https:\/\/kraios.app\/news\/wp-json\/wp\/v2\/tags?post=12212"}],"curies":[{"name":"wp","href":"https:\/\/api.w.org\/{rel}","templated":true}]}}