{"id":12197,"date":"2023-08-18T15:49:07","date_gmt":"2023-08-18T15:49:07","guid":{"rendered":"https:\/\/kraios.app\/news\/spor\/2023\/08\/18\/turk-takimlarinin-uefa-avrupa-konferans-ligindeki-ilk-maclarinin-hakemleri-belli-oldu\/"},"modified":"2023-08-18T15:49:07","modified_gmt":"2023-08-18T15:49:07","slug":"turk-takimlarinin-uefa-avrupa-konferans-ligindeki-ilk-maclarinin-hakemleri-belli-oldu","status":"publish","type":"post","link":"https:\/\/kraios.app\/news\/spor\/2023\/08\/18\/turk-takimlarinin-uefa-avrupa-konferans-ligindeki-ilk-maclarinin-hakemleri-belli-oldu\/","title":{"rendered":"T\u00fcrk tak\u0131mlar\u0131n\u0131n UEFA Avrupa Konferans Ligi&#039;ndeki ilk ma\u00e7lar\u0131n\u0131n hakemleri belli oldu"},"content":{"rendered":"<p>Be\u015fikta\u015f, Fenerbah\u00e7e ve Yukatel Adana Demirspor&#8217;un UEFA Avrupa Konferans Ligi&#8217;nde 24 A\u011fustos Per\u015fembe g\u00fcn\u00fc oynayaca\u011f\u0131 play-off turu ilk ma\u00e7lar\u0131n\u0131 y\u00f6netecek hakemler belli oldu.<\/p>\n","protected":false},"excerpt":{"rendered":"<p>Be\u015fikta\u015f, Fenerbah\u00e7e ve Yukatel Adana Demirspor&#8217;un UEFA Avrupa Konferans Ligi&#8217;nde 24 A\u011fustos Per\u015fembe g\u00fcn\u00fc oynayaca\u011f\u0131 play-off turu ilk ma\u00e7lar\u0131n\u0131 y\u00f6netecek hakemler belli oldu.<\/p>\n","protected":false},"author":1,"featured_media":12198,"comment_status":"","ping_status":"","sticky":false,"template":"","format":"standard","meta":[],"categories":[48],"tags":[],"_links":{"self":[{"href":"https:\/\/kraios.app\/news\/wp-json\/wp\/v2\/posts\/12197"}],"collection":[{"href":"https:\/\/kraios.app\/news\/wp-json\/wp\/v2\/posts"}],"about":[{"href":"https:\/\/kraios.app\/news\/wp-json\/wp\/v2\/types\/post"}],"author":[{"embeddable":true,"href":"https:\/\/kraios.app\/news\/wp-json\/wp\/v2\/users\/1"}],"replies":[{"embeddable":true,"href":"https:\/\/kraios.app\/news\/wp-json\/wp\/v2\/comments?post=12197"}],"version-history":[{"count":0,"href":"https:\/\/kraios.app\/news\/wp-json\/wp\/v2\/posts\/12197\/revisions"}],"wp:featuredmedia":[{"embeddable":true,"href":"https:\/\/kraios.app\/news\/wp-json\/wp\/v2\/media\/12198"}],"wp:attachment":[{"href":"https:\/\/kraios.app\/news\/wp-json\/wp\/v2\/media?parent=12197"}],"wp:term":[{"taxonomy":"category","embeddable":true,"href":"https:\/\/kraios.app\/news\/wp-json\/wp\/v2\/categories?post=12197"},{"taxonomy":"post_tag","embeddable":true,"href":"https:\/\/kraios.app\/news\/wp-json\/wp\/v2\/tags?post=12197"}],"curies":[{"name":"wp","href":"https:\/\/api.w.org\/{rel}","templated":true}]}}