{"id":12186,"date":"2023-08-18T15:46:33","date_gmt":"2023-08-18T15:46:33","guid":{"rendered":"https:\/\/kraios.app\/news\/yasam\/2023\/08\/18\/otizmli-umut-girmeye-korktugu-havuzda-sosyallesip-ozguvenini-artirdi\/"},"modified":"2023-08-18T15:46:33","modified_gmt":"2023-08-18T15:46:33","slug":"otizmli-umut-girmeye-korktugu-havuzda-sosyallesip-ozguvenini-artirdi","status":"publish","type":"post","link":"https:\/\/kraios.app\/news\/yasam\/2023\/08\/18\/otizmli-umut-girmeye-korktugu-havuzda-sosyallesip-ozguvenini-artirdi\/","title":{"rendered":"Otizmli Umut girmeye korktu\u011fu havuzda sosyalle\u015fip \u00f6zg\u00fcvenini art\u0131rd\u0131"},"content":{"rendered":"<p><\/p>\n<div>\n<p>Anne Sabiha Midil, 3 ya\u015f\u0131nda otizm te\u015fhisi konulan o\u011flu Umut ve 9 ya\u015f\u0131ndaki k\u0131z\u0131 \u0130rem&#8217;i y\u00fczme kursuna yazd\u0131rd\u0131.<\/p>\n<p>Gen\u00e7lik ve Spor \u0130l M\u00fcd\u00fcrl\u00fc\u011f\u00fc b\u00fcnyesinde a\u00e7\u0131lan kurslara kat\u0131lan ve antren\u00f6rlerinin yard\u0131m\u0131yla y\u00fczebilen Umut&#8217;un, \u00f6nceleri girmeye korktu\u011fu havuzda hayat\u0131 de\u011fi\u015fti.<\/p>\n<p>O\u011flunun suyla tan\u0131\u015ft\u0131ktan sonra sosyalle\u015fti\u011fini g\u00f6ren Sabiha Midil, AA muhabirine, \u00e7ocu\u011funun mutlulu\u011fu i\u00e7in elinden geleni yapt\u0131\u011f\u0131n\u0131 s\u00f6yledi.<\/p>\n<p><img decoding=\"async\" alt=\"\" src=\"https:\/\/www.aa.com.tr\/uploads\/userFiles\/76bad36d-1411-48e8-a1ae-b65e58872c06\/01.02%2F18%2F1%2F20230818_2_59925150_91991366.jpg\"\/><\/p>\n<p>Suyla tan\u0131\u015ft\u0131ktan sonra \u00f6zel \u00e7ocuklar\u0131n daha mutlu ve \u00f6zg\u00fcvenli oldu\u011funu ifade eden Midil, &#8220;B\u00fct\u00fcn \u00f6zel \u00e7ocuklar rehabilitasyon merkezlerinde e\u011fitim al\u0131yorlar. Biz orada uzman doktorun tavsiyesi \u00fczerine y\u00fczmeye ba\u015flad\u0131k. Y\u00fczmenin o\u011fluma iyi gelece\u011fini d\u00fc\u015f\u00fcnd\u00fck. Aktivitelere kat\u0131laca\u011f\u0131n\u0131, \u00f6zg\u00fcveninin artaca\u011f\u0131n\u0131 ve kas geli\u015fimine de faydal\u0131 olaca\u011f\u0131n\u0131 d\u00fc\u015f\u00fcnd\u00fc\u011f\u00fcm\u00fcz i\u00e7in y\u00fczmeye ba\u015flad\u0131k.&#8221; dedi.<\/p>\n<p>Midil, o\u011flunun y\u00fczmeye ba\u015flamas\u0131yla 3 ayda hayat\u0131nda \u00e7ok g\u00fczel de\u011fi\u015fiklikler oldu\u011funu dile getirdi.<\/p>\n<p>Y\u00fczmenin hem bedensel hem de ruhsal y\u00f6nden o\u011fluna katk\u0131 sa\u011flad\u0131\u011f\u0131n\u0131 vurgulayan Midil, \u015f\u00f6yle devam etti:<\/p>\n<p>&#8220;Y\u00fczmeye ba\u015flad\u0131ktan sonra \u00f6zg\u00fcveni artt\u0131, hareketleri de\u011fi\u015fti. Y\u00fczme \u00f6zel \u00e7ocuklar\u0131n her \u015feyini olumlu y\u00f6nde etkiliyor. Suya girmekten korkuyordu, havuza geldikten sonra suya severek girmeye ba\u015flad\u0131. Suya girince \u00e7\u0131kmak istemiyor. \u0130n\u015fallah uzun s\u00fcre y\u00fczmeye devam edece\u011fiz. \u00c7\u00fcnk\u00fc y\u00fczmenin \u00e7ok faydas\u0131n\u0131 g\u00f6rd\u00fck. Suda \u00e7ok mutlu oluyor, onu rahatlat\u0131yor. Onun her hareketi, kendi kendine bir \u015feyler yapmas\u0131 bizi \u00e7ok mutlu ediyor.&#8221;<\/p>\n<p><img decoding=\"async\" alt=\"\" src=\"https:\/\/www.aa.com.tr\/uploads\/userFiles\/76bad36d-1411-48e8-a1ae-b65e58872c06\/01.02%2F16%2F1%2F20230818_2_59925150_91991362.jpg\"\/><\/p>\n<h3>&#8220;Y\u00fczme ona \u00f6zg\u00fcven kazand\u0131rd\u0131&#8221;<\/h3>\n<p>Y\u00fczme antren\u00f6r\u00fc An\u0131l Bulut da \u00f6zel \u00e7ocuklar\u0131 suyla tan\u0131\u015ft\u0131r\u0131p sosyalle\u015ftirmek i\u00e7in kurslar\u0131n devam etti\u011fini aktard\u0131.<\/p>\n<p>Umut&#8217;un y\u00fczmekten keyif almas\u0131n\u0131n kendilerini de sevindirdi\u011fini dile getiren Bulut, &#8220;Umut ilk geldi\u011finde sudan korkuyordu, ayak hareketleri yapm\u0131yordu, kollar\u0131n\u0131 b\u0131rakm\u0131yordu. \u015eimdi kendini serbest b\u0131rakabiliyor suda. Y\u00fczmeye ba\u015flad\u0131 yava\u015f yava\u015f. Tabii bu uzun bir s\u00fcre\u00e7 onun i\u00e7in. Hemen \u00e7abuk olan \u015feyler de\u011fil. \u0130lerleyen aylarda daha da iyi olaca\u011f\u0131n\u0131 d\u00fc\u015f\u00fcn\u00fcyorum. Y\u00fczme ona \u00f6zg\u00fcven kazand\u0131rd\u0131. B\u00fct\u00fcn \u00f6zel \u00e7ocuklar\u0131n y\u00fczmeyle tan\u0131\u015fmas\u0131yla \u00f6zg\u00fcvenleri art\u0131yor, sosyalle\u015fiyorlar.&#8221; diye konu\u015ftu.<\/p>\n<p>                            <span class=\"detay-foto-editor\">&#13;<br \/>\n                                <a href=\"https:\/\/www.aa.com.tr\/tr\/p\/abonelik-talep-formu\/1001\" target=\"_blank\" style=\"font-size:12px; color:#444; text-decoration:none;\" rel=\"noopener\">&#13;<br \/>\n                                    Anadolu Ajans\u0131 web sitesinde, AA Haber Ak\u0131\u015f Sistemi (HAS) \u00fczerinden abonelere sunulan haberler, \u00f6zetlenerek yay\u0131mlanmaktad\u0131r. <b style=\"color:#1897F7\">Abonelik i\u00e7in l\u00fctfen ileti\u015fime ge\u00e7iniz.<\/b>&#13;<br \/>\n                                <\/a>&#13;<br \/>\n                            <\/span>\n                        <\/div>\n<p><script>\n\t  window.fbAsyncInit = function() {\n\t\tFB.init({\n\t\t  appId: '1855843514662870',\n\t\t  status : true, \/\/ check login status\n\t\t  cookie : true, \/\/ enable cookies to allow the server to access the session\n\t\t  xfbml  : true  \/\/ parse XFBML\n\t\t});\n\t  };<\/p>\n<p>\t  (function() {\n\t\tvar e = document.createElement('script');\n\t\te.src=\"https:\/\/connect.facebook.net\/tr_TR\/all.js\";\n\t\te.async = true;\n\t\tdocument.getElementById('fb-root').appendChild(e);\n\t  }());\n    <\/script><\/p>\n","protected":false},"excerpt":{"rendered":"<p>Anne Sabiha Midil, 3 ya\u015f\u0131nda otizm te\u015fhisi konulan o\u011flu Umut ve 9 ya\u015f\u0131ndaki k\u0131z\u0131 \u0130rem&#8217;i y\u00fczme kursuna yazd\u0131rd\u0131. Gen\u00e7lik ve Spor \u0130l M\u00fcd\u00fcrl\u00fc\u011f\u00fc b\u00fcnyesinde a\u00e7\u0131lan kurslara kat\u0131lan ve antren\u00f6rlerinin yard\u0131m\u0131yla y\u00fczebilen Umut&#8217;un, \u00f6nceleri girmeye korktu\u011fu havuzda hayat\u0131 de\u011fi\u015fti. O\u011flunun suyla tan\u0131\u015ft\u0131ktan sonra sosyalle\u015fti\u011fini g\u00f6ren Sabiha Midil, AA muhabirine, \u00e7ocu\u011funun mutlulu\u011fu i\u00e7in elinden geleni yapt\u0131\u011f\u0131n\u0131 s\u00f6yledi. [&hellip;]<\/p>\n","protected":false},"author":1,"featured_media":12187,"comment_status":"","ping_status":"","sticky":false,"template":"","format":"standard","meta":[],"categories":[50],"tags":[],"_links":{"self":[{"href":"https:\/\/kraios.app\/news\/wp-json\/wp\/v2\/posts\/12186"}],"collection":[{"href":"https:\/\/kraios.app\/news\/wp-json\/wp\/v2\/posts"}],"about":[{"href":"https:\/\/kraios.app\/news\/wp-json\/wp\/v2\/types\/post"}],"author":[{"embeddable":true,"href":"https:\/\/kraios.app\/news\/wp-json\/wp\/v2\/users\/1"}],"replies":[{"embeddable":true,"href":"https:\/\/kraios.app\/news\/wp-json\/wp\/v2\/comments?post=12186"}],"version-history":[{"count":0,"href":"https:\/\/kraios.app\/news\/wp-json\/wp\/v2\/posts\/12186\/revisions"}],"wp:featuredmedia":[{"embeddable":true,"href":"https:\/\/kraios.app\/news\/wp-json\/wp\/v2\/media\/12187"}],"wp:attachment":[{"href":"https:\/\/kraios.app\/news\/wp-json\/wp\/v2\/media?parent=12186"}],"wp:term":[{"taxonomy":"category","embeddable":true,"href":"https:\/\/kraios.app\/news\/wp-json\/wp\/v2\/categories?post=12186"},{"taxonomy":"post_tag","embeddable":true,"href":"https:\/\/kraios.app\/news\/wp-json\/wp\/v2\/tags?post=12186"}],"curies":[{"name":"wp","href":"https:\/\/api.w.org\/{rel}","templated":true}]}}