{"id":12177,"date":"2023-08-18T13:59:30","date_gmt":"2023-08-18T13:59:30","guid":{"rendered":"https:\/\/kraios.app\/news\/spor\/2023\/08\/18\/turkiye-16-yas-alti-satranc-olimpiyatinda-2-oldu\/"},"modified":"2023-08-18T13:59:30","modified_gmt":"2023-08-18T13:59:30","slug":"turkiye-16-yas-alti-satranc-olimpiyatinda-2-oldu","status":"publish","type":"post","link":"https:\/\/kraios.app\/news\/spor\/2023\/08\/18\/turkiye-16-yas-alti-satranc-olimpiyatinda-2-oldu\/","title":{"rendered":"T\u00fcrkiye, 16 Ya\u015f Alt\u0131 Satran\u00e7 Olimpiyat\u0131&#039;nda 2. oldu"},"content":{"rendered":"<p>T\u00fcrkiye Gen\u00e7 Milli Satran\u00e7 Tak\u0131m\u0131, Hollanda\u2019da d\u00fczenlenen Uluslararas\u0131 Satran\u00e7 Federasyonu (FIDE) 16 Ya\u015f Alt\u0131 Satran\u00e7 Olimpiyat\u0131\u2019nda ikinci oldu.<\/p>\n","protected":false},"excerpt":{"rendered":"<p>T\u00fcrkiye Gen\u00e7 Milli Satran\u00e7 Tak\u0131m\u0131, Hollanda\u2019da d\u00fczenlenen Uluslararas\u0131 Satran\u00e7 Federasyonu (FIDE) 16 Ya\u015f Alt\u0131 Satran\u00e7 Olimpiyat\u0131\u2019nda ikinci oldu.<\/p>\n","protected":false},"author":1,"featured_media":12178,"comment_status":"","ping_status":"","sticky":false,"template":"","format":"standard","meta":[],"categories":[48],"tags":[],"_links":{"self":[{"href":"https:\/\/kraios.app\/news\/wp-json\/wp\/v2\/posts\/12177"}],"collection":[{"href":"https:\/\/kraios.app\/news\/wp-json\/wp\/v2\/posts"}],"about":[{"href":"https:\/\/kraios.app\/news\/wp-json\/wp\/v2\/types\/post"}],"author":[{"embeddable":true,"href":"https:\/\/kraios.app\/news\/wp-json\/wp\/v2\/users\/1"}],"replies":[{"embeddable":true,"href":"https:\/\/kraios.app\/news\/wp-json\/wp\/v2\/comments?post=12177"}],"version-history":[{"count":0,"href":"https:\/\/kraios.app\/news\/wp-json\/wp\/v2\/posts\/12177\/revisions"}],"wp:featuredmedia":[{"embeddable":true,"href":"https:\/\/kraios.app\/news\/wp-json\/wp\/v2\/media\/12178"}],"wp:attachment":[{"href":"https:\/\/kraios.app\/news\/wp-json\/wp\/v2\/media?parent=12177"}],"wp:term":[{"taxonomy":"category","embeddable":true,"href":"https:\/\/kraios.app\/news\/wp-json\/wp\/v2\/categories?post=12177"},{"taxonomy":"post_tag","embeddable":true,"href":"https:\/\/kraios.app\/news\/wp-json\/wp\/v2\/tags?post=12177"}],"curies":[{"name":"wp","href":"https:\/\/api.w.org\/{rel}","templated":true}]}}