{"id":12134,"date":"2023-08-18T04:20:04","date_gmt":"2023-08-18T04:20:04","guid":{"rendered":"https:\/\/kraios.app\/news\/ekonomi\/2023\/08\/18\/ulastirma-ve-altyapi-bakani-uraloglu-konyaray-projesinin-1-etabinda-hat-sayisini-4e-cikaracagiz\/"},"modified":"2023-08-18T04:20:04","modified_gmt":"2023-08-18T04:20:04","slug":"ulastirma-ve-altyapi-bakani-uraloglu-konyaray-projesinin-1-etabinda-hat-sayisini-4e-cikaracagiz","status":"publish","type":"post","link":"https:\/\/kraios.app\/news\/ekonomi\/2023\/08\/18\/ulastirma-ve-altyapi-bakani-uraloglu-konyaray-projesinin-1-etabinda-hat-sayisini-4e-cikaracagiz\/","title":{"rendered":"Ula\u015ft\u0131rma ve Altyap\u0131 Bakan\u0131 Uralo\u011flu: KonyaRay Projesinin 1. etab\u0131nda hat say\u0131s\u0131n\u0131 4&#039;e \u00e7\u0131karaca\u011f\u0131z"},"content":{"rendered":"<p> <br \/>\n<br \/>Ula\u015ft\u0131rma ve Altyap\u0131 Bakan\u0131 Abdulkadir Uralo\u011flu, KonyaRay Projesinin 1. etab\u0131 olan 17,4 kilometrelik Konya Gar ile Kayac\u0131k Lojistik Merkezi aras\u0131na yeni bir hat daha ilave ederek, toplam hat say\u0131s\u0131n\u0131 4&#8217;e \u00e7\u0131karacaklar\u0131n\u0131 bildirdi.<br \/>\n<br \/><br \/>\n<br \/><a href=\"https:\/\/www.aa.com.tr\/tr\/ekonomi\/ulastirma-ve-altyapi-bakani-uraloglu-konyaray-projesinin-1-etabinda-hat-sayisini-4e-cikaracagiz\/2969694\">Source link <\/a><\/p>\n","protected":false},"excerpt":{"rendered":"<p>Ula\u015ft\u0131rma ve Altyap\u0131 Bakan\u0131 Abdulkadir Uralo\u011flu, KonyaRay Projesinin 1. etab\u0131 olan 17,4 kilometrelik Konya Gar ile Kayac\u0131k Lojistik Merkezi aras\u0131na yeni bir hat daha ilave ederek, toplam hat say\u0131s\u0131n\u0131 4&#8217;e \u00e7\u0131karacaklar\u0131n\u0131 bildirdi. Source link<\/p>\n","protected":false},"author":1,"featured_media":12135,"comment_status":"","ping_status":"","sticky":false,"template":"","format":"standard","meta":[],"categories":[44],"tags":[],"_links":{"self":[{"href":"https:\/\/kraios.app\/news\/wp-json\/wp\/v2\/posts\/12134"}],"collection":[{"href":"https:\/\/kraios.app\/news\/wp-json\/wp\/v2\/posts"}],"about":[{"href":"https:\/\/kraios.app\/news\/wp-json\/wp\/v2\/types\/post"}],"author":[{"embeddable":true,"href":"https:\/\/kraios.app\/news\/wp-json\/wp\/v2\/users\/1"}],"replies":[{"embeddable":true,"href":"https:\/\/kraios.app\/news\/wp-json\/wp\/v2\/comments?post=12134"}],"version-history":[{"count":0,"href":"https:\/\/kraios.app\/news\/wp-json\/wp\/v2\/posts\/12134\/revisions"}],"wp:featuredmedia":[{"embeddable":true,"href":"https:\/\/kraios.app\/news\/wp-json\/wp\/v2\/media\/12135"}],"wp:attachment":[{"href":"https:\/\/kraios.app\/news\/wp-json\/wp\/v2\/media?parent=12134"}],"wp:term":[{"taxonomy":"category","embeddable":true,"href":"https:\/\/kraios.app\/news\/wp-json\/wp\/v2\/categories?post=12134"},{"taxonomy":"post_tag","embeddable":true,"href":"https:\/\/kraios.app\/news\/wp-json\/wp\/v2\/tags?post=12134"}],"curies":[{"name":"wp","href":"https:\/\/api.w.org\/{rel}","templated":true}]}}