{"id":12111,"date":"2023-08-17T17:20:05","date_gmt":"2023-08-17T17:20:05","guid":{"rendered":"https:\/\/kraios.app\/news\/ekonomi\/2023\/08\/17\/ab-gaz-depolarinin-doluluk-orani-neredeyse-yuzde-90i-buldu\/"},"modified":"2023-08-17T17:20:05","modified_gmt":"2023-08-17T17:20:05","slug":"ab-gaz-depolarinin-doluluk-orani-neredeyse-yuzde-90i-buldu","status":"publish","type":"post","link":"https:\/\/kraios.app\/news\/ekonomi\/2023\/08\/17\/ab-gaz-depolarinin-doluluk-orani-neredeyse-yuzde-90i-buldu\/","title":{"rendered":"AB gaz depolar\u0131n\u0131n doluluk oran\u0131 neredeyse y\u00fczde 90&#8217;\u0131 buldu"},"content":{"rendered":"<p> <br \/>\n<\/p>\n<div>\n<p>Avrupa Birli\u011fi (<strong>AB<\/strong>) \u00fcyesi \u00fclkeler, do\u011fal gaz depolar\u0131n\u0131 yakla\u015f\u0131k y\u00fczde 90 seviyesinde doldurdu.<\/p>\n<p>AB Komisyonu S\u00f6zc\u00fcs\u00fc Stefan de Keersmaecker, Br\u00fcksel&#8217;de d\u00fczenlenen bas\u0131n toplant\u0131s\u0131nda <strong>AB gaz depolar\u0131n\u0131n<\/strong> doluluk durumuna ili\u015fkin a\u00e7\u0131klamalarda bulundu.<\/p>\n<p>\u00dcye \u00fclkelerin 1 Kas\u0131m&#8217;a kadar do\u011fal gaz depolar\u0131n\u0131 en az y\u00fczde 90 oran\u0131nda doldurma hedefi belirlediklerini an\u0131msatan Keersmaecker, &#8220;Bug\u00fcn itibar\u0131yla do\u011fal gaz depolama oran\u0131 89,89 seviyesine ula\u015ft\u0131.&#8221; dedi.<\/p>\n<p>Keersmaecker, AB \u00fclkelerinin gaz depolama tesislerini doldurma y\u00fck\u00fcml\u00fcl\u00fc\u011f\u00fcn\u00fcn \u00f6neminin fark\u0131nda olduklar\u0131na dikkati \u00e7ekerek, depolar\u0131 doldurma s\u00fcrecinin devam etti\u011fini ve do\u011fru yolda ilerlediklerini ifade etti.<\/p>\n<p>Normal d\u00f6nemlerde y\u0131lda yakla\u015f\u0131k 400 milyar metrek\u00fcp do\u011fal gaz t\u00fcketen AB \u00fclkelerinin 110 milyar metrek\u00fcp kadar do\u011fal gaz depolama kapasitesi bulunuyor.<\/p>\n<p>AB \u00fclkeleri, Rusya- Ukrayna Sava\u015f\u0131 \u00f6ncesinde do\u011fal gaz\u0131n\u0131n y\u00fczde 40&#8217;\u0131n\u0131 Rusya&#8217;dan ithal ediyordu. Sava\u015fla birlikte Rusya&#8217;da AB&#8217;ye do\u011fal gaz sevkiyat\u0131 b\u00fcy\u00fck \u00f6l\u00e7\u00fcde azald\u0131.<\/p>\n<p>Birlik \u00fclkeleri sava\u015f\u0131n ba\u015flamas\u0131yla yer alt\u0131 do\u011fal gaz depolar\u0131n\u0131n k\u0131\u015f aylar\u0131na kadar doldurmay\u0131 zorunlu k\u0131lacak yasal d\u00fczenlemeler haz\u0131rlam\u0131\u015ft\u0131.<\/p>\n<p>Bu kapsamda, gaz depolar\u0131nda bu y\u0131l 1 Kas\u0131m&#8217;a kadar y\u00fczde 90 dolulu\u011fa ula\u015f\u0131lmas\u0131 planlanm\u0131\u015ft\u0131. Ula\u015f\u0131lan son seviye ile AB hedefini yakla\u015f\u0131k 2,5 ay \u00f6nce yakalam\u0131\u015f oldu.<\/p>\n<h3>Fiyatlardaki dalgalanma devam ediyor<\/h3>\n<p>AB&#8217;nin gaz depolar\u0131ndaki y\u00fcksek doluluk oranlar\u0131na ra\u011fmen, k\u0131tada gaz fiyatlar\u0131 son g\u00fcnlerdeki dalgal\u0131 seyrini s\u00fcrd\u00fcr\u00fcyor.<\/p>\n<p>Fiyatlardaki oynakl\u0131kta, Avustralya&#8217;da s\u0131v\u0131la\u015ft\u0131r\u0131lm\u0131\u015f do\u011fal gaz (<strong>LNG<\/strong>) tesislerindeki \u00e7al\u0131\u015fanlar\u0131n planlad\u0131\u011f\u0131 grevin k\u00fcresel LNG arz\u0131n\u0131n y\u00fczde 10&#8217;unu aksatabilece\u011fine y\u00f6nelik endi\u015feler etkili oluyor.<\/p>\n<p>Avrupa&#8217;da derinli\u011fi en fazla olan Hollanda merkezli sanal do\u011fal gaz ticaret noktas\u0131 TTF&#8217;de, eyl\u00fcl vadeli kontratlarda megavatsaat ba\u015f\u0131na gaz fiyat\u0131 bug\u00fcn 36,8 avro seviyesinden i\u015flem g\u00f6r\u00fcyor.<\/p>\n<p>Gaz fiyatlar\u0131, ge\u00e7en hafta \u00e7\u0131kan grev haberlerinin hemen ard\u0131ndan y\u00fczde 30 art\u0131\u015f g\u00f6stermi\u015fti.<\/p>\n<p>Avustralya&#8217;n\u0131n Avrupa&#8217;ya do\u011frudan LNG tedariki k\u0131s\u0131tl\u0131 olmas\u0131na ra\u011fmen, Rusya-Ukrayna Sava\u015f\u0131&#8217;n\u0131n ard\u0131ndan k\u0131taya Rus gaz\u0131 arz\u0131n\u0131n b\u00fcy\u00fck \u00f6l\u00e7\u00fcde azalm\u0131\u015f olmas\u0131 Avrupa&#8217;n\u0131n LNG ithalat ba\u011f\u0131ml\u0131l\u0131\u011f\u0131n\u0131 art\u0131rd\u0131. Bu nedenle, k\u00fcresel LNG piyasalar\u0131nda olu\u015fan arz endi\u015feleri, Avrupa&#8217;daki gaz fiyatlar\u0131n\u0131 do\u011frudan etkiliyor ve mevcut riskler, fiyatlarda dalgalanmaya yol a\u00e7\u0131yor.<\/p>\n<p>                            <span class=\"detay-foto-editor\">&#13;<br \/>\n                                <a href=\"https:\/\/www.aa.com.tr\/tr\/p\/abonelik-talep-formu\/1001\" target=\"_blank\" style=\"font-size:12px; color:#444; text-decoration:none;\" rel=\"noopener\">&#13;<br \/>\n                                    Anadolu Ajans\u0131 web sitesinde, AA Haber Ak\u0131\u015f Sistemi (HAS) \u00fczerinden abonelere sunulan haberler, \u00f6zetlenerek yay\u0131mlanmaktad\u0131r. <b style=\"color:#1897F7\">Abonelik i\u00e7in l\u00fctfen ileti\u015fime ge\u00e7iniz.<\/b>&#13;<br \/>\n                                <\/a>&#13;<br \/>\n                            <\/span>\n                        <\/div>\n<p><script>\n\t  window.fbAsyncInit = function() {\n\t\tFB.init({\n\t\t  appId: '1855843514662870',\n\t\t  status : true, \/\/ check login status\n\t\t  cookie : true, \/\/ enable cookies to allow the server to access the session\n\t\t  xfbml  : true  \/\/ parse XFBML\n\t\t});\n\t  };<\/p>\n<p>\t  (function() {\n\t\tvar e = document.createElement('script');\n\t\te.src=\"https:\/\/connect.facebook.net\/tr_TR\/all.js\";\n\t\te.async = true;\n\t\tdocument.getElementById('fb-root').appendChild(e);\n\t  }());\n    <\/script><br \/>\n<br \/><br \/>\n<br \/><a href=\"https:\/\/www.aa.com.tr\/tr\/ekonomi\/ab-gaz-depolarinin-doluluk-orani-neredeyse-yuzde-90i-buldu\/2969712\">Source link <\/a><\/p>\n","protected":false},"excerpt":{"rendered":"<p>Avrupa Birli\u011fi (AB) \u00fcyesi \u00fclkeler, do\u011fal gaz depolar\u0131n\u0131 yakla\u015f\u0131k y\u00fczde 90 seviyesinde doldurdu. AB Komisyonu S\u00f6zc\u00fcs\u00fc Stefan de Keersmaecker, Br\u00fcksel&#8217;de d\u00fczenlenen bas\u0131n toplant\u0131s\u0131nda AB gaz depolar\u0131n\u0131n doluluk durumuna ili\u015fkin a\u00e7\u0131klamalarda bulundu. \u00dcye \u00fclkelerin 1 Kas\u0131m&#8217;a kadar do\u011fal gaz depolar\u0131n\u0131 en az y\u00fczde 90 oran\u0131nda doldurma hedefi belirlediklerini an\u0131msatan Keersmaecker, &#8220;Bug\u00fcn itibar\u0131yla do\u011fal gaz depolama oran\u0131 [&hellip;]<\/p>\n","protected":false},"author":1,"featured_media":12112,"comment_status":"","ping_status":"","sticky":false,"template":"","format":"standard","meta":[],"categories":[44],"tags":[],"_links":{"self":[{"href":"https:\/\/kraios.app\/news\/wp-json\/wp\/v2\/posts\/12111"}],"collection":[{"href":"https:\/\/kraios.app\/news\/wp-json\/wp\/v2\/posts"}],"about":[{"href":"https:\/\/kraios.app\/news\/wp-json\/wp\/v2\/types\/post"}],"author":[{"embeddable":true,"href":"https:\/\/kraios.app\/news\/wp-json\/wp\/v2\/users\/1"}],"replies":[{"embeddable":true,"href":"https:\/\/kraios.app\/news\/wp-json\/wp\/v2\/comments?post=12111"}],"version-history":[{"count":0,"href":"https:\/\/kraios.app\/news\/wp-json\/wp\/v2\/posts\/12111\/revisions"}],"wp:featuredmedia":[{"embeddable":true,"href":"https:\/\/kraios.app\/news\/wp-json\/wp\/v2\/media\/12112"}],"wp:attachment":[{"href":"https:\/\/kraios.app\/news\/wp-json\/wp\/v2\/media?parent=12111"}],"wp:term":[{"taxonomy":"category","embeddable":true,"href":"https:\/\/kraios.app\/news\/wp-json\/wp\/v2\/categories?post=12111"},{"taxonomy":"post_tag","embeddable":true,"href":"https:\/\/kraios.app\/news\/wp-json\/wp\/v2\/tags?post=12111"}],"curies":[{"name":"wp","href":"https:\/\/api.w.org\/{rel}","templated":true}]}}