{"id":12109,"date":"2023-08-17T16:20:05","date_gmt":"2023-08-17T16:20:05","guid":{"rendered":"https:\/\/kraios.app\/news\/spor\/2023\/08\/17\/besiktas-ve-neftci-is-birligi-protokolu-imzaladi\/"},"modified":"2023-08-17T16:20:05","modified_gmt":"2023-08-17T16:20:05","slug":"besiktas-ve-neftci-is-birligi-protokolu-imzaladi","status":"publish","type":"post","link":"https:\/\/kraios.app\/news\/spor\/2023\/08\/17\/besiktas-ve-neftci-is-birligi-protokolu-imzaladi\/","title":{"rendered":"Be\u015fikta\u015f ve Neft\u00e7i, i\u015f birli\u011fi protokol\u00fc imzalad\u0131"},"content":{"rendered":"<p>Be\u015fikta\u015f Kul\u00fcb\u00fc, UEFA Avrupa Konferans Ligi 3. eleme turundaki rakibi Azerbaycan ekibi Neft\u00e7i ile i\u015f birli\u011fi protokol\u00fc imzalad\u0131.<\/p>\n","protected":false},"excerpt":{"rendered":"<p>Be\u015fikta\u015f Kul\u00fcb\u00fc, UEFA Avrupa Konferans Ligi 3. eleme turundaki rakibi Azerbaycan ekibi Neft\u00e7i ile i\u015f birli\u011fi protokol\u00fc imzalad\u0131.<\/p>\n","protected":false},"author":1,"featured_media":12110,"comment_status":"","ping_status":"","sticky":false,"template":"","format":"standard","meta":[],"categories":[48],"tags":[],"_links":{"self":[{"href":"https:\/\/kraios.app\/news\/wp-json\/wp\/v2\/posts\/12109"}],"collection":[{"href":"https:\/\/kraios.app\/news\/wp-json\/wp\/v2\/posts"}],"about":[{"href":"https:\/\/kraios.app\/news\/wp-json\/wp\/v2\/types\/post"}],"author":[{"embeddable":true,"href":"https:\/\/kraios.app\/news\/wp-json\/wp\/v2\/users\/1"}],"replies":[{"embeddable":true,"href":"https:\/\/kraios.app\/news\/wp-json\/wp\/v2\/comments?post=12109"}],"version-history":[{"count":0,"href":"https:\/\/kraios.app\/news\/wp-json\/wp\/v2\/posts\/12109\/revisions"}],"wp:featuredmedia":[{"embeddable":true,"href":"https:\/\/kraios.app\/news\/wp-json\/wp\/v2\/media\/12110"}],"wp:attachment":[{"href":"https:\/\/kraios.app\/news\/wp-json\/wp\/v2\/media?parent=12109"}],"wp:term":[{"taxonomy":"category","embeddable":true,"href":"https:\/\/kraios.app\/news\/wp-json\/wp\/v2\/categories?post=12109"},{"taxonomy":"post_tag","embeddable":true,"href":"https:\/\/kraios.app\/news\/wp-json\/wp\/v2\/tags?post=12109"}],"curies":[{"name":"wp","href":"https:\/\/api.w.org\/{rel}","templated":true}]}}