{"id":12103,"date":"2023-08-17T16:16:28","date_gmt":"2023-08-17T16:16:28","guid":{"rendered":"https:\/\/kraios.app\/news\/yasam\/2023\/08\/17\/emekli-ogretmen-30-yil-once-aldigi-arabasini-ozenle-kullaniyor\/"},"modified":"2023-08-17T16:16:28","modified_gmt":"2023-08-17T16:16:28","slug":"emekli-ogretmen-30-yil-once-aldigi-arabasini-ozenle-kullaniyor","status":"publish","type":"post","link":"https:\/\/kraios.app\/news\/yasam\/2023\/08\/17\/emekli-ogretmen-30-yil-once-aldigi-arabasini-ozenle-kullaniyor\/","title":{"rendered":"Emekli \u00f6\u011fretmen 30 y\u0131l \u00f6nce ald\u0131\u011f\u0131 arabas\u0131n\u0131 \u00f6zenle kullan\u0131yor"},"content":{"rendered":"<p>Emekli \u00f6\u011fretmen \u0130smail Kumbuzo\u011flu,  &#8220;Bende manevi bir de\u011feri var. 30 senedir beraberiz, ailemizden bir fert olarak g\u00f6r\u00fcyoruz.&#8221; dedi.<\/p>\n","protected":false},"excerpt":{"rendered":"<p>Emekli \u00f6\u011fretmen \u0130smail Kumbuzo\u011flu, &#8220;Bende manevi bir de\u011feri var. 30 senedir beraberiz, ailemizden bir fert olarak g\u00f6r\u00fcyoruz.&#8221; dedi.<\/p>\n","protected":false},"author":1,"featured_media":12104,"comment_status":"","ping_status":"","sticky":false,"template":"","format":"standard","meta":[],"categories":[50],"tags":[],"_links":{"self":[{"href":"https:\/\/kraios.app\/news\/wp-json\/wp\/v2\/posts\/12103"}],"collection":[{"href":"https:\/\/kraios.app\/news\/wp-json\/wp\/v2\/posts"}],"about":[{"href":"https:\/\/kraios.app\/news\/wp-json\/wp\/v2\/types\/post"}],"author":[{"embeddable":true,"href":"https:\/\/kraios.app\/news\/wp-json\/wp\/v2\/users\/1"}],"replies":[{"embeddable":true,"href":"https:\/\/kraios.app\/news\/wp-json\/wp\/v2\/comments?post=12103"}],"version-history":[{"count":0,"href":"https:\/\/kraios.app\/news\/wp-json\/wp\/v2\/posts\/12103\/revisions"}],"wp:featuredmedia":[{"embeddable":true,"href":"https:\/\/kraios.app\/news\/wp-json\/wp\/v2\/media\/12104"}],"wp:attachment":[{"href":"https:\/\/kraios.app\/news\/wp-json\/wp\/v2\/media?parent=12103"}],"wp:term":[{"taxonomy":"category","embeddable":true,"href":"https:\/\/kraios.app\/news\/wp-json\/wp\/v2\/categories?post=12103"},{"taxonomy":"post_tag","embeddable":true,"href":"https:\/\/kraios.app\/news\/wp-json\/wp\/v2\/tags?post=12103"}],"curies":[{"name":"wp","href":"https:\/\/api.w.org\/{rel}","templated":true}]}}