{"id":12095,"date":"2023-08-17T14:20:08","date_gmt":"2023-08-17T14:20:08","guid":{"rendered":"https:\/\/kraios.app\/news\/spor\/2023\/08\/17\/haberlerin-iceriginde-tarafima-yoneltilen-suclamalarin-tamami-gercek-disi-yalan-ve-iftiradir\/"},"modified":"2023-08-17T14:20:08","modified_gmt":"2023-08-17T14:20:08","slug":"haberlerin-iceriginde-tarafima-yoneltilen-suclamalarin-tamami-gercek-disi-yalan-ve-iftiradir","status":"publish","type":"post","link":"https:\/\/kraios.app\/news\/spor\/2023\/08\/17\/haberlerin-iceriginde-tarafima-yoneltilen-suclamalarin-tamami-gercek-disi-yalan-ve-iftiradir\/","title":{"rendered":"Haberlerin i\u00e7eri\u011finde taraf\u0131ma y\u00f6neltilen su\u00e7lamalar\u0131n tamam\u0131 ger\u00e7ek d\u0131\u015f\u0131, yalan ve iftirad\u0131r"},"content":{"rendered":"<p><\/p>\n<div>\n<p>G\u00f6zge\u00e7, konuyla ilgili yapt\u0131\u011f\u0131 a\u00e7\u0131klamada, &#8220;Haberlerin i\u00e7eri\u011finde taraf\u0131ma y\u00f6neltilen su\u00e7lamalar\u0131n tamam\u0131 ger\u00e7ek d\u0131\u015f\u0131, yalan ve iftirad\u0131r. Haberlerin i\u00e7eri\u011finde kullan\u0131lan s\u00f6zler ile haberin kamuoyuna aktar\u0131l\u0131\u015f bi\u00e7imi as\u0131l hedefin ben olmad\u0131\u011f\u0131m\u0131, temel amac\u0131n ba\u015fka hedefler oldu\u011funu a\u00e7\u0131k\u00e7a ortaya koymaktad\u0131r.&#8221; ifadelerini kulland\u0131.<\/p>\n<p>Bir kez dahi aran\u0131p g\u00f6r\u00fc\u015flerinin sorulmad\u0131\u011f\u0131n\u0131 belirten G\u00f6zge\u00e7, \u015f\u00f6yle devam etti:<\/p>\n<p>&#8220;Haberin i\u00e7eri\u011fi ile ilgisiz bir bi\u00e7imde ba\u015fkanl\u0131\u011f\u0131n\u0131 yapt\u0131\u011f\u0131m Boks Federasyonunun &#8216;Onur kurulu \u00fcyelerinin&#8217; isimlerinin ge\u00e7irilmi\u015f olmas\u0131, bu m\u00fcfterinin ve arkas\u0131ndaki ki\u015filerin as\u0131l amac\u0131n\u0131n ba\u015fka oldu\u011funu ortaya koymu\u015ftur. Haberlerde ad\u0131 ge\u00e7en ve \u015fikayet\u00e7i oldu\u011funu iddia eden ki\u015finin, ak\u0131l d\u0131\u015f\u0131 ve delilsiz iddialar\u0131 ile ilgili olarak taraf\u0131mca Ankara Cumhuriyet Ba\u015fsavc\u0131l\u0131\u011f\u0131&#8217;na ihbar mahiyetinde su\u00e7 duyurusunda bulunularak iddialar\u0131n titizlikle incelenmesi i\u00e7in soru\u015fturma yap\u0131lmas\u0131 talep edilecektir. T\u00fcm bu cezai ve hukuki s\u00fcre\u00e7lerin neticesini de ibret olmas\u0131 a\u00e7\u0131s\u0131ndan kamuoyu ile payla\u015f\u0131laca\u011f\u0131m. Haberi yapan iki gazeteye de neticeleri g\u00f6nderece\u011fim. Ayr\u0131ca bu iddialar yaln\u0131zca beni karalamakla kalmay\u0131p D\u00fcnya ve Avrupa \u015fampiyonalar\u0131nda gece g\u00fcnd\u00fcz hi\u00e7bir menfaati olmadan \u00e7al\u0131\u015fan federasyon personellerimize d\u00f6n\u00fck b\u00fcy\u00fck bir iftirad\u0131r. Ger\u00e7ek d\u0131\u015f\u0131 isnatlara ili\u015fkin olarak yay\u0131n yapan iki gazete hakk\u0131nda da hukuki yollara ba\u015fvuraca\u011f\u0131m ve neticesini kamuoyu ile payla\u015faca\u011f\u0131m. Bu m\u00fcfteri ile arkas\u0131ndaki ki\u015filer ile bu ger\u00e7ek d\u0131\u015f\u0131 isnatlar\u0131 yay\u0131nlayan yay\u0131n organlar\u0131 hak ettikleri t\u00fcm cezai ve hukuki m\u00fceyyidelerle kar\u015f\u0131 kar\u015f\u0131ya kalana kadar t\u00fcm yasal haklar\u0131m\u0131 sonuna kadar kullan\u0131p neticesini kamuoyu ile payla\u015faca\u011f\u0131m.&#8221;<\/p>\n<h3>Federasyon da a\u00e7\u0131klama yapt\u0131 <\/h3>\n<p>T\u00fcrkiye Boks Federasyonu taraf\u0131ndan yap\u0131lan a\u00e7\u0131klamada ise \u015fikayet\u00e7i oldu\u011fu belirtilen Y\u0131lmaz \u0130lkay Ar\u0131n&#8217;\u0131n Almanya&#8217;da ya\u015fad\u0131\u011f\u0131 vurgulanarak, &#8220;Bu \u015fah\u0131s, federasyonumuzla ilgili mesnetsiz, manip\u00fclatif a\u00e7\u0131klamalar yapmay\u0131 al\u0131\u015fkanl\u0131k haline getirmi\u015f bir ki\u015fidir. Bu ki\u015finin, hangi odaklar\u0131n hangi emirlerini yerine getirdi\u011fi, \u015fahs\u0131n yak\u0131n ge\u00e7mi\u015fte yapt\u0131\u011f\u0131 a\u00e7\u0131klamalar\u0131n\u0131n i\u00e7eri\u011finden rahatl\u0131kla anla\u015f\u0131labilecektir.&#8221; ifadeleri kullan\u0131ld\u0131. <\/p>\n<p>S\u00f6z konusu haberlerde akla hayale gelmeyecek soyut ve mesnetsiz iddialar\u0131n yer ald\u0131\u011f\u0131 belirtilerek, \u015funlar kaydedildi: <\/p>\n<p>&#8220;Genel kurulda yap\u0131lacak se\u00e7imde kendisine bir alan ya da pozisyon a\u00e7ma \u00e7abas\u0131 g\u00fctmektedir. Ad\u0131 ge\u00e7en \u015fahs\u0131n yapt\u0131\u011f\u0131n\u0131 iddia etti\u011fi \u015fikayetle ilgili olarak taraf\u0131m\u0131za ula\u015fm\u0131\u015f hi\u00e7bir belge ya da bilgi bulunmamaktad\u0131r. Bu ki\u015fi ve arkas\u0131ndaki malum baz\u0131 g\u00fc\u00e7lere kar\u015f\u0131 her t\u00fcrl\u00fc hukuki yola ba\u015fvurularak, bu hukuk d\u0131\u015f\u0131 ve bir plan dahilinde yap\u0131lan sistematik sald\u0131r\u0131 s\u00fcre\u00e7lerine son vermesinin sa\u011flanaca\u011f\u0131ndan kimsenin \u015f\u00fcphesi olmamas\u0131 gerekti\u011fini bildiririz.&#8221; <\/p>\n<p>Boksta \u00f6nemli ba\u015far\u0131lar\u0131n geldi\u011fine dikkat \u00e7ekilen a\u00e7\u0131klamada, \u015fu g\u00f6r\u00fc\u015flere yer verildi:<\/p>\n<p>&#8220;Boks sporunda geldi\u011fimiz noktada d\u00fcnyan\u0131n en ba\u015far\u0131l\u0131 sporcular\u0131n\u0131 \u00e7\u0131karmaya ba\u015flad\u0131\u011f\u0131m\u0131z, son y\u0131llarda kazand\u0131\u011f\u0131m\u0131z madalyalardan, uluslararas\u0131 her organizasyonda defalarca g\u00f6ndere \u00e7ektirdi\u011fimiz \u015fanl\u0131 bayra\u011f\u0131m\u0131zdan bilinmektedir. Tesisle\u015fme s\u00fcrecimizin de tamamlanm\u0131\u015f olmas\u0131yla yak\u0131n tarihlerde d\u00fcnyan\u0131n en ba\u015far\u0131l\u0131 boks \u00fclkeleri aras\u0131nda yer alaca\u011f\u0131m\u0131z t\u00fcm d\u00fcnya taraf\u0131ndan bilinmektedir. Yanl\u0131\u015f bir alg\u0131n\u0131n \u00f6n\u00fcne ge\u00e7mek amac\u0131yla, taraf\u0131m\u0131zca derhal Gen\u00e7lik ve Spor Bakanl\u0131\u011f\u0131 Tefti\u015f Kuruluna ihbarda bulunularak, haberlerde ad\u0131 ge\u00e7en iddialarla ilgili idari bir denetim ve soru\u015fturma yap\u0131lmas\u0131 talep edilecektir. Tefti\u015f Kurulu Ba\u015fkanl\u0131\u011f\u0131 taraf\u0131ndan yap\u0131lacak incelemelerin sonucu kamuoyu ile payla\u015f\u0131lacakt\u0131r.&#8221; <\/p>\n<p>                            <span class=\"detay-foto-editor\">&#13;<br \/>\n                                <a href=\"https:\/\/www.aa.com.tr\/tr\/p\/abonelik-talep-formu\/1001\" target=\"_blank\" style=\"font-size:12px; color:#444; text-decoration:none;\" rel=\"noopener\">&#13;<br \/>\n                                    Anadolu Ajans\u0131 web sitesinde, AA Haber Ak\u0131\u015f Sistemi (HAS) \u00fczerinden abonelere sunulan haberler, \u00f6zetlenerek yay\u0131mlanmaktad\u0131r. <b style=\"color:#1897F7\">Abonelik i\u00e7in l\u00fctfen ileti\u015fime ge\u00e7iniz.<\/b>&#13;<br \/>\n                                <\/a>&#13;<br \/>\n                            <\/span>\n                        <\/div>\n<p><script>\n\t  window.fbAsyncInit = function() {\n\t\tFB.init({\n\t\t  appId: '1855843514662870',\n\t\t  status : true, \/\/ check login status\n\t\t  cookie : true, \/\/ enable cookies to allow the server to access the session\n\t\t  xfbml  : true  \/\/ parse XFBML\n\t\t});\n\t  };<\/p>\n<p>\t  (function() {\n\t\tvar e = document.createElement('script');\n\t\te.src=\"https:\/\/connect.facebook.net\/tr_TR\/all.js\";\n\t\te.async = true;\n\t\tdocument.getElementById('fb-root').appendChild(e);\n\t  }());\n    <\/script><\/p>\n","protected":false},"excerpt":{"rendered":"<p>G\u00f6zge\u00e7, konuyla ilgili yapt\u0131\u011f\u0131 a\u00e7\u0131klamada, &#8220;Haberlerin i\u00e7eri\u011finde taraf\u0131ma y\u00f6neltilen su\u00e7lamalar\u0131n tamam\u0131 ger\u00e7ek d\u0131\u015f\u0131, yalan ve iftirad\u0131r. Haberlerin i\u00e7eri\u011finde kullan\u0131lan s\u00f6zler ile haberin kamuoyuna aktar\u0131l\u0131\u015f bi\u00e7imi as\u0131l hedefin ben olmad\u0131\u011f\u0131m\u0131, temel amac\u0131n ba\u015fka hedefler oldu\u011funu a\u00e7\u0131k\u00e7a ortaya koymaktad\u0131r.&#8221; ifadelerini kulland\u0131. Bir kez dahi aran\u0131p g\u00f6r\u00fc\u015flerinin sorulmad\u0131\u011f\u0131n\u0131 belirten G\u00f6zge\u00e7, \u015f\u00f6yle devam etti: &#8220;Haberin i\u00e7eri\u011fi ile ilgisiz bir [&hellip;]<\/p>\n","protected":false},"author":1,"featured_media":12096,"comment_status":"","ping_status":"","sticky":false,"template":"","format":"standard","meta":[],"categories":[48],"tags":[],"_links":{"self":[{"href":"https:\/\/kraios.app\/news\/wp-json\/wp\/v2\/posts\/12095"}],"collection":[{"href":"https:\/\/kraios.app\/news\/wp-json\/wp\/v2\/posts"}],"about":[{"href":"https:\/\/kraios.app\/news\/wp-json\/wp\/v2\/types\/post"}],"author":[{"embeddable":true,"href":"https:\/\/kraios.app\/news\/wp-json\/wp\/v2\/users\/1"}],"replies":[{"embeddable":true,"href":"https:\/\/kraios.app\/news\/wp-json\/wp\/v2\/comments?post=12095"}],"version-history":[{"count":0,"href":"https:\/\/kraios.app\/news\/wp-json\/wp\/v2\/posts\/12095\/revisions"}],"wp:featuredmedia":[{"embeddable":true,"href":"https:\/\/kraios.app\/news\/wp-json\/wp\/v2\/media\/12096"}],"wp:attachment":[{"href":"https:\/\/kraios.app\/news\/wp-json\/wp\/v2\/media?parent=12095"}],"wp:term":[{"taxonomy":"category","embeddable":true,"href":"https:\/\/kraios.app\/news\/wp-json\/wp\/v2\/categories?post=12095"},{"taxonomy":"post_tag","embeddable":true,"href":"https:\/\/kraios.app\/news\/wp-json\/wp\/v2\/tags?post=12095"}],"curies":[{"name":"wp","href":"https:\/\/api.w.org\/{rel}","templated":true}]}}