{"id":12091,"date":"2023-08-17T12:20:09","date_gmt":"2023-08-17T12:20:09","guid":{"rendered":"https:\/\/kraios.app\/news\/yasam\/2023\/08\/17\/orman-yanginlarina-gonullu-kalkani\/"},"modified":"2023-08-17T12:20:09","modified_gmt":"2023-08-17T12:20:09","slug":"orman-yanginlarina-gonullu-kalkani","status":"publish","type":"post","link":"https:\/\/kraios.app\/news\/yasam\/2023\/08\/17\/orman-yanginlarina-gonullu-kalkani\/","title":{"rendered":"Orman yang\u0131nlar\u0131na &#8220;g\u00f6n\u00fcll\u00fc&#8221; kalkan\u0131"},"content":{"rendered":"<p><\/p>\n<div>\n<p>Tar\u0131m ve Orman Bakan\u0131 \u0130brahim Yumakl\u0131, toplumu orman yang\u0131nlar\u0131 konusunda bilin\u00e7lendirmek amac\u0131yla ba\u015flat\u0131lan g\u00f6n\u00fcll\u00fc uygulamas\u0131nda 118 bin orman yang\u0131n g\u00f6n\u00fcll\u00fcs\u00fcn\u00fcn alevlerle m\u00fccadeleye g\u00fc\u00e7 katt\u0131\u011f\u0131n\u0131 belirterek, &#8220;Gen\u00e7lerimiz ba\u015fta olmak \u00fczere \u015fartlar\u0131 ta\u015f\u0131yan vatanda\u015flar\u0131m\u0131z\u0131n g\u00f6n\u00fcll\u00fc ordumuza kat\u0131lmalar\u0131n\u0131 bekliyoruz.&#8221; ifadesini kulland\u0131.<\/p>\n<p>Bakanl\u0131ktan yap\u0131lan a\u00e7\u0131klamaya g\u00f6re, Orman Genel M\u00fcd\u00fcrl\u00fc\u011f\u00fc (OGM), k\u00fcresel iklim de\u011fi\u015fikli\u011finin de etkisiyle art\u0131\u015f g\u00f6steren orman yang\u0131nlar\u0131na kar\u015f\u0131 tedbirleri \u00e7o\u011falt\u0131yor. Hava ve kara g\u00fcc\u00fcn\u00fc hem personel hem de ara\u00e7lar ile her ge\u00e7en g\u00fcn daha da art\u0131ran OGM&#8217;nin &#8216;orman yang\u0131n g\u00f6n\u00fcll\u00fcs\u00fc&#8217; uygulamas\u0131ndan da olumlu sonu\u00e7lar al\u0131n\u0131yor.<\/p>\n<p><img decoding=\"async\" alt=\"\" src=\"https:\/\/www.aa.com.tr\/uploads\/userFiles\/a54ea27f-6036-4f79-88c6-6bc9ba19a35d\/08_Nisan%2F06%20temmuz%2F08%2FAA-31937133.jpg\"\/><\/p>\n<p>Yang\u0131nlarla m\u00fccadeleyi g\u00fc\u00e7lendirmek ve toplumu orman yang\u0131nlar\u0131 konusunda bilin\u00e7lendirmek amac\u0131yla ba\u015flat\u0131lan uygulamada g\u00f6n\u00fcll\u00fc say\u0131s\u0131 8 bin 144&#8217;\u00fc kad\u0131n olmak \u00fczere 118 bini buldu.<\/p>\n<p>A\u00e7\u0131klamada de\u011ferlendirmelerine yer verilen Bakan Yumakl\u0131, T\u00fcrkiye&#8217;nin orman varl\u0131\u011f\u0131n\u0131 art\u0131rmak ve orman yang\u0131nlar\u0131yla daha etkin m\u00fccadele i\u00e7in \u00e7al\u0131\u015fmalar\u0131n\u0131 aral\u0131ks\u0131z s\u00fcrd\u00fcrd\u00fcklerini ifade etti.<\/p>\n<p>Orman yang\u0131nlar\u0131yla m\u00fccadelede hava g\u00fcc\u00fcn\u00fcn yan\u0131 s\u0131ra kara g\u00fcc\u00fcn\u00fcn de \u00f6nemli unsurlardan biri oldu\u011funa i\u015faret eden Yumakl\u0131, bu kapsamda ara\u00e7, ekipman say\u0131s\u0131n\u0131 her ge\u00e7en g\u00fcn art\u0131rd\u0131klar\u0131n\u0131 ve personel kapasitesini g\u00fc\u00e7lendirdiklerini belirtti.<\/p>\n<p><img decoding=\"async\" alt=\"\" src=\"https:\/\/www.aa.com.tr\/uploads\/userFiles\/a54ea27f-6036-4f79-88c6-6bc9ba19a35d\/08_Nisan%2F06%20temmuz%2F08%2FAA-31937134.jpg\"\/><\/p>\n<p>Yumakl\u0131, orman yang\u0131nlar\u0131yla m\u00fccadelede teyakkuz halinde olduklar\u0131n\u0131 vurgulayarak \u015funlar\u0131 kaydetti:<\/p>\n<p>&#8220;Vatanda\u015flar\u0131m\u0131z\u0131n orman yang\u0131nlar\u0131yla ilgili g\u00f6sterdikleri duyarl\u0131l\u0131k bizleri memnun ediyor ancak gerekli e\u011fitimi almadan orman yang\u0131n\u0131n\u0131n devam etti\u011fi sahada bulunmalar\u0131 tehlike bar\u0131nd\u0131r\u0131yor. Orman yang\u0131nlar\u0131yla m\u00fccadelemize destek vermek isteyen vatanda\u015flar\u0131m\u0131z, gerekli \u015fartlar\u0131 ta\u015f\u0131yorlarsa e\u011fitim programlar\u0131m\u0131za kat\u0131labilir ve g\u00f6n\u00fcll\u00fc olabilirler. 118 bin orman yang\u0131n g\u00f6n\u00fcll\u00fcm\u00fcz, alevlerle m\u00fccadelemize g\u00fc\u00e7 kat\u0131yor. Gen\u00e7lerimiz ba\u015fta olmak \u00fczere \u015fartlar\u0131 ta\u015f\u0131yan vatanda\u015flar\u0131m\u0131z\u0131n g\u00f6n\u00fcll\u00fc ordumuza kat\u0131lmalar\u0131n\u0131 bekliyoruz.&#8221;<\/p>\n<p><img decoding=\"async\" alt=\"\" src=\"https:\/\/www.aa.com.tr\/uploads\/userFiles\/a54ea27f-6036-4f79-88c6-6bc9ba19a35d\/08_Nisan%2F06%20temmuz%2F08%2FAA-31937135.jpg\"\/><\/p>\n<h3>G\u00f6n\u00fcll\u00fcler teorik ve uygulamal\u0131 e\u011fitim al\u0131yor<\/h3>\n<p>Orman yang\u0131nlar\u0131nda g\u00f6n\u00fcll\u00fc olarak g\u00f6rev almak isteyen 18 ya\u015f \u00fcst\u00fc, en az ilkokul mezunu, hem sa\u011fl\u0131k hem de adli sicil y\u00f6n\u00fcnden engeli bulunmayanlar Orman B\u00f6lge M\u00fcd\u00fcrl\u00fckleri ile Orman \u0130\u015fletme M\u00fcd\u00fcrl\u00fcklerine \u015fahsen veya e-Devlet \u00fczerinden ba\u015fvuru yapabiliyor.<\/p>\n<p>Ba\u015fvuranlar, teorik ve uygulamal\u0131 e\u011fitime tabi tutuluyor. Orman yang\u0131nlar\u0131na m\u00fcdahaleyi nas\u0131l ger\u00e7ekle\u015ftireceklerini uygulamal\u0131 \u00f6\u011frenen adaylar, s\u0131navda ba\u015far\u0131l\u0131 olmalar\u0131 halinde sertifika alarak g\u00f6n\u00fcll\u00fc oluyor ve orman yang\u0131nlar\u0131yla m\u00fccadelede g\u00f6rev al\u0131yor.<\/p>\n<p><img decoding=\"async\" alt=\"\" src=\"https:\/\/www.aa.com.tr\/uploads\/userFiles\/a54ea27f-6036-4f79-88c6-6bc9ba19a35d\/08_Nisan%2F06%20temmuz%2F08%2FAA-31937136.jpg\"\/><\/p>\n<p>G\u00f6n\u00fcll\u00fclerden, yang\u0131n \u00f6ncesinde halk\u0131n e\u011fitimi ve bilin\u00e7lendirilmesinde, yang\u0131n s\u0131ras\u0131nda ise ekiplerle yang\u0131na m\u00fcdahalede destek, ekiplerin ia\u015fe nakilleri gibi de\u011fi\u015fik alanlarda faydalan\u0131l\u0131yor.<\/p>\n<p>Yang\u0131nlarda g\u00f6rev alan g\u00f6n\u00fcll\u00fclerin say\u0131s\u0131n\u0131 art\u0131rmay\u0131 planlayan OGM, belirli d\u00f6nemlerde hat\u0131rlatma e\u011fitimleri ve organizasyonlar\u0131 da d\u00fczenliyor.<\/p>\n<p>                            <span class=\"detay-foto-editor\">&#13;<br \/>\n                                <a href=\"https:\/\/www.aa.com.tr\/tr\/p\/abonelik-talep-formu\/1001\" target=\"_blank\" style=\"font-size:12px; color:#444; text-decoration:none;\" rel=\"noopener\">&#13;<br \/>\n                                    Anadolu Ajans\u0131 web sitesinde, AA Haber Ak\u0131\u015f Sistemi (HAS) \u00fczerinden abonelere sunulan haberler, \u00f6zetlenerek yay\u0131mlanmaktad\u0131r. <b style=\"color:#1897F7\">Abonelik i\u00e7in l\u00fctfen ileti\u015fime ge\u00e7iniz.<\/b>&#13;<br \/>\n                                <\/a>&#13;<br \/>\n                            <\/span>\n                        <\/div>\n<p><script>\n\t  window.fbAsyncInit = function() {\n\t\tFB.init({\n\t\t  appId: '1855843514662870',\n\t\t  status : true, \/\/ check login status\n\t\t  cookie : true, \/\/ enable cookies to allow the server to access the session\n\t\t  xfbml  : true  \/\/ parse XFBML\n\t\t});\n\t  };<\/p>\n<p>\t  (function() {\n\t\tvar e = document.createElement('script');\n\t\te.src=\"https:\/\/connect.facebook.net\/tr_TR\/all.js\";\n\t\te.async = true;\n\t\tdocument.getElementById('fb-root').appendChild(e);\n\t  }());\n    <\/script><\/p>\n","protected":false},"excerpt":{"rendered":"<p>Tar\u0131m ve Orman Bakan\u0131 \u0130brahim Yumakl\u0131, toplumu orman yang\u0131nlar\u0131 konusunda bilin\u00e7lendirmek amac\u0131yla ba\u015flat\u0131lan g\u00f6n\u00fcll\u00fc uygulamas\u0131nda 118 bin orman yang\u0131n g\u00f6n\u00fcll\u00fcs\u00fcn\u00fcn alevlerle m\u00fccadeleye g\u00fc\u00e7 katt\u0131\u011f\u0131n\u0131 belirterek, &#8220;Gen\u00e7lerimiz ba\u015fta olmak \u00fczere \u015fartlar\u0131 ta\u015f\u0131yan vatanda\u015flar\u0131m\u0131z\u0131n g\u00f6n\u00fcll\u00fc ordumuza kat\u0131lmalar\u0131n\u0131 bekliyoruz.&#8221; ifadesini kulland\u0131. Bakanl\u0131ktan yap\u0131lan a\u00e7\u0131klamaya g\u00f6re, Orman Genel M\u00fcd\u00fcrl\u00fc\u011f\u00fc (OGM), k\u00fcresel iklim de\u011fi\u015fikli\u011finin de etkisiyle art\u0131\u015f g\u00f6steren orman yang\u0131nlar\u0131na [&hellip;]<\/p>\n","protected":false},"author":1,"featured_media":12092,"comment_status":"","ping_status":"","sticky":false,"template":"","format":"standard","meta":[],"categories":[50],"tags":[],"_links":{"self":[{"href":"https:\/\/kraios.app\/news\/wp-json\/wp\/v2\/posts\/12091"}],"collection":[{"href":"https:\/\/kraios.app\/news\/wp-json\/wp\/v2\/posts"}],"about":[{"href":"https:\/\/kraios.app\/news\/wp-json\/wp\/v2\/types\/post"}],"author":[{"embeddable":true,"href":"https:\/\/kraios.app\/news\/wp-json\/wp\/v2\/users\/1"}],"replies":[{"embeddable":true,"href":"https:\/\/kraios.app\/news\/wp-json\/wp\/v2\/comments?post=12091"}],"version-history":[{"count":0,"href":"https:\/\/kraios.app\/news\/wp-json\/wp\/v2\/posts\/12091\/revisions"}],"wp:featuredmedia":[{"embeddable":true,"href":"https:\/\/kraios.app\/news\/wp-json\/wp\/v2\/media\/12092"}],"wp:attachment":[{"href":"https:\/\/kraios.app\/news\/wp-json\/wp\/v2\/media?parent=12091"}],"wp:term":[{"taxonomy":"category","embeddable":true,"href":"https:\/\/kraios.app\/news\/wp-json\/wp\/v2\/categories?post=12091"},{"taxonomy":"post_tag","embeddable":true,"href":"https:\/\/kraios.app\/news\/wp-json\/wp\/v2\/tags?post=12091"}],"curies":[{"name":"wp","href":"https:\/\/api.w.org\/{rel}","templated":true}]}}