{"id":12085,"date":"2023-08-17T11:42:57","date_gmt":"2023-08-17T11:42:57","guid":{"rendered":"https:\/\/kraios.app\/news\/spor\/2023\/08\/17\/galatasaray-baskani-dursun-ozbekten-besiktasin-transfer-videosuna-tepki\/"},"modified":"2023-08-17T11:42:57","modified_gmt":"2023-08-17T11:42:57","slug":"galatasaray-baskani-dursun-ozbekten-besiktasin-transfer-videosuna-tepki","status":"publish","type":"post","link":"https:\/\/kraios.app\/news\/spor\/2023\/08\/17\/galatasaray-baskani-dursun-ozbekten-besiktasin-transfer-videosuna-tepki\/","title":{"rendered":"Galatasaray Ba\u015fkan\u0131 Dursun \u00d6zbek&#8217;ten Be\u015fikta\u015f&#8217;\u0131n transfer videosuna tepki"},"content":{"rendered":"<p><\/p>\n<div>\n<p>Ba\u015fkan \u00d6zbek, Galatasaray Adas\u0131&#8217;nda Sixt ile yap\u0131lan sponsorluk s\u00f6zle\u015fmesinin imza t\u00f6reninde g\u00fcndeme dair a\u00e7\u0131klamalarda bulundu.<\/p>\n<p>Sar\u0131-k\u0131rm\u0131z\u0131l\u0131 kul\u00fcb\u00fcn ba\u015fkan\u0131, Be\u015fikta\u015f&#8217;\u0131n payla\u015f\u0131m\u0131yla ilgili \u015f\u00f6yle konu\u015ftu:<\/p>\n<p>&#8220;D\u00fcn geceden beri \u00e7ok \u00fczg\u00fcn\u00fcm. Galatasaray&#8217;\u0131 bilmek, \u00f6\u011frenmek laz\u0131m. B\u00f6yle bir yak\u0131\u015ft\u0131rma yaparken camiay\u0131 iyi tan\u0131mak laz\u0131m. Galatasaray, 500 y\u0131l\u0131 a\u015fk\u0131n mazisi, gelenekleri ve etik de\u011ferleri olan bir kurum. Bu \u00fclkeye de\u011ferli devlet adamlar\u0131, bilim insanlar\u0131 yeti\u015ftirmi\u015f, her konuda bu \u00fclkenin \u00f6n\u00fcn\u00fc a\u00e7an ki\u015filere ev sahipli\u011fi yapm\u0131\u015f, binlerce gencimize Mustafa Kemal Atat\u00fcrk&#8217;\u00fcn kurdu\u011fu Cumhuriyet&#8217;in de\u011ferlerini \u00f6\u011fretmi\u015f bir kurum. Ayr\u0131ca onunla da yetinmemi\u015f, bu \u00fclke i\u00e7in can\u0131n\u0131 \u00c7anakkale ve Kafkaslar&#8217;da veren talebeleri yeti\u015ftirmi\u015f. Hep g\u00f6\u011fs\u00fcm\u00fcz kabararak, &#8216;Galatasaray, Cumhuriyet&#8217;in y\u00fcz\u00fcd\u00fcr.&#8217; diyoruz. Cumhuriyet&#8217;in y\u00fcz\u00fc olan bir kurumu bir ter\u00f6r \u00f6rg\u00fct\u00fc ile ili\u015fkilendirmek, onunla bir i\u015f birli\u011fi varm\u0131\u015f anlam\u0131na gelecek yorumlar yapmak, g\u00f6r\u00fcnt\u00fcler payla\u015fmak, onunla yan yana getirmek d\u00fcnyan\u0131n en sa\u00e7ma i\u015fi. B\u00fcy\u00fck bir hadsizlik ve gaf. Bunun Galatasaray&#8217;\u0131 tan\u0131mamakla ilgili oldu\u011funu d\u00fc\u015f\u00fcn\u00fcyorum.&#8221;<\/p>\n<p>T\u00fcrkiye&#8217;nin Fetullah\u00e7\u0131 Ter\u00f6r \u00d6rg\u00fct\u00fc&#8217;nden (FET\u00d6) b\u00fcy\u00fck s\u0131k\u0131nt\u0131lar ya\u015fad\u0131\u011f\u0131n\u0131 dile getiren \u00d6zbek, &#8220;Bu eli kanl\u0131 ter\u00f6r \u00f6rg\u00fct\u00fc ile \u00fclkemiz \u00e7ok b\u00fcy\u00fck s\u0131k\u0131nt\u0131lar ya\u015fad\u0131. Niye hala bu ter\u00f6r \u00f6rg\u00fct\u00fcn\u00fcn de\u011firmenine su ta\u015f\u0131yacak \u015fekilde baz\u0131 yak\u0131\u015ft\u0131rmalar yaparak \u00fclkeyi b\u00f6lmeye, kutupla\u015ft\u0131rmaya \u00e7al\u0131\u015f\u0131yorsunuz? Bug\u00fcn \u00fclkenin ihtiyac\u0131 bu mu? \u00dclkesini seven, \u00fclkesine a\u015f\u0131k herkesin bu konuda \u00e7ok duyarl\u0131 olmas\u0131 laz\u0131m. \u00dclkeyi b\u00f6lmeye, insanlar\u0131 kutupla\u015ft\u0131rmaya \u00e7al\u0131\u015fmaktan herkes uzak dursun. Galatasaray Kul\u00fcb\u00fc olarak, a\u00e7\u0131k\u00e7as\u0131 Be\u015fikta\u015f Kul\u00fcb\u00fcnden bir \u00f6z\u00fcr bekliyoruz.&#8221; ifadelerini kulland\u0131.<\/p>\n<h3>&#8220;Sosyal medyada bu provokatif olaya ba\u011fl\u0131 olarak insanlar infial halindeydi&#8221;<\/h3>\n<p>Galatasaray Kul\u00fcb\u00fc Ba\u015fkan\u0131, sar\u0131-k\u0131rm\u0131z\u0131l\u0131 camiay\u0131 Be\u015fikta\u015f&#8217;a yan\u0131t vermemeleri konusunda uyard\u0131.<\/p>\n<p>Dursun \u00d6zbek, camias\u0131na seslenerek, &#8220;D\u00fcn ak\u015fam sosyal medyada bu provokatif olaya ba\u011fl\u0131 olarak insanlar infial halindeydi. Buna ne gerek var? Be\u015fikta\u015f ile 100 y\u0131ldan fazla s\u00fcredir ye\u015fil sahalarda rekabet ediyoruz, bir karde\u015fli\u011fimiz var. Onlar\u0131n b\u00fcy\u00fcklerine, kurucular\u0131na her zaman sayg\u0131l\u0131y\u0131z. Be\u015fikta\u015fl\u0131 y\u00f6neticilere soruyorum; Neden buna ihtiya\u00e7 duydunuz, bundan ne elde ettiniz veya fayda sa\u011flad\u0131n\u0131z? Taraftarlar\u0131m\u0131z, kul\u00fcb\u00fcm\u00fcz ve \u00e7al\u0131\u015fanlar\u0131m\u0131zdan bu konuda sakin olmalar\u0131n\u0131, bu provokatif kalk\u0131\u015fmaya da prim vermemelerini, onlara uymamalar\u0131n\u0131 rica ediyorum.&#8221; diye konu\u015ftu.<\/p>\n<p>\u00dclkece birlik ve beraberlik i\u00e7inde olmak gerekti\u011fini dile getiren \u00d6zbek, &#8220;Hepimizin birbirimizi sevmesi, T\u00fcrkiye&#8217;nin yeni bir y\u00fczy\u0131la ba\u015flad\u0131\u011f\u0131 d\u00f6nemde, b\u00fct\u00fcnle\u015fmi\u015f ve birle\u015fmi\u015f olmay\u0131 isterken b\u00f6yle bir \u015feyi payla\u015fmakla bu \u00fclkeyi b\u00f6lmenin, \u00fclkeye zarar vermenin yeri ve zaman\u0131 de\u011fil. Galatasaray, Cumhuriyet&#8217;in y\u00fcz\u00fc, vatan\u0131na a\u015f\u0131k, vatan\u0131n\u0131 seven insanlar\u0131n toplulu\u011fudur. Ancak hi\u00e7bir zaman kimsenin yan\u0131na yapt\u0131klar\u0131n\u0131 kar b\u0131rakmayaca\u011f\u0131z. Bunun hesab\u0131n\u0131 Galatasaray en son raddesine kadar bu i\u015fe sebebiyet verenlerden soracakt\u0131r.&#8221; de\u011ferlendirmesinde bulundu.<\/p>\n<p>Daha \u00f6nce Fenerbah\u00e7e&#8217;nin de benzer yak\u0131\u015ft\u0131rmalar\u0131 yapt\u0131\u011f\u0131n\u0131 hat\u0131rlatan \u00d6zbek, &#8220;Eli kanl\u0131 ter\u00f6r \u00f6rg\u00fct\u00fc ile Galatasaray&#8217;\u0131 ili\u015fkilendirme olay\u0131 yeni de\u011fil. Daha \u00f6nce de bir ba\u015fka kul\u00fcp ayn\u0131 yak\u0131\u015ft\u0131rmay\u0131 yapmaya \u00e7al\u0131\u015fm\u0131\u015ft\u0131. Onlara da, &#8216;Cinayet yerine \u00f6nce katil geli\u015fmi\u015f.&#8217; demi\u015ftim. Katil, &#8216;Bu vatanda\u015f\u0131 kim \u00f6ld\u00fcrd\u00fc?&#8217; \u015feklinde soru sorarak kendisini olay\u0131n d\u0131\u015f\u0131na ta\u015f\u0131maya \u00e7al\u0131\u015f\u0131rm\u0131\u015f. Ben iki olay\u0131 da birbirine benzetiyorum. \u0130ki olay da birbirinin ayn\u0131. Galatasaray&#8217;\u0131 eli kanl\u0131 ter\u00f6r \u00f6rg\u00fct\u00fc ile ili\u015fkilendirmek, d\u00fcnyan\u0131n en sa\u00e7ma ve hadsiz i\u015fi. Cinayet mahalline \u00f6nce cinayeti i\u015fleyen gelirmi\u015f.&#8221; diye konu\u015ftu.<\/p>\n<h3>&#8220;Tete&#8217;de bir problem veya risk g\u00f6rmedik&#8221;<\/h3>\n<p>Dursun \u00d6zbek, Brezilyal\u0131 futbolcu Tete&#8217;nin transferinde herhangi bir sorun ya\u015famayacaklar\u0131n\u0131 s\u00f6yledi.<\/p>\n<p>Ukrayna temsilcisi Shakhtar Donetsk ile s\u00f6zle\u015fmesini feshettikten sonra kadroya kat\u0131lan Tete&#8217;nin durumuyla ilgili \u00d6zbek, &#8220;Bu konuda ba\u015f\u0131ndan beri uluslararas\u0131 hukuk\u00e7ulardan da yorumlar alarak transferi ger\u00e7ekle\u015ftirdik. \u00c7al\u0131\u015fmalar\u0131m\u0131z devam ediyor. Bu transferde herhangi bir problem veya risk g\u00f6rmedik. Tete bizim oyuncumuz. K\u0131sa s\u00fcrede tak\u0131ma kat\u0131lacakt\u0131r.&#8221; \u015feklinde g\u00f6r\u00fc\u015f belirtti.<\/p>\n<p>\u00d6zbek, Chelsea&#8217;de forma giyen Fasl\u0131 futbolcu Hakim Ziyech ile ilgili soru \u00fczerine, &#8220;Erden bey olay\u0131 takip ediyor. Konuyla ilgili bir g\u00f6r\u00fc\u015fmeye gitti. Olay \u00e7ok taze. Detay\u0131n\u0131 bilmiyorum.&#8221; dedi.<\/p>\n<h3>&#8220;Gruplara da kalaca\u011f\u0131z&#8221;<\/h3>\n<p>Dursun \u00d6zbek, UEFA \u015eampiyonlar Ligi&#8217;nde gruplara kalacaklar\u0131 iddias\u0131nda bulundu.<\/p>\n<p>Yap\u0131lan y\u0131ld\u0131z transferlerinin UEFA \u015eampiyonlar Ligi&#8217;nden gelecek parayla ilgisi olmad\u0131\u011f\u0131n\u0131 aktaran \u00d6zbek, s\u00f6zlerini \u015f\u00f6yle tamamlad\u0131:<\/p>\n<p>&#8220;Galatasaray&#8217;\u0131n bu sezonki planlamas\u0131nda ana hedefimiz UEFA \u015eampiyonlar Ligi&#8217;nde gruplara kalmak. Oradan gelecek \u00e7ok b\u00fcy\u00fck miktar para var. Ancak biz planlama yaparken \u015eampiyonlar Ligi&#8217;nden gelecek paran\u0131n \u00fczerinde durmad\u0131k. Galatasaray&#8217;\u0131n ait oldu\u011fu yer \u015eampiyonlar Ligi. Bize yak\u0131\u015fan yer oras\u0131. Avrupal\u0131 rakiplerimiz de b\u00f6yle s\u00f6yl\u00fcyor. Galatasarays\u0131z \u015eampiyonlar Ligi pek sevilmiyor. Yapt\u0131\u011f\u0131m\u0131z planlamada \u015eampiyonlar Ligi gelirleri dikkate al\u0131nmad\u0131. Galatasaray tarihindeki en y\u00fcksek seviyeli sponsorluk anla\u015fmalar\u0131n\u0131 yap\u0131yoruz. Y\u0131ld\u0131z transferi, Galatasaray&#8217;a yak\u0131\u015fan oyuncular\u0131n al\u0131nmas\u0131, gruplara kal\u0131p kalmamam\u0131zla ilgili de\u011fil. Gerekeni her hal\u00fckarda yap\u0131yoruz. Taraftar\u0131m\u0131z merak etmesin. Ayr\u0131ca gruplara da kalaca\u011f\u0131z.&#8221;<\/p>\n<p>                            <span class=\"detay-foto-editor\">&#13;<br \/>\n                                <a href=\"https:\/\/www.aa.com.tr\/tr\/p\/abonelik-talep-formu\/1001\" target=\"_blank\" style=\"font-size:12px; color:#444; text-decoration:none;\" rel=\"noopener\">&#13;<br \/>\n                                    Anadolu Ajans\u0131 web sitesinde, AA Haber Ak\u0131\u015f Sistemi (HAS) \u00fczerinden abonelere sunulan haberler, \u00f6zetlenerek yay\u0131mlanmaktad\u0131r. <b style=\"color:#1897F7\">Abonelik i\u00e7in l\u00fctfen ileti\u015fime ge\u00e7iniz.<\/b>&#13;<br \/>\n                                <\/a>&#13;<br \/>\n                            <\/span>\n                        <\/div>\n<p><script>\n\t  window.fbAsyncInit = function() {\n\t\tFB.init({\n\t\t  appId: '1855843514662870',\n\t\t  status : true, \/\/ check login status\n\t\t  cookie : true, \/\/ enable cookies to allow the server to access the session\n\t\t  xfbml  : true  \/\/ parse XFBML\n\t\t});\n\t  };<\/p>\n<p>\t  (function() {\n\t\tvar e = document.createElement('script');\n\t\te.src=\"https:\/\/connect.facebook.net\/tr_TR\/all.js\";\n\t\te.async = true;\n\t\tdocument.getElementById('fb-root').appendChild(e);\n\t  }());\n    <\/script><\/p>\n","protected":false},"excerpt":{"rendered":"<p>Ba\u015fkan \u00d6zbek, Galatasaray Adas\u0131&#8217;nda Sixt ile yap\u0131lan sponsorluk s\u00f6zle\u015fmesinin imza t\u00f6reninde g\u00fcndeme dair a\u00e7\u0131klamalarda bulundu. Sar\u0131-k\u0131rm\u0131z\u0131l\u0131 kul\u00fcb\u00fcn ba\u015fkan\u0131, Be\u015fikta\u015f&#8217;\u0131n payla\u015f\u0131m\u0131yla ilgili \u015f\u00f6yle konu\u015ftu: &#8220;D\u00fcn geceden beri \u00e7ok \u00fczg\u00fcn\u00fcm. Galatasaray&#8217;\u0131 bilmek, \u00f6\u011frenmek laz\u0131m. B\u00f6yle bir yak\u0131\u015ft\u0131rma yaparken camiay\u0131 iyi tan\u0131mak laz\u0131m. Galatasaray, 500 y\u0131l\u0131 a\u015fk\u0131n mazisi, gelenekleri ve etik de\u011ferleri olan bir kurum. Bu \u00fclkeye de\u011ferli [&hellip;]<\/p>\n","protected":false},"author":1,"featured_media":12086,"comment_status":"","ping_status":"","sticky":false,"template":"","format":"standard","meta":[],"categories":[48],"tags":[],"_links":{"self":[{"href":"https:\/\/kraios.app\/news\/wp-json\/wp\/v2\/posts\/12085"}],"collection":[{"href":"https:\/\/kraios.app\/news\/wp-json\/wp\/v2\/posts"}],"about":[{"href":"https:\/\/kraios.app\/news\/wp-json\/wp\/v2\/types\/post"}],"author":[{"embeddable":true,"href":"https:\/\/kraios.app\/news\/wp-json\/wp\/v2\/users\/1"}],"replies":[{"embeddable":true,"href":"https:\/\/kraios.app\/news\/wp-json\/wp\/v2\/comments?post=12085"}],"version-history":[{"count":0,"href":"https:\/\/kraios.app\/news\/wp-json\/wp\/v2\/posts\/12085\/revisions"}],"wp:featuredmedia":[{"embeddable":true,"href":"https:\/\/kraios.app\/news\/wp-json\/wp\/v2\/media\/12086"}],"wp:attachment":[{"href":"https:\/\/kraios.app\/news\/wp-json\/wp\/v2\/media?parent=12085"}],"wp:term":[{"taxonomy":"category","embeddable":true,"href":"https:\/\/kraios.app\/news\/wp-json\/wp\/v2\/categories?post=12085"},{"taxonomy":"post_tag","embeddable":true,"href":"https:\/\/kraios.app\/news\/wp-json\/wp\/v2\/tags?post=12085"}],"curies":[{"name":"wp","href":"https:\/\/api.w.org\/{rel}","templated":true}]}}