{"id":12075,"date":"2023-08-17T11:20:09","date_gmt":"2023-08-17T11:20:09","guid":{"rendered":"https:\/\/kraios.app\/news\/spor\/2023\/08\/17\/neler-yapabilecegimizin-kendi-gucumuzun-farkindayiz\/"},"modified":"2023-08-17T11:20:09","modified_gmt":"2023-08-17T11:20:09","slug":"neler-yapabilecegimizin-kendi-gucumuzun-farkindayiz","status":"publish","type":"post","link":"https:\/\/kraios.app\/news\/spor\/2023\/08\/17\/neler-yapabilecegimizin-kendi-gucumuzun-farkindayiz\/","title":{"rendered":"Neler yapabilece\u011fimizin, kendi g\u00fcc\u00fcm\u00fcz\u00fcn fark\u0131nday\u0131z"},"content":{"rendered":"<p><\/p>\n<div>\n<p>Trabzonspor Teknik Direkt\u00f6r\u00fc Nenad Bjelica, Mehmet Ali Y\u0131lmaz Tesisleri\u2019nde d\u00fczenledi\u011fi bas\u0131n toplant\u0131s\u0131nda, tak\u0131m\u0131n genel fiziksel seviyesinin gayet iyi oldu\u011funu dile getirdi.<\/p>\n<p>S\u00fcper Lig&#8217;in ikinci haftas\u0131nda deplasmanda Galatasaray kar\u015f\u0131s\u0131nda iyi ma\u00e7 \u00e7\u0131kart\u0131p sonu\u00e7 almak istediklerini vurgulayan Bjelica, &#8220;Tabii ki kolay bir ma\u00e7 olmayacak. Son \u015fampiyona kar\u015f\u0131, b\u00fcy\u00fck bir tak\u0131ma kar\u015f\u0131 oynuyorsunuz. Biz de neler yapabilece\u011fimizin, kendi g\u00fcc\u00fcm\u00fcz fark\u0131nday\u0131z. Elimizden gelenin en iyisini yap\u0131p iyi bir ma\u00e7 \u00e7\u0131kart\u0131p iyi bir sonu\u00e7 alabilmeyi umuyoruz. Avrupa&#8217;da 4, ligde 1 ma\u00e7 oynad\u0131\u011f\u0131n\u0131, belki form anlam\u0131nda biraz daha \u015fansl\u0131 oldu\u011funu g\u00f6rebiliriz ama biz de oraya gitti\u011fimizde neler yapabilece\u011fimizin fark\u0131nda olarak elimizden gelenin en iyisini yap\u0131p iyi bir sonu\u00e7 alaca\u011f\u0131m\u0131z\u0131 d\u00fc\u015f\u00fcn\u00fcyorum.&#8221; dedi. <\/p>\n<p>Galatasaray ma\u00e7\u0131nda forvet hatt\u0131nda kimi oynataca\u011f\u0131na y\u00f6nelik soru \u00fczerine Bjelica, kimin oynayaca\u011f\u0131 bilgisini payla\u015fmay\u0131 istemedi\u011fini belirtti.<\/p>\n<p>H\u0131rvat teknik adam, 6-7 haftal\u0131k \u00e7al\u0131\u015fma s\u00fcreci ge\u00e7irdiklerini ifade ederek, s\u00f6zlerini \u015f\u00f6yle s\u00fcrd\u00fcrd\u00fc:<\/p>\n<p>&#8220;\u00c7al\u0131\u015fma s\u00fcrecini de gayet iyi ge\u00e7irdi\u011fimizi ifade edebilirim. Belki de oyuncular\u0131n genel olarak \u00e7ok fazla al\u0131\u015fk\u0131n olmad\u0131\u011f\u0131 yo\u011fun d\u00f6nemden ge\u00e7tik, \u00e7ok s\u0131k\u0131 \u00e7al\u0131\u015ft\u0131k. Oyunculardan ald\u0131\u011f\u0131m\u0131z geri d\u00f6n\u00fc\u015flerden ve i\u00e7inde bulundu\u011fumuz seviyeden gayet mutlu oldu\u011fumuzu ifade edebilirim. Bu asl\u0131nda bir s\u00fcre\u00e7, daha iyiye gidecek ve g\u00fcn g\u00fcn daha iyi olacak. Bunlar\u0131 yaparken ma\u00e7 kazabilmek \u00f6nemliydi. \u0130lk ma\u00e7\u0131 i\u00e7eride oynamam\u0131z dolay\u0131s\u0131yla kazanabilmek, i\u00e7eride bu mutlulu\u011fu ya\u015fayabilmek bizim i\u00e7in \u00e7ok \u00f6nemliydi. \u015eu an gayet iyi seviyedeyiz ve bunun daha \u00fczerine koyarak gidece\u011fiz.&#8221;<\/p>\n<h3>&#8220;En az 4, en fazla 5 oyuncuyu aram\u0131za katmak istiyoruz&#8221;<\/h3>\n<p>Transfer sezonun kapanmas\u0131na kadar \u00e7al\u0131\u015fmalar\u0131n\u0131n s\u00fcrece\u011finin alt\u0131n\u0131 \u00e7izen Bjelica, &#8220;\u015eu an i\u00e7in en az 4, en fazla 5 oyuncuyu aram\u0131za katmak istiyoruz. Stoper pozisyonunda 1 oyuncuyu aram\u0131za katmak istiyoruz. Santrfor pozisyonunda ve kanat oyuncusunu aram\u0131za katmay\u0131 d\u00fc\u015f\u00fcn\u00fcyoruz. Orta sahada da 6-8 oynayabilecek 1 ya da 2 oyuncuyu d\u00fc\u015f\u00fcn\u00fcyoruz.&#8221; diye konu\u015ftu.<\/p>\n<p>Bjelica, tak\u0131ma geldi\u011fi ilk andan itibaren gen\u00e7 oyuncularla \u00e7al\u0131\u015fabilece\u011fini, onlarla iyi ileti\u015fim kurabilece\u011fini g\u00f6sterdi\u011fini kaydederek, \u015f\u00f6yle devam etti:<\/p>\n<p>&#8220;Geldi\u011fimiz ilk dakikalardan itibaren onlara \u015fans verebilmeye, onlarla hep beraber olabilmeye \u00e7al\u0131\u015ft\u0131k. \u015eu an U19 tak\u0131mdan 5 oyuncu s\u00fcrekli bizimle. Onlar\u0131n aras\u0131nda da tabii ki \u00e7ok yetenekli, b\u00fcy\u00fck oyuncular olabilecek, b\u00fcy\u00fck potansiyeli olan oyuncular mevcut. Gen\u00e7 oyunculardan bahsetti\u011fimiz bu s\u00fcre\u00e7te asl\u0131nda bu bir zaman i\u015fi. Bir anda, bir g\u00fcnde bu olabilecek bir \u015fey de\u011fil. S\u00fcre\u00e7te daha iyiye giderek b\u00fcy\u00fck oyuncular olabilecekler. Ben de bunu g\u00f6stermeye \u00e7al\u0131\u015f\u0131yorum. Bahsetti\u011fim U19&#8217;daki oyuncular b\u00fct\u00fcn idmanlarda bizimle birlikteler ve kendilerini daha iyiye g\u00f6t\u00fcrmeye \u00e7al\u0131\u015f\u0131yorlar. Gen\u00e7 oyuncu olarak bakt\u0131\u011f\u0131m\u0131zda bunlar aras\u0131nda Abdulkadir \u00d6m\u00fcr, Eren Elmal\u0131&#8217;y\u0131 da sayabiliriz. Dolay\u0131s\u0131yla bu oyuncular\u0131 da gen\u00e7 oyuncu olarak de\u011ferlendirebiliriz. Yine bu tak\u0131m\u0131n, kul\u00fcb\u00fcn politikalar\u0131 gere\u011fi hem yeti\u015ftirip hem de m\u00fccadele edebilmek, en tepe olma yar\u0131\u015f\u0131n\u0131 s\u00fcrd\u00fcrebilmek m\u00fccadelesi her zaman var.&#8221;<\/p>\n<p>Oyuncu yeti\u015ftirebilmeye \u00e7al\u0131\u015ft\u0131klar\u0131n\u0131 dile getiren Bjelica, &#8220;Bizde tak\u0131m\u0131n y\u0131ld\u0131z\u0131 tak\u0131m\u0131z olacak. Di\u011fer \u0130stanbul tak\u0131mlar\u0131 gibi maddi anlamda onlarla bu yar\u0131\u015f\u0131 s\u00fcrd\u00fcremeyiz. Bizim onlarla yar\u0131\u015f\u0131 s\u00fcrd\u00fcrebilece\u011fimiz imkan saha. \u00c7\u00fcnk\u00fc neler yapabilece\u011fimizi biliyoruz. Taraftar\u0131m\u0131z\u0131n bize nas\u0131l destek verdi\u011fini, hep yan\u0131m\u0131zda oldu\u011funu biliyoruz. Kendimizin fark\u0131nda olarak, neler yapaca\u011f\u0131m\u0131z\u0131 bilerek, yapabileceklerimizin fark\u0131nda olarak bu yar\u0131\u015f\u0131 s\u00fcrd\u00fcrebilmek istiyoruz. Bu bahsetti\u011fim yar\u0131\u015f di\u011fer \u0130stanbul tak\u0131mlar\u0131n\u0131n yapt\u0131\u011f\u0131 gibi maddi, ekonomik anlamda bir yar\u0131\u015f de\u011fil, saha i\u00e7erisinde o varl\u0131\u011f\u0131 s\u00fcrd\u00fcrebilmek. Tabii ki kolay olmayacakt\u0131r ama bunu yapacak g\u00fcc\u00fcm\u00fcz de var.&#8221; de\u011ferlendirmesinde bulundu.<\/p>\n<h3>Siopis&#8217;in tak\u0131mdan ayr\u0131lmas\u0131 <\/h3>\n<p>Bjelica, orta saha oyuncusu Manolis Siopis&#8217;in tak\u0131mdan ayr\u0131l\u0131\u011f\u0131na ili\u015fkin \u015funlar\u0131 s\u00f6yledi:<\/p>\n<p>&#8220;\u00d6ncelikle Siopis&#8217;e te\u015fekk\u00fcr ederek ba\u015flamal\u0131y\u0131m. \u00d6zellikle \u015fampiyonluk sezonunda tak\u0131m i\u00e7in \u00e7ok \u00f6nemli bir oyuncu oldu. Ge\u00e7en sezon \u00f6zelinde de\u011ferlendirecek olursak 8 ma\u00e7l\u0131k o periyotta yine bizim i\u00e7in \u00e7ok \u00f6nemli, \u00e7ok de\u011ferli bir oyuncu oldu. Kendisi ailesel sebepler dolay\u0131s\u0131yla ayr\u0131l\u0131k talebini iletmi\u015fti. Daha sonra yapt\u0131\u011f\u0131m\u0131z konu\u015fmalarda kendisine kul\u00fcpten 3 y\u0131ll\u0131k \u00f6nemli bir teklif de yapt\u0131k asl\u0131nda. Ayn\u0131 fikrini devam ettirdi ve son g\u00fcnlerde kul\u00fcple yapt\u0131\u011f\u0131 g\u00f6r\u00fc\u015fmeler sonras\u0131nda ayr\u0131l\u0131k ger\u00e7ekle\u015fti. Siopis nereye giderse gitsin, ona d\u00fcnyan\u0131n en \u00e7ok \u015fans\u0131n\u0131 diliyoruz. Yapt\u0131klar\u0131 i\u00e7in de te\u015fekk\u00fcr ediyoruz.&#8221;<\/p>\n<p>Bjelica, tak\u0131mdaki sakat oyuncular\u0131n son durumlar\u0131yla ilgili olarak ise &#8220;Fernandes 3 ay sonra geri d\u00f6nebiliyor. Fernandes&#8217;ten beklentimiz ekim ay\u0131n\u0131n ba\u015f\u0131nda bizimle olmas\u0131. Mislav Orsic 6 ay bizimle olamayacak, ocak ay\u0131nda bize kat\u0131lmas\u0131n\u0131 bekliyoruz. H\u00fcseyin&#8217;in Kas\u0131mpa\u015fa ma\u00e7\u0131yla birlikte bizimle olabilece\u011fini tahmin ediyoruz. Edin Visca, cumartesi g\u00fcn\u00fc bizimle olamayacak ama Rizespor ma\u00e7\u0131nda bizimle olmas\u0131n\u0131 bekliyoruz.&#8221; ifadelerini kulland\u0131.<\/p>\n<h3>&#8220;Ancak taraftar\u0131n\u0131z\u0131n g\u00fcc\u00fcyle bir \u015feyler ba\u015farabilirsiniz&#8221;<\/h3>\n<p>Bjelica, taraftarlardan \u00e7ok mutlu oldu\u011funu da dile getirerek, \u015funlar\u0131 kaydetti:<\/p>\n<p>&#8220;En sab\u0131rs\u0131z olduklar\u0131 anda dahi onlar\u0131n g\u00f6sterdi\u011fi sevgiden, o destekten dolay\u0131 \u00e7ok mutluyum. Profesyonel insanlar\u0131z, dolay\u0131s\u0131yla ele\u015ftiriye a\u00e7\u0131k olmal\u0131y\u0131z. Taraftarlar\u0131n sab\u0131rs\u0131z olmas\u0131 normalde beklenen bir durum. Biz de taraftarlar\u0131m\u0131z\u0131 mutlu edebilmek i\u00e7in, en iyi \u015fekilde yapabilmek i\u00e7in ele\u015ftirilere a\u00e7\u0131k olarak en iyi i\u015fi \u00e7\u0131karmaya \u00e7al\u0131\u015f\u0131yoruz. Onlar\u0131n deste\u011fi bizim i\u00e7in s\u0131rt\u0131m\u0131zdaki itici g\u00fc\u00e7. O sevgi, o destek bizi ileriye g\u00f6t\u00fcren \u00e7ok iyi bir g\u00fc\u00e7. Ancak taraftar\u0131n\u0131z\u0131n g\u00fcc\u00fcyle bir \u015feyler ba\u015farabilirsiniz.&#8221;<\/p>\n<p>                            <span class=\"detay-foto-editor\">&#13;<br \/>\n                                <a href=\"https:\/\/www.aa.com.tr\/tr\/p\/abonelik-talep-formu\/1001\" target=\"_blank\" style=\"font-size:12px; color:#444; text-decoration:none;\" rel=\"noopener\">&#13;<br \/>\n                                    Anadolu Ajans\u0131 web sitesinde, AA Haber Ak\u0131\u015f Sistemi (HAS) \u00fczerinden abonelere sunulan haberler, \u00f6zetlenerek yay\u0131mlanmaktad\u0131r. <b style=\"color:#1897F7\">Abonelik i\u00e7in l\u00fctfen ileti\u015fime ge\u00e7iniz.<\/b>&#13;<br \/>\n                                <\/a>&#13;<br \/>\n                            <\/span>\n                        <\/div>\n<p><script>\n\t  window.fbAsyncInit = function() {\n\t\tFB.init({\n\t\t  appId: '1855843514662870',\n\t\t  status : true, \/\/ check login status\n\t\t  cookie : true, \/\/ enable cookies to allow the server to access the session\n\t\t  xfbml  : true  \/\/ parse XFBML\n\t\t});\n\t  };<\/p>\n<p>\t  (function() {\n\t\tvar e = document.createElement('script');\n\t\te.src=\"https:\/\/connect.facebook.net\/tr_TR\/all.js\";\n\t\te.async = true;\n\t\tdocument.getElementById('fb-root').appendChild(e);\n\t  }());\n    <\/script><\/p>\n","protected":false},"excerpt":{"rendered":"<p>Trabzonspor Teknik Direkt\u00f6r\u00fc Nenad Bjelica, Mehmet Ali Y\u0131lmaz Tesisleri\u2019nde d\u00fczenledi\u011fi bas\u0131n toplant\u0131s\u0131nda, tak\u0131m\u0131n genel fiziksel seviyesinin gayet iyi oldu\u011funu dile getirdi. S\u00fcper Lig&#8217;in ikinci haftas\u0131nda deplasmanda Galatasaray kar\u015f\u0131s\u0131nda iyi ma\u00e7 \u00e7\u0131kart\u0131p sonu\u00e7 almak istediklerini vurgulayan Bjelica, &#8220;Tabii ki kolay bir ma\u00e7 olmayacak. Son \u015fampiyona kar\u015f\u0131, b\u00fcy\u00fck bir tak\u0131ma kar\u015f\u0131 oynuyorsunuz. Biz de neler yapabilece\u011fimizin, kendi [&hellip;]<\/p>\n","protected":false},"author":1,"featured_media":12076,"comment_status":"","ping_status":"","sticky":false,"template":"","format":"standard","meta":[],"categories":[48],"tags":[],"_links":{"self":[{"href":"https:\/\/kraios.app\/news\/wp-json\/wp\/v2\/posts\/12075"}],"collection":[{"href":"https:\/\/kraios.app\/news\/wp-json\/wp\/v2\/posts"}],"about":[{"href":"https:\/\/kraios.app\/news\/wp-json\/wp\/v2\/types\/post"}],"author":[{"embeddable":true,"href":"https:\/\/kraios.app\/news\/wp-json\/wp\/v2\/users\/1"}],"replies":[{"embeddable":true,"href":"https:\/\/kraios.app\/news\/wp-json\/wp\/v2\/comments?post=12075"}],"version-history":[{"count":0,"href":"https:\/\/kraios.app\/news\/wp-json\/wp\/v2\/posts\/12075\/revisions"}],"wp:featuredmedia":[{"embeddable":true,"href":"https:\/\/kraios.app\/news\/wp-json\/wp\/v2\/media\/12076"}],"wp:attachment":[{"href":"https:\/\/kraios.app\/news\/wp-json\/wp\/v2\/media?parent=12075"}],"wp:term":[{"taxonomy":"category","embeddable":true,"href":"https:\/\/kraios.app\/news\/wp-json\/wp\/v2\/categories?post=12075"},{"taxonomy":"post_tag","embeddable":true,"href":"https:\/\/kraios.app\/news\/wp-json\/wp\/v2\/tags?post=12075"}],"curies":[{"name":"wp","href":"https:\/\/api.w.org\/{rel}","templated":true}]}}