{"id":12071,"date":"2023-08-17T10:56:30","date_gmt":"2023-08-17T10:56:30","guid":{"rendered":"https:\/\/kraios.app\/news\/yasam\/2023\/08\/17\/marmara-depreminde-kaybettigi-milletvekili-agabeyi-ve-ailesinin-acisini-unutamiyor\/"},"modified":"2023-08-17T10:56:30","modified_gmt":"2023-08-17T10:56:30","slug":"marmara-depreminde-kaybettigi-milletvekili-agabeyi-ve-ailesinin-acisini-unutamiyor","status":"publish","type":"post","link":"https:\/\/kraios.app\/news\/yasam\/2023\/08\/17\/marmara-depreminde-kaybettigi-milletvekili-agabeyi-ve-ailesinin-acisini-unutamiyor\/","title":{"rendered":"Marmara depreminde kaybetti\u011fi milletvekili a\u011fabeyi ve ailesinin ac\u0131s\u0131n\u0131 unutam\u0131yor"},"content":{"rendered":"<p><\/p>\n<div>\n<p>Depreme Gebze il\u00e7esindeki evinde yakalanan Kurt, d\u0131\u015far\u0131 \u00e7\u0131karak telefonla arad\u0131\u011f\u0131 \u0130zmit&#8217;te ya\u015fayan a\u011fabeyine ula\u015famad\u0131.<\/p>\n<p>Ailesini g\u00fcvenli b\u00f6lgeye ald\u0131ktan sonra \u0130zmit&#8217;e giden Kurt, a\u011fabeyinin oturdu\u011fu binan\u0131n y\u0131k\u0131ld\u0131\u011f\u0131n\u0131 g\u00f6rd\u00fc. A\u011fabeyi, yengesi ve ye\u011feninin enkaz alt\u0131nda kalarak hayat\u0131n\u0131 kaybetti\u011fini \u00f6\u011frenen Kurt, b\u00fcy\u00fck ac\u0131 ya\u015fad\u0131.<\/p>\n<p>D\u00f6rt ye\u011feninin depremden kurtulmas\u0131yla bir nebze teselli bulan Kurt, s\u0131k s\u0131k gitti\u011fi a\u011fabeyinin mezar\u0131 ba\u015f\u0131nda dua ederek ac\u0131s\u0131n\u0131 hafifletmeye \u00e7al\u0131\u015f\u0131yor.<\/p>\n<p><img decoding=\"async\" alt=\"\" src=\"https:\/\/www.aa.com.tr\/uploads\/userFiles\/a54ea27f-6036-4f79-88c6-6bc9ba19a35d\/08_Nisan%2F06%20temmuz%2F08%2FAA-31936052.jpg\"\/><\/p>\n<h3>&#8220;Depremi akl\u0131m\u0131zdan \u00e7\u0131karmam\u0131z m\u00fcmk\u00fcn de\u011fil&#8221;<\/h3>\n<p>Celalettin Kurt, AA muhabirine, 18. ve 19. d\u00f6nem DYP Kocaeli Milletvekili a\u011fabeyi ile 30 y\u0131l siyasi \u00e7al\u0131\u015fmalarda bulunduklar\u0131n\u0131 s\u00f6yledi.<\/p>\n<p>Deprem g\u00fcn\u00fc a\u011fabeyinin kendisini ziyaret etti\u011fini, gece saatlerinde ailesiyle Gebze&#8217;den ayr\u0131ld\u0131\u011f\u0131n\u0131 aktaran Kurt, &#8220;Deprem olduktan sonra abime telefon ettim ama cevap vermedi. Akl\u0131m\u0131za hi\u00e7 b\u00f6yle bir y\u0131k\u0131m gelmedi. Daha sonra bir abimizle gidelim bir bakal\u0131m dedik. \u0130zmit&#8217;e geldi\u011fimizde ikamet etti\u011fi konut ortada yoktu. Bamba\u015fka bir manzara vard\u0131. Depremin izlerini silmemiz m\u00fcmk\u00fcn de\u011fil ama \u00fclkemizin bir deprem ger\u00e7e\u011fi var. Bu ger\u00e7e\u011fi bilerek hayat\u0131m\u0131z\u0131 yeniden \u015fekillendirmek mecburiyetindeyiz.&#8221; diye konu\u015ftu.<\/p>\n<p>Kurt, depremi ak\u0131llardan \u00e7\u0131karman\u0131n m\u00fcmk\u00fcn olmad\u0131\u011f\u0131n\u0131 vurgulayarak, Marmara depreminden sonra T\u00fcrkiye&#8217;nin deprem ger\u00e7e\u011finin fark\u0131na varmaya ba\u015flad\u0131\u011f\u0131n\u0131 anlatt\u0131.<\/p>\n<p><img decoding=\"async\" alt=\"\" src=\"https:\/\/www.aa.com.tr\/uploads\/userFiles\/a54ea27f-6036-4f79-88c6-6bc9ba19a35d\/08_Nisan%2F06%20temmuz%2F08%2FAA-31936057.jpg\"\/><\/p>\n<p>Aradan 24 y\u0131l ge\u00e7mesine ra\u011fmen a\u011fabey ve ailesinin ac\u0131s\u0131n\u0131 y\u00fcre\u011finde hissetti\u011fini belirten Kurt, a\u011fabeyinin geride ho\u015f bir seda b\u0131rakt\u0131\u011f\u0131n\u0131 kaydetti.<\/p>\n<p>Kurt, a\u011fabeyinin \u00f6nemli hizmetler yapt\u0131\u011f\u0131na de\u011finerek, \u015f\u00f6yle devam etti:<\/p>\n<p>&#8220;Abimi unutmak kolay de\u011fil. \u015eimdi konu\u015furken ya\u015fananlar, film \u015feridi gibi g\u00f6z\u00fcm\u00fcn \u00f6n\u00fcnden gelip ge\u00e7iyor. Aradan 24 y\u0131l ge\u00e7mi\u015f, milletvekilli\u011finin \u00fczerinden neredeyse 30 y\u0131l ge\u00e7mi\u015f. Kocaeli veya Gebze&#8217;nin hangi b\u00f6lgesine giderseniz gidin hangi d\u00fc\u015f\u00fcnceye sahip olursa olsun bir Alaettin Kurt ger\u00e7e\u011fiyle kar\u015f\u0131la\u015f\u0131yorsunuz. Tek bir d\u00fc\u015f\u00fcncesi vard\u0131, bizde de o al\u0131\u015fkanl\u0131\u011f\u0131 olu\u015fturmu\u015ftu; hizmet meselesi. Halka hizmetin hakka hizmet oldu\u011funu bilen bir insand\u0131. Gece g\u00fcnd\u00fcz demeden zaman g\u00f6zetmeksizin \u00e7al\u0131\u015fan bir ki\u015fiydi.&#8221;<\/p>\n<p>Kahramanmara\u015f merkezli 6 \u015eubat&#8217;ta meydana gelen depremlerin kendilerine ge\u00e7mi\u015fte ya\u015fad\u0131klar\u0131n\u0131 hat\u0131rlatt\u0131\u011f\u0131 dile getiren Kurt, depremlere her zaman haz\u0131rl\u0131kl\u0131 olunmas\u0131 gerekti\u011fini ve yap\u0131sal anlamda buna y\u00f6nelik tedbirlerin al\u0131nmas\u0131 gerekti\u011fini s\u00f6zlerine ekledi.<\/p>\n<p>                            <span class=\"detay-foto-editor\">&#13;<br \/>\n                                <a href=\"https:\/\/www.aa.com.tr\/tr\/p\/abonelik-talep-formu\/1001\" target=\"_blank\" style=\"font-size:12px; color:#444; text-decoration:none;\" rel=\"noopener\">&#13;<br \/>\n                                    Anadolu Ajans\u0131 web sitesinde, AA Haber Ak\u0131\u015f Sistemi (HAS) \u00fczerinden abonelere sunulan haberler, \u00f6zetlenerek yay\u0131mlanmaktad\u0131r. <b style=\"color:#1897F7\">Abonelik i\u00e7in l\u00fctfen ileti\u015fime ge\u00e7iniz.<\/b>&#13;<br \/>\n                                <\/a>&#13;<br \/>\n                            <\/span>\n                        <\/div>\n<p><script>\n\t  window.fbAsyncInit = function() {\n\t\tFB.init({\n\t\t  appId: '1855843514662870',\n\t\t  status : true, \/\/ check login status\n\t\t  cookie : true, \/\/ enable cookies to allow the server to access the session\n\t\t  xfbml  : true  \/\/ parse XFBML\n\t\t});\n\t  };<\/p>\n<p>\t  (function() {\n\t\tvar e = document.createElement('script');\n\t\te.src=\"https:\/\/connect.facebook.net\/tr_TR\/all.js\";\n\t\te.async = true;\n\t\tdocument.getElementById('fb-root').appendChild(e);\n\t  }());\n    <\/script><\/p>\n","protected":false},"excerpt":{"rendered":"<p>Depreme Gebze il\u00e7esindeki evinde yakalanan Kurt, d\u0131\u015far\u0131 \u00e7\u0131karak telefonla arad\u0131\u011f\u0131 \u0130zmit&#8217;te ya\u015fayan a\u011fabeyine ula\u015famad\u0131. Ailesini g\u00fcvenli b\u00f6lgeye ald\u0131ktan sonra \u0130zmit&#8217;e giden Kurt, a\u011fabeyinin oturdu\u011fu binan\u0131n y\u0131k\u0131ld\u0131\u011f\u0131n\u0131 g\u00f6rd\u00fc. A\u011fabeyi, yengesi ve ye\u011feninin enkaz alt\u0131nda kalarak hayat\u0131n\u0131 kaybetti\u011fini \u00f6\u011frenen Kurt, b\u00fcy\u00fck ac\u0131 ya\u015fad\u0131. D\u00f6rt ye\u011feninin depremden kurtulmas\u0131yla bir nebze teselli bulan Kurt, s\u0131k s\u0131k gitti\u011fi a\u011fabeyinin mezar\u0131 [&hellip;]<\/p>\n","protected":false},"author":1,"featured_media":12072,"comment_status":"","ping_status":"","sticky":false,"template":"","format":"standard","meta":[],"categories":[50],"tags":[],"_links":{"self":[{"href":"https:\/\/kraios.app\/news\/wp-json\/wp\/v2\/posts\/12071"}],"collection":[{"href":"https:\/\/kraios.app\/news\/wp-json\/wp\/v2\/posts"}],"about":[{"href":"https:\/\/kraios.app\/news\/wp-json\/wp\/v2\/types\/post"}],"author":[{"embeddable":true,"href":"https:\/\/kraios.app\/news\/wp-json\/wp\/v2\/users\/1"}],"replies":[{"embeddable":true,"href":"https:\/\/kraios.app\/news\/wp-json\/wp\/v2\/comments?post=12071"}],"version-history":[{"count":0,"href":"https:\/\/kraios.app\/news\/wp-json\/wp\/v2\/posts\/12071\/revisions"}],"wp:featuredmedia":[{"embeddable":true,"href":"https:\/\/kraios.app\/news\/wp-json\/wp\/v2\/media\/12072"}],"wp:attachment":[{"href":"https:\/\/kraios.app\/news\/wp-json\/wp\/v2\/media?parent=12071"}],"wp:term":[{"taxonomy":"category","embeddable":true,"href":"https:\/\/kraios.app\/news\/wp-json\/wp\/v2\/categories?post=12071"},{"taxonomy":"post_tag","embeddable":true,"href":"https:\/\/kraios.app\/news\/wp-json\/wp\/v2\/tags?post=12071"}],"curies":[{"name":"wp","href":"https:\/\/api.w.org\/{rel}","templated":true}]}}