{"id":12065,"date":"2023-08-17T08:20:06","date_gmt":"2023-08-17T08:20:06","guid":{"rendered":"https:\/\/kraios.app\/news\/ekonomi\/2023\/08\/17\/turkiyede-yaklasik-83-milyon-konutun-deprem-sigortasi-bulunmuyor\/"},"modified":"2023-08-17T08:20:06","modified_gmt":"2023-08-17T08:20:06","slug":"turkiyede-yaklasik-83-milyon-konutun-deprem-sigortasi-bulunmuyor","status":"publish","type":"post","link":"https:\/\/kraios.app\/news\/ekonomi\/2023\/08\/17\/turkiyede-yaklasik-83-milyon-konutun-deprem-sigortasi-bulunmuyor\/","title":{"rendered":"T\u00fcrkiye&#8217;de yakla\u015f\u0131k 8,3 milyon konutun deprem sigortas\u0131 bulunmuyor"},"content":{"rendered":"<p> <br \/>\n<\/p>\n<div>\n<p>AA muhabirinin, b\u00fcy\u00fck can ve mal kayb\u0131na neden olan Marmara Depremi&#8217;nin 24. y\u0131l d\u00f6n\u00fcm\u00fc dolay\u0131s\u0131yla derledi\u011fi bilgilere g\u00f6re, deprem ku\u015fa\u011f\u0131nda bulunan T\u00fcrkiye&#8217;de her ge\u00e7en g\u00fcn konuya ili\u015fkin bilin\u00e7 artsa da hen\u00fcz istenilen seviyeye ula\u015f\u0131lm\u0131\u015f de\u011fil.<\/p>\n<p>Devletin g\u00fcvence olarak sundu\u011fu Do\u011fal Afet Sigortalar\u0131 Kurumu (DASK), konutlar\u0131 depreme ve depremin do\u011frudan neden oldu\u011fu yang\u0131n, infilak, yer kaymas\u0131 ve tsunami gibi afetlere kar\u015f\u0131 g\u00fcvence alt\u0131na al\u0131yor.<\/p>\n<p>Zorunlu Deprem Sigortas\u0131 uygulamas\u0131n\u0131n ba\u015flad\u0131\u011f\u0131 27 Eyl\u00fcl 2000&#8217;den itibaren gerek kurum gerekse sigorta \u015firketleri, toplumda sigorta bilincini art\u0131rmak amac\u0131yla \u00e7ok say\u0131da kampanya d\u00fczenledi. Sigortal\u0131l\u0131k oran\u0131n\u0131n istenilen d\u00fczeye \u00e7\u0131kmas\u0131 i\u00e7in \u00e7al\u0131\u015fmalar devam ediyor.<\/p>\n<p>Ancak 6 \u015eubat&#8217;ta ya\u015fanan Kahramanmara\u015f merkezli depremlerle yeniden sars\u0131lan T\u00fcrkiye&#8217;de zorunlu deprem sigortas\u0131na sahip konut oran\u0131n\u0131n hala istenilen seviyelerde olmad\u0131\u011f\u0131 g\u00f6r\u00fcld\u00fc.<\/p>\n<p>Bug\u00fcn itibar\u0131yla \u00fclke genelinde bulunan 20 milyon 32 bin adet konutun y\u00fczde 58,7&#8217;sine denk gelen 11 milyon 756 bin 617&#8217;sinin sigortas\u0131 bulunuyor, sigorta yapt\u0131r\u0131lmayan konut say\u0131s\u0131 ise 8 milyon 275 bin 383&#8217;e ula\u015fm\u0131\u015f durumda.<\/p>\n<p>Kahramanmara\u015f merkezli depremlerin ger\u00e7ekle\u015fti\u011fi tarihte 10 milyon 960 bin 389 olan deprem sigortal\u0131 konut say\u0131s\u0131 aradan ge\u00e7en 6 ay\u0131 a\u015fk\u0131n s\u00fcrede yakla\u015f\u0131k 800 bin artt\u0131.<\/p>\n<h3>\u0130stanbul&#8217;da her 3 konuttan biri sigortas\u0131z<\/h3>\n<p>Sahip oldu\u011fu yakla\u015f\u0131k 16 milyon n\u00fcfusuyla T\u00fcrkiye&#8217;nin en kalabal\u0131k kenti olan ve ekonominin lokomotifi konumundaki \u0130stanbul&#8217;da her 3 konuttan birinin deprem sigortas\u0131 bulunmuyor.<\/p>\n<p>Uzmanlar\u0131n 7,5 ve \u00fczerinde \u015fiddete sahip bir depremin beklendi\u011fini belirtti\u011fi megakentte 4 milyon 153 bin adet konuttan 1 milyon 433 bin 355 adedinin (y\u00fczde 34,5) sigortas\u0131z oldu\u011fu g\u00f6r\u00fcl\u00fcyor.<\/p>\n<p>T\u00fcrkiye&#8217;nin en kalabal\u0131k ilk 3 \u015fehri ele al\u0131nd\u0131\u011f\u0131nda sigortal\u0131 konut oran\u0131 \u0130stanbul&#8217;da y\u00fczde 65,5&#8217;e, Ankara&#8217;da y\u00fczde 57,9&#8217;a, \u0130zmir&#8217;de y\u00fczde 63,1&#8217;e y\u00fckselmi\u015f durumda.<\/p>\n<p>&#8211; \u0130lk s\u0131radaki Marmara B\u00f6lgesi&#8217;ni Ege takip ediyor<\/p>\n<p>B\u00f6lgeler baz\u0131nda ele al\u0131nd\u0131\u011f\u0131nda en y\u00fcksek sigortal\u0131l\u0131k oran\u0131 y\u00fczde 67 ile Marmara&#8217;da g\u00f6r\u00fcl\u00fcrken, Ege y\u00fczde 59,4 ile ikinci, Do\u011fu Anadolu y\u00fczde 57,8 ile \u00fc\u00e7\u00fcnc\u00fc s\u0131rada yer al\u0131yor.<\/p>\n<p>Konutlar\u0131n Akdeniz&#8217;de y\u00fczde 54,1&#8217;ine, \u0130\u00e7 Anadolu&#8217;da y\u00fczde 53,9&#8217;una, G\u00fcneydo\u011fu Anadolu&#8217;da y\u00fczde 51&#8217;ine, Karadeniz&#8217;de ise y\u00fczde 48,4&#8217;\u00fcne sigorta yapt\u0131r\u0131ld\u0131\u011f\u0131 g\u00f6r\u00fcl\u00fcyor.<\/p>\n<h3>Sigortal\u0131l\u0131k oran\u0131 en y\u00fcksek iller Bolu ve D\u00fczce<\/h3>\n<p>\u00dclke genelinde zorunlu deprem sigortas\u0131na sahip konut oran\u0131 en y\u00fcksek olan illerin ba\u015f\u0131nda y\u00fczde 91,9 ile Bolu gelirken, onu y\u00fczde 91,6 ile D\u00fczce takip ediyor.<\/p>\n<p>S\u00f6z konusu oran Yalova&#8217;da y\u00fczde 87,9, Tekirda\u011f&#8217;da y\u00fczde 84,9, Bing\u00f6l&#8217;de y\u00fczde 84,3, Sakarya&#8217;da y\u00fczde 84,2, Mu\u011fla&#8217;da y\u00fczde 83,3, Van&#8217;da y\u00fczde 77,3 \u015feklinde.<\/p>\n<p>Zorunlu deprem sigortal\u0131l\u0131k oran\u0131 en d\u00fc\u015f\u00fck kentler ise y\u00fczde 28,4 ile Hakkari, y\u00fczde 33,5 ile G\u00fcm\u00fc\u015fhane, y\u00fczde 35 ile Bayburt \u015feklinde s\u0131ralan\u0131yor.<\/p>\n<h3>&#8220;Fark\u0131ndal\u0131\u011f\u0131 art\u0131rmak i\u00e7in \u00e7al\u0131\u015f\u0131yoruz&#8221;<\/h3>\n<p>DASK Teknik \u0130\u015fleticisi T\u00fcrk Reas\u00fcrans Genel M\u00fcd\u00fcr\u00fc Selva Eren, AA muhabirine yapt\u0131\u011f\u0131 a\u00e7\u0131klamada, DASK olarak, kurulu\u015flar\u0131ndan bu yana sistemleri ve y\u00fcr\u00fctt\u00fckleri s\u00fcre\u00e7leri daha ileriye ta\u015f\u0131mak i\u00e7in \u00e7al\u0131\u015ft\u0131klar\u0131n\u0131, ayn\u0131 zamanda sigorta fark\u0131ndal\u0131\u011f\u0131n\u0131 art\u0131r\u0131p vatanda\u015flar\u0131n deprem ger\u00e7e\u011fine kar\u015f\u0131 bireysel \u00f6nlemlerini almak \u00fczere harekete ge\u00e7meleri i\u00e7in \u00e7aba g\u00f6sterdiklerini s\u00f6yledi.<\/p>\n<p>DASK\u2019\u0131n kurulu\u015fundan bug\u00fcne ge\u00e7en 24 y\u0131lda sigortal\u0131l\u0131k oran\u0131n\u0131n y\u00fczde 59&#8217;a ula\u015ft\u0131\u011f\u0131n\u0131 kaydeden Eren, s\u00f6zlerini \u015f\u00f6yle s\u00fcrd\u00fcrd\u00fc:<\/p>\n<p>&#8220;DASK olarak her zaman en temel hedefimiz, t\u00fcm konutlar\u0131 Zorunlu Deprem Sigortas\u0131 g\u00fcvencesi alt\u0131na almak. T\u00fcrk Reas\u00fcrans olarak 8 A\u011fustos 2020&#8217;de DASK&#8217;\u0131n teknik i\u015fletici g\u00f6revini devrald\u0131k. Bu g\u00f6revi \u00fcstlendi\u011fimiz ilk g\u00fcnden bu yana, her zaman DASK&#8217;\u0131 daha ileriye g\u00f6t\u00fcrecek, kuruma de\u011fer ve fayda yaratacak \u00e7al\u0131\u015fmalar y\u00fcr\u00fctt\u00fck ve do\u011fal afet an\u0131nda ve sonras\u0131nda vatanda\u015flar\u0131m\u0131za en k\u0131sa zaman i\u00e7erisinde destek sunmaya ba\u015flamak ve i\u015f s\u00fcreklili\u011fini sa\u011flamak her zaman birinci \u00f6nceli\u011fimiz oldu.&#8221;<\/p>\n<h3>&#8220;\u00d6deme kapasitemizi 117 milyar TL&#8217;ye \u00e7\u0131kard\u0131k&#8221;<\/h3>\n<p>Selva Eren, \u00e7al\u0131\u015fmalar\u0131n\u0131n oda\u011f\u0131na her zaman deprem sonras\u0131 haz\u0131rl\u0131k planlar\u0131n\u0131 koyarak hareket ettiklerini belirterek, operasyonel anlamda daha etkin s\u00fcre\u00e7 y\u00f6netebilmek ad\u0131na att\u0131klar\u0131 ad\u0131mlardan bahsetti.<\/p>\n<p>DASK&#8217;\u0131n teknolojik altyap\u0131s\u0131n\u0131 yenilediklerini, ihbar sistemlerinin g\u00fcn\u00fcn ko\u015fullar\u0131na cevap verebilecek h\u0131za ula\u015fmas\u0131n\u0131 sa\u011flad\u0131klar\u0131n\u0131 anlatan Eren, \u015fu bilgileri verdi:<\/p>\n<p>&#8220;Bu sayede, e\u015f zamanl\u0131 olarak s\u0131n\u0131rs\u0131z hasar ihbar\u0131 alabiliyor ve 24 saat i\u00e7inde 96 bin adet hasar dosyas\u0131 a\u00e7abiliyoruz. Operasyonel \u00e7al\u0131\u015fmalar\u0131n yan\u0131nda, finansal olarak daha g\u00fc\u00e7l\u00fc bir yap\u0131 sa\u011flamak amac\u0131yla, DASK&#8217;\u0131 devrald\u0131\u011f\u0131m\u0131zda var olan 10,5 milyar TL&#8217;lik fon b\u00fcy\u00fckl\u00fc\u011f\u00fcn\u00fc, 2,5 y\u0131lda 23,5 milyar TL seviyesine y\u00fckselttik. 25 milyar TL olan \u00f6deme kapasitemizi 117 milyar TL seviyesine \u00e7\u0131kard\u0131k. Sigortal\u0131lar\u0131m\u0131za daha g\u00fc\u00e7l\u00fc bir finansal g\u00fcvence sunmak amac\u0131yla 320 bin TL olan azami teminat tutar\u0131n\u0131 640 bin TL&#8217;ye y\u00fckselttik.&#8221;<\/p>\n<p>Eren, Kahramanmara\u015f merkezli depremlerin \u00fczerinden 24 saat ge\u00e7meden ilk hasar \u00f6demesini ger\u00e7ekle\u015ftirdiklerini an\u0131msatarak, bug\u00fcne kadar b\u00f6lgede yapt\u0131klar\u0131 faaliyetlere ili\u015fkin bilgi verdi.<\/p>\n<p>Sigortal\u0131lara daha h\u0131zl\u0131 ve y\u00fcz y\u00fcze hizmet sunmak amac\u0131yla b\u00f6lgedeki illere DASK konteyner ofislerin kuruldu\u011funu aktaran Eren, &#8220;Bu s\u00fcre\u00e7te \u00f6ncelikli amac\u0131m\u0131z, b\u00f6lgedeki t\u00fcm sigortal\u0131lar\u0131m\u0131za en h\u0131zl\u0131 \u015fekilde fayda sa\u011flamak oldu. A\u011fustos 2023 itibar\u0131yla taraf\u0131m\u0131za bildirilen yakla\u015f\u0131k 590 bin adet hasar ihbar\u0131na kar\u015f\u0131l\u0131k, tazminat \u00f6deme tutar\u0131m\u0131z toplam 32 milyar TL&#8217;yi a\u015ft\u0131.&#8221; ifadelerini kulland\u0131.<\/p>\n<h3>&#8220;Bir\u00e7ok depremde sigortalar\u0131m\u0131z\u0131n hasarlar\u0131n\u0131 tazmin edecek finansal g\u00fcce sahibiz&#8221;<\/h3>\n<p>Eren, bir deprem \u00fclkesi olan T\u00fcrkiye&#8217;de DASK&#8217;\u0131n stratejik \u00f6neme sahip oldu\u011funun fark\u0131ndal\u0131\u011f\u0131yla hareket ettiklerini vurgulayarak, bu kapsamda yapt\u0131klar\u0131 haz\u0131rl\u0131klar\u0131 anlatt\u0131.<\/p>\n<p>DASK&#8217;a duyulan g\u00fcveni art\u0131rmaya ve kurumu daha da ileriye ta\u015f\u0131yacak \u00e7al\u0131\u015fmalara h\u0131z kesmeden devam edeceklerini vurgulayan Eren, \u015fu de\u011ferlendirmede bulundu:<\/p>\n<p>&#8220;DASK olarak Zorunlu Deprem Sigortas\u0131 ile sigortal\u0131lara verilen teminat kar\u015f\u0131l\u0131\u011f\u0131nda al\u0131nan primlerle bir deprem teminat havuzu olu\u015fturuyoruz. Bu havuzun devlet kaynaklar\u0131ndan tamamen ba\u011f\u0131ms\u0131z. Sigortal\u0131lar\u0131m\u0131z\u0131n \u00f6dedi\u011fi primlerden ve ilave olarak uluslararas\u0131 reas\u00fcr\u00f6rlerden temin edilen sigorta korumas\u0131 ile olu\u015fturdu\u011fumuz bu kaynak, yaln\u0131zca sigortal\u0131lar\u0131m\u0131z\u0131n evlerinde olu\u015facak deprem kaynakl\u0131 hasarlar\u0131n tazmini i\u00e7in kullan\u0131lmaktad\u0131r. Bug\u00fcn itibar\u0131yla biriken deprem fonlar\u0131m\u0131z 23 milyar TL seviyesinde. Bu kapasiteyle bir\u00e7ok depremde sigortalar\u0131m\u0131z\u0131n hasarlar\u0131n\u0131 tazmin edecek finansal g\u00fcce sahibiz.&#8221;<\/p>\n<p>                            <span class=\"detay-foto-editor\">&#13;<br \/>\n                                <a href=\"https:\/\/www.aa.com.tr\/tr\/p\/abonelik-talep-formu\/1001\" target=\"_blank\" style=\"font-size:12px; color:#444; text-decoration:none;\" rel=\"noopener\">&#13;<br \/>\n                                    Anadolu Ajans\u0131 web sitesinde, AA Haber Ak\u0131\u015f Sistemi (HAS) \u00fczerinden abonelere sunulan haberler, \u00f6zetlenerek yay\u0131mlanmaktad\u0131r. <b style=\"color:#1897F7\">Abonelik i\u00e7in l\u00fctfen ileti\u015fime ge\u00e7iniz.<\/b>&#13;<br \/>\n                                <\/a>&#13;<br \/>\n                            <\/span>\n                        <\/div>\n<p><script>\n\t  window.fbAsyncInit = function() {\n\t\tFB.init({\n\t\t  appId: '1855843514662870',\n\t\t  status : true, \/\/ check login status\n\t\t  cookie : true, \/\/ enable cookies to allow the server to access the session\n\t\t  xfbml  : true  \/\/ parse XFBML\n\t\t});\n\t  };<\/p>\n<p>\t  (function() {\n\t\tvar e = document.createElement('script');\n\t\te.src=\"https:\/\/connect.facebook.net\/tr_TR\/all.js\";\n\t\te.async = true;\n\t\tdocument.getElementById('fb-root').appendChild(e);\n\t  }());\n    <\/script><br \/>\n<br \/><br \/>\n<br \/><a href=\"https:\/\/www.aa.com.tr\/tr\/ekonomi\/turkiyede-yaklasik-8-3-milyon-konutun-deprem-sigortasi-bulunmuyor\/2969270\">Source link <\/a><\/p>\n","protected":false},"excerpt":{"rendered":"<p>AA muhabirinin, b\u00fcy\u00fck can ve mal kayb\u0131na neden olan Marmara Depremi&#8217;nin 24. y\u0131l d\u00f6n\u00fcm\u00fc dolay\u0131s\u0131yla derledi\u011fi bilgilere g\u00f6re, deprem ku\u015fa\u011f\u0131nda bulunan T\u00fcrkiye&#8217;de her ge\u00e7en g\u00fcn konuya ili\u015fkin bilin\u00e7 artsa da hen\u00fcz istenilen seviyeye ula\u015f\u0131lm\u0131\u015f de\u011fil. Devletin g\u00fcvence olarak sundu\u011fu Do\u011fal Afet Sigortalar\u0131 Kurumu (DASK), konutlar\u0131 depreme ve depremin do\u011frudan neden oldu\u011fu yang\u0131n, infilak, yer kaymas\u0131 [&hellip;]<\/p>\n","protected":false},"author":1,"featured_media":12066,"comment_status":"","ping_status":"","sticky":false,"template":"","format":"standard","meta":[],"categories":[44],"tags":[],"_links":{"self":[{"href":"https:\/\/kraios.app\/news\/wp-json\/wp\/v2\/posts\/12065"}],"collection":[{"href":"https:\/\/kraios.app\/news\/wp-json\/wp\/v2\/posts"}],"about":[{"href":"https:\/\/kraios.app\/news\/wp-json\/wp\/v2\/types\/post"}],"author":[{"embeddable":true,"href":"https:\/\/kraios.app\/news\/wp-json\/wp\/v2\/users\/1"}],"replies":[{"embeddable":true,"href":"https:\/\/kraios.app\/news\/wp-json\/wp\/v2\/comments?post=12065"}],"version-history":[{"count":0,"href":"https:\/\/kraios.app\/news\/wp-json\/wp\/v2\/posts\/12065\/revisions"}],"wp:featuredmedia":[{"embeddable":true,"href":"https:\/\/kraios.app\/news\/wp-json\/wp\/v2\/media\/12066"}],"wp:attachment":[{"href":"https:\/\/kraios.app\/news\/wp-json\/wp\/v2\/media?parent=12065"}],"wp:term":[{"taxonomy":"category","embeddable":true,"href":"https:\/\/kraios.app\/news\/wp-json\/wp\/v2\/categories?post=12065"},{"taxonomy":"post_tag","embeddable":true,"href":"https:\/\/kraios.app\/news\/wp-json\/wp\/v2\/tags?post=12065"}],"curies":[{"name":"wp","href":"https:\/\/api.w.org\/{rel}","templated":true}]}}