{"id":12063,"date":"2023-08-17T07:20:04","date_gmt":"2023-08-17T07:20:04","guid":{"rendered":"https:\/\/kraios.app\/news\/spor\/2023\/08\/17\/neftci-teknik-direktoru-mutu-zor-bir-mac-olacak\/"},"modified":"2023-08-17T07:20:04","modified_gmt":"2023-08-17T07:20:04","slug":"neftci-teknik-direktoru-mutu-zor-bir-mac-olacak","status":"publish","type":"post","link":"https:\/\/kraios.app\/news\/spor\/2023\/08\/17\/neftci-teknik-direktoru-mutu-zor-bir-mac-olacak\/","title":{"rendered":"Neft\u00e7i Teknik Direkt\u00f6r\u00fc Mutu: Zor bir ma\u00e7 olacak"},"content":{"rendered":"<p>UEFA Avrupa Konferans Ligi 3. eleme turunda 3-1 kaybetti\u011fi kar\u015f\u0131la\u015fman\u0131n r\u00f6van\u015f\u0131nda Be\u015fikta\u015f&#8217;\u0131n konu\u011fu olacak Neft\u00e7i&#8217;de teknik direkt\u00f6r Adrian Mutu, ilk ma\u00e7taki ma\u011flubiyete ra\u011fmen futbolda her \u015feyin m\u00fcmk\u00fcn oldu\u011funu s\u00f6yledi.<\/p>\n","protected":false},"excerpt":{"rendered":"<p>UEFA Avrupa Konferans Ligi 3. eleme turunda 3-1 kaybetti\u011fi kar\u015f\u0131la\u015fman\u0131n r\u00f6van\u015f\u0131nda Be\u015fikta\u015f&#8217;\u0131n konu\u011fu olacak Neft\u00e7i&#8217;de teknik direkt\u00f6r Adrian Mutu, ilk ma\u00e7taki ma\u011flubiyete ra\u011fmen futbolda her \u015feyin m\u00fcmk\u00fcn oldu\u011funu s\u00f6yledi.<\/p>\n","protected":false},"author":1,"featured_media":12064,"comment_status":"","ping_status":"","sticky":false,"template":"","format":"standard","meta":[],"categories":[48],"tags":[],"_links":{"self":[{"href":"https:\/\/kraios.app\/news\/wp-json\/wp\/v2\/posts\/12063"}],"collection":[{"href":"https:\/\/kraios.app\/news\/wp-json\/wp\/v2\/posts"}],"about":[{"href":"https:\/\/kraios.app\/news\/wp-json\/wp\/v2\/types\/post"}],"author":[{"embeddable":true,"href":"https:\/\/kraios.app\/news\/wp-json\/wp\/v2\/users\/1"}],"replies":[{"embeddable":true,"href":"https:\/\/kraios.app\/news\/wp-json\/wp\/v2\/comments?post=12063"}],"version-history":[{"count":0,"href":"https:\/\/kraios.app\/news\/wp-json\/wp\/v2\/posts\/12063\/revisions"}],"wp:featuredmedia":[{"embeddable":true,"href":"https:\/\/kraios.app\/news\/wp-json\/wp\/v2\/media\/12064"}],"wp:attachment":[{"href":"https:\/\/kraios.app\/news\/wp-json\/wp\/v2\/media?parent=12063"}],"wp:term":[{"taxonomy":"category","embeddable":true,"href":"https:\/\/kraios.app\/news\/wp-json\/wp\/v2\/categories?post=12063"},{"taxonomy":"post_tag","embeddable":true,"href":"https:\/\/kraios.app\/news\/wp-json\/wp\/v2\/tags?post=12063"}],"curies":[{"name":"wp","href":"https:\/\/api.w.org\/{rel}","templated":true}]}}