{"id":12055,"date":"2023-08-17T05:12:15","date_gmt":"2023-08-17T05:12:15","guid":{"rendered":"https:\/\/kraios.app\/news\/spor\/2023\/08\/17\/milot-rashica-besiktas-formasiyla-sampiyonluk-hedefliyor\/"},"modified":"2023-08-17T05:12:15","modified_gmt":"2023-08-17T05:12:15","slug":"milot-rashica-besiktas-formasiyla-sampiyonluk-hedefliyor","status":"publish","type":"post","link":"https:\/\/kraios.app\/news\/spor\/2023\/08\/17\/milot-rashica-besiktas-formasiyla-sampiyonluk-hedefliyor\/","title":{"rendered":"Milot Rashica, Be\u015fikta\u015f formas\u0131yla \u015fampiyonluk hedefliyor"},"content":{"rendered":"<p><\/p>\n<div>\n<p>Be\u015fikta\u015f&#8217;\u0131n kadrosuna katt\u0131\u011f\u0131 Milot Rashica, siyah-beyazl\u0131 ekibin lige 3 puanla ba\u015flad\u0131\u011f\u0131n\u0131 hat\u0131rlatarak &#8220;Umar\u0131m iyi bir sezon ge\u00e7iririz. \u0130lk ma\u00e7\u0131m\u0131z\u0131 izledim, iyi bir ba\u015flang\u0131\u00e7 yapt\u0131k. Umar\u0131m sonuna kadar b\u00f6yle gider ve \u015fampiyonluk kupas\u0131n\u0131 kald\u0131r\u0131r\u0131z.&#8221; dedi.<\/p>\n<p>Kul\u00fcb\u00fcn sosyal medya kanal\u0131na konu\u015fan Kosoval\u0131 futbolcu, Be\u015fikta\u015f&#8217;a transfer oldu\u011fu i\u00e7in b\u00fcy\u00fck bir mutluluk ve heyecan ya\u015fad\u0131\u011f\u0131n\u0131 a\u00e7\u0131klad\u0131.<\/p>\n<p>Be\u015fikta\u015f&#8217;\u0131n transfer g\u00f6r\u00fc\u015fmelerinin ilk an\u0131ndan itibaren kendisine sayg\u0131 g\u00f6sterdi\u011fini ve kul\u00fcb\u00fcn bu transferi \u00e7ok istedi\u011fini aktaran Rashica, \u015funlar\u0131 s\u00f6yledi:<\/p>\n<p>&#8220;Benim i\u00e7in en \u00f6nemli \u015fey buydu ve T\u00fcrkiye\u2019ye, mutlu oldu\u011fum yere geri d\u00f6nmek istedim. Ben ve ailem, buray\u0131 ger\u00e7ekten \u00e7ok sevdik ve burada iyi zaman ge\u00e7irdik. Kul\u00fcb\u00fcn bana sundu\u011fu plan ve projeler de \u00e7ok iyiydi. Beni istediklerini hissettirdiler, o y\u00fczden buray\u0131 tercih ettim. Ge\u00e7en sene bu statta oynam\u0131\u015ft\u0131m, atmosfer \u00e7ok iyiydi. T\u00fcrkiye&#8217;deki taraftarlar\u0131n bamba\u015fka bir seviyede oldu\u011funu s\u00f6yleyebilirim.&#8221;<\/p>\n<h3>&#8220;Tak\u0131ma katk\u0131 vermek i\u00e7in elimden geleni yapaca\u011f\u0131m&#8221;<\/h3>\n<p>Be\u015fikta\u015f formas\u0131 alt\u0131nda goller at\u0131p, asistler yapmak istedi\u011fini vurgulayan 27 ya\u015f\u0131ndaki futbolcu, &#8220;Hangi pozisyonda oynad\u0131\u011f\u0131m pek fark etmiyor. Tak\u0131m\u0131ma yapabilece\u011fim en iyi katk\u0131y\u0131 yapmaya \u00e7al\u0131\u015f\u0131yorum. Bu sadece gol ve asist de\u011fil elbette, sahaya \u00e7\u0131kt\u0131\u011f\u0131mda yapabilece\u011fim her \u015fey.&#8221; ifadelerini kulland\u0131.<\/p>\n<p>Be\u015fikta\u015f&#8217;ta 11 numaral\u0131 formay\u0131 giyece\u011fini s\u00f6yleyen Rashica, taraftarlar\u0131 g\u00f6rmek i\u00e7in sab\u0131rs\u0131zland\u0131\u011f\u0131n\u0131 belirterek, \u015f\u00f6yle devam etti:<\/p>\n<p>&#8220;Tak\u0131ma en iyi katk\u0131y\u0131 yapmak ve taraftarlar\u0131m\u0131z\u0131 mutlu etmek i\u00e7in elimden geleni yapaca\u011f\u0131m. Umar\u0131m iyi bir sezon ge\u00e7iririz. \u0130lk ma\u00e7\u0131m\u0131z\u0131 izledim, iyi bir ba\u015flang\u0131\u00e7 yapt\u0131k. Umar\u0131m sonuna kadar b\u00f6yle gider ve \u015fampiyonluk kupas\u0131n\u0131 kald\u0131r\u0131r\u0131z.&#8221;<\/p>\n<p>Be\u015fikta\u015f&#8217;\u0131n sembol\u00fc olan kartal\u0131n ayn\u0131 zamanda Arnavutluk ve Kosova halklar\u0131 i\u00e7in de sembol oldu\u011funu dile getiren Rashica, &#8220;Kartal i\u015fareti yapt\u0131\u011f\u0131m\u0131zda bizi g\u00f6renler kim oldu\u011fumuzu biliyordur. Bu bayra\u011f\u0131m\u0131z\u0131 g\u00f6renler i\u00e7in de ge\u00e7erli. Gollerimi kartal i\u015fareti yaparak kutlad\u0131m, kutluyorum. Hepimiz i\u00e7in \u00e7ok \u00f6zel bir anlam\u0131 var.&#8221; a\u00e7\u0131klamas\u0131n\u0131 yapt\u0131.<\/p>\n<p>Futbolcu olmas\u0131n\u0131 Kosova&#8217;da alt liglerde oynayan amcas\u0131n\u0131n sa\u011flad\u0131\u011f\u0131n\u0131 da s\u00f6yleyen Rashica, 6-7 ya\u015flar\u0131ndayken futbol okuluna kaydoldu\u011funu belirtti.<\/p>\n<p>Kosoval\u0131 oyuncu son olarak T\u00fcrkiye ile Kosova&#8217;n\u0131n birbirine benzeyen \u00fclkeler oldu\u011funun alt\u0131n\u0131 \u00e7izerek, s\u00f6zlerini \u015f\u00f6yle tamamlad\u0131:<\/p>\n<p>&#8220;Burada ge\u00e7irdi\u011fim zamandan keyif al\u0131yorum. Bizde de b\u00f6rek var. Geldi\u011fim \u015fehirde \u00e7ay\u0131 \u00e7ok severiz. \u0130ki \u00fclke aras\u0131nda bunun gibi bir\u00e7ok ortak y\u00f6n var.&#8221;<\/p>\n<p>                            <span class=\"detay-foto-editor\">&#13;<br \/>\n                                <a href=\"https:\/\/www.aa.com.tr\/tr\/p\/abonelik-talep-formu\/1001\" target=\"_blank\" style=\"font-size:12px; color:#444; text-decoration:none;\" rel=\"noopener\">&#13;<br \/>\n                                    Anadolu Ajans\u0131 web sitesinde, AA Haber Ak\u0131\u015f Sistemi (HAS) \u00fczerinden abonelere sunulan haberler, \u00f6zetlenerek yay\u0131mlanmaktad\u0131r. <b style=\"color:#1897F7\">Abonelik i\u00e7in l\u00fctfen ileti\u015fime ge\u00e7iniz.<\/b>&#13;<br \/>\n                                <\/a>&#13;<br \/>\n                            <\/span>\n                        <\/div>\n<p><script>\n\t  window.fbAsyncInit = function() {\n\t\tFB.init({\n\t\t  appId: '1855843514662870',\n\t\t  status : true, \/\/ check login status\n\t\t  cookie : true, \/\/ enable cookies to allow the server to access the session\n\t\t  xfbml  : true  \/\/ parse XFBML\n\t\t});\n\t  };<\/p>\n<p>\t  (function() {\n\t\tvar e = document.createElement('script');\n\t\te.src=\"https:\/\/connect.facebook.net\/tr_TR\/all.js\";\n\t\te.async = true;\n\t\tdocument.getElementById('fb-root').appendChild(e);\n\t  }());\n    <\/script><\/p>\n","protected":false},"excerpt":{"rendered":"<p>Be\u015fikta\u015f&#8217;\u0131n kadrosuna katt\u0131\u011f\u0131 Milot Rashica, siyah-beyazl\u0131 ekibin lige 3 puanla ba\u015flad\u0131\u011f\u0131n\u0131 hat\u0131rlatarak &#8220;Umar\u0131m iyi bir sezon ge\u00e7iririz. \u0130lk ma\u00e7\u0131m\u0131z\u0131 izledim, iyi bir ba\u015flang\u0131\u00e7 yapt\u0131k. Umar\u0131m sonuna kadar b\u00f6yle gider ve \u015fampiyonluk kupas\u0131n\u0131 kald\u0131r\u0131r\u0131z.&#8221; dedi. Kul\u00fcb\u00fcn sosyal medya kanal\u0131na konu\u015fan Kosoval\u0131 futbolcu, Be\u015fikta\u015f&#8217;a transfer oldu\u011fu i\u00e7in b\u00fcy\u00fck bir mutluluk ve heyecan ya\u015fad\u0131\u011f\u0131n\u0131 a\u00e7\u0131klad\u0131. Be\u015fikta\u015f&#8217;\u0131n transfer g\u00f6r\u00fc\u015fmelerinin [&hellip;]<\/p>\n","protected":false},"author":1,"featured_media":12056,"comment_status":"","ping_status":"","sticky":false,"template":"","format":"standard","meta":[],"categories":[48],"tags":[],"_links":{"self":[{"href":"https:\/\/kraios.app\/news\/wp-json\/wp\/v2\/posts\/12055"}],"collection":[{"href":"https:\/\/kraios.app\/news\/wp-json\/wp\/v2\/posts"}],"about":[{"href":"https:\/\/kraios.app\/news\/wp-json\/wp\/v2\/types\/post"}],"author":[{"embeddable":true,"href":"https:\/\/kraios.app\/news\/wp-json\/wp\/v2\/users\/1"}],"replies":[{"embeddable":true,"href":"https:\/\/kraios.app\/news\/wp-json\/wp\/v2\/comments?post=12055"}],"version-history":[{"count":0,"href":"https:\/\/kraios.app\/news\/wp-json\/wp\/v2\/posts\/12055\/revisions"}],"wp:featuredmedia":[{"embeddable":true,"href":"https:\/\/kraios.app\/news\/wp-json\/wp\/v2\/media\/12056"}],"wp:attachment":[{"href":"https:\/\/kraios.app\/news\/wp-json\/wp\/v2\/media?parent=12055"}],"wp:term":[{"taxonomy":"category","embeddable":true,"href":"https:\/\/kraios.app\/news\/wp-json\/wp\/v2\/categories?post=12055"},{"taxonomy":"post_tag","embeddable":true,"href":"https:\/\/kraios.app\/news\/wp-json\/wp\/v2\/tags?post=12055"}],"curies":[{"name":"wp","href":"https:\/\/api.w.org\/{rel}","templated":true}]}}