{"id":12024,"date":"2023-08-16T16:20:06","date_gmt":"2023-08-16T16:20:06","guid":{"rendered":"https:\/\/kraios.app\/news\/spor\/2023\/08\/16\/besiktasli-futbolcu-ghezzalin-oglu-ve-kayinvalidesi-fransada-trafik-kazasi-gecirdi\/"},"modified":"2023-08-16T16:20:06","modified_gmt":"2023-08-16T16:20:06","slug":"besiktasli-futbolcu-ghezzalin-oglu-ve-kayinvalidesi-fransada-trafik-kazasi-gecirdi","status":"publish","type":"post","link":"https:\/\/kraios.app\/news\/spor\/2023\/08\/16\/besiktasli-futbolcu-ghezzalin-oglu-ve-kayinvalidesi-fransada-trafik-kazasi-gecirdi\/","title":{"rendered":"Be\u015fikta\u015fl\u0131 futbolcu Ghezzal&#039;\u0131n o\u011flu ve kay\u0131nvalidesi Fransa&#039;da trafik kazas\u0131 ge\u00e7irdi"},"content":{"rendered":"<p>Cezayirli futbolcu hayati tehlikeleri bulunmayan o\u011flu ve kay\u0131nvalidesinin tedavi s\u00fcre\u00e7lerini takip etmek i\u00e7in Fransa&#8217;ya gitti.<\/p>\n","protected":false},"excerpt":{"rendered":"<p>Cezayirli futbolcu hayati tehlikeleri bulunmayan o\u011flu ve kay\u0131nvalidesinin tedavi s\u00fcre\u00e7lerini takip etmek i\u00e7in Fransa&#8217;ya gitti.<\/p>\n","protected":false},"author":1,"featured_media":12025,"comment_status":"","ping_status":"","sticky":false,"template":"","format":"standard","meta":[],"categories":[48],"tags":[],"_links":{"self":[{"href":"https:\/\/kraios.app\/news\/wp-json\/wp\/v2\/posts\/12024"}],"collection":[{"href":"https:\/\/kraios.app\/news\/wp-json\/wp\/v2\/posts"}],"about":[{"href":"https:\/\/kraios.app\/news\/wp-json\/wp\/v2\/types\/post"}],"author":[{"embeddable":true,"href":"https:\/\/kraios.app\/news\/wp-json\/wp\/v2\/users\/1"}],"replies":[{"embeddable":true,"href":"https:\/\/kraios.app\/news\/wp-json\/wp\/v2\/comments?post=12024"}],"version-history":[{"count":0,"href":"https:\/\/kraios.app\/news\/wp-json\/wp\/v2\/posts\/12024\/revisions"}],"wp:featuredmedia":[{"embeddable":true,"href":"https:\/\/kraios.app\/news\/wp-json\/wp\/v2\/media\/12025"}],"wp:attachment":[{"href":"https:\/\/kraios.app\/news\/wp-json\/wp\/v2\/media?parent=12024"}],"wp:term":[{"taxonomy":"category","embeddable":true,"href":"https:\/\/kraios.app\/news\/wp-json\/wp\/v2\/categories?post=12024"},{"taxonomy":"post_tag","embeddable":true,"href":"https:\/\/kraios.app\/news\/wp-json\/wp\/v2\/tags?post=12024"}],"curies":[{"name":"wp","href":"https:\/\/api.w.org\/{rel}","templated":true}]}}