{"id":12004,"date":"2023-08-16T12:20:10","date_gmt":"2023-08-16T12:20:10","guid":{"rendered":"https:\/\/kraios.app\/news\/yasam\/2023\/08\/16\/balikesirde-uretilen-cografi-isaretli-sindirgi-kornisonunda-hasat-basladi\/"},"modified":"2023-08-16T12:20:10","modified_gmt":"2023-08-16T12:20:10","slug":"balikesirde-uretilen-cografi-isaretli-sindirgi-kornisonunda-hasat-basladi","status":"publish","type":"post","link":"https:\/\/kraios.app\/news\/yasam\/2023\/08\/16\/balikesirde-uretilen-cografi-isaretli-sindirgi-kornisonunda-hasat-basladi\/","title":{"rendered":"Bal\u0131kesir&#8217;de \u00fcretilen co\u011frafi i\u015faretli S\u0131nd\u0131rg\u0131 korni\u015fonunda hasat ba\u015flad\u0131"},"content":{"rendered":"<p><\/p>\n<div>\n<p>S\u0131nd\u0131rg\u0131 Belediyesinin ba\u015fvurusu \u00fczerine T\u00fcrk Patent ve Marka Kurumunca (T\u00dcRKPATENT) ge\u00e7en ay co\u011frafi i\u015faret tescili yap\u0131lan &#8220;S\u0131nd\u0131rg\u0131 korni\u015fonu&#8221;, il\u00e7e merkezi ile Yaylabay\u0131r, Y\u00fcre\u011fil, I\u015f\u0131klar, K\u00fc\u00e7\u00fckda\u011fdere, B\u00fcy\u00fckda\u011fdere, Osmanlar ve Aslandede ba\u015fta olmak \u00fczere 15 k\u0131rsal mahallede \u00fcretiliyor.<\/p>\n<p><img decoding=\"async\" alt=\"\" src=\"https:\/\/www.aa.com.tr\/uploads\/userFiles\/96f91bbd-282f-4a24-a12c-1b1092cfeb3b\/009_2023%2F05_2023%2F21_Agustos%2F15%2F20230816_2_59898865_91932961.jpg\"\/><\/p>\n<p>Devlet Su \u0130\u015fleri (DS\u0130) Genel M\u00fcd\u00fcrl\u00fc\u011f\u00fc ve B\u00fcy\u00fck\u015fehir Belediyesi taraf\u0131ndan son y\u0131llarda yap\u0131lan g\u00f6letler sayesinde sulama imkanlar\u0131n\u0131n yayg\u0131nla\u015fmas\u0131yla \u00fcretim alan\u0131 artan korni\u015fondan y\u0131lda yakla\u015f\u0131k 30 bin ton \u00fcr\u00fcn al\u0131n\u0131yor.<\/p>\n<p><img decoding=\"async\" alt=\"\" src=\"https:\/\/www.aa.com.tr\/uploads\/userFiles\/96f91bbd-282f-4a24-a12c-1b1092cfeb3b\/009_2023%2F05_2023%2F21_Agustos%2F15%2F20230816_2_59898865_91932964.jpg\"\/><\/p>\n<p>Yaylabay\u0131r&#8217;da hasada ba\u015flayan \u00fcreticileri arazilerinde ziyaret eden Bal\u0131kesir B\u00fcy\u00fck\u015fehir Belediye Ba\u015fkan\u0131 Y\u00fccel Y\u0131lmaz, gazetecilere yapt\u0131\u011f\u0131 a\u00e7\u0131klamada, co\u011frafi i\u015faret tescilinden dolay\u0131 S\u0131nd\u0131rg\u0131 Belediye Ba\u015fkan\u0131 Ekrem Yava\u015f&#8217;a te\u015fekk\u00fcr ederek, &#8220;\u00c7\u00fcnk\u00fc ger\u00e7ekten b\u00f6lgede bu konuyu destekliyor, turizmi, do\u011fal \u015fehri ve t\u00fcm \u00fcr\u00fcnlerini \u015fehri tan\u0131t\u0131yor. Hay\u0131rl\u0131 u\u011furlu olsun.&#8221; dedi.<\/p>\n<p><img decoding=\"async\" alt=\"\" src=\"https:\/\/www.aa.com.tr\/uploads\/userFiles\/96f91bbd-282f-4a24-a12c-1b1092cfeb3b\/009_2023%2F05_2023%2F21_Agustos%2F15%2F20230816_2_59898865_91932966.jpg\"\/><\/p>\n<p>Yava\u015f da il\u00e7ede 3 bine yak\u0131n ailenin ge\u00e7imini korni\u015fondan sa\u011flad\u0131\u011f\u0131n\u0131 dile getirdi.<\/p>\n<p><img decoding=\"async\" alt=\"\" src=\"https:\/\/www.aa.com.tr\/uploads\/userFiles\/96f91bbd-282f-4a24-a12c-1b1092cfeb3b\/009_2023%2F05_2023%2F21_Agustos%2F15%2F20230816_2_59898865_91932968.jpg\"\/><\/p>\n<p>S\u0131nd\u0131rg\u0131 korni\u015fonunun \u00f6zelliklerine de\u011finen Yava\u015f, \u015f\u00f6yle devam etti:<\/p>\n<p><img decoding=\"async\" alt=\"\" src=\"https:\/\/www.aa.com.tr\/uploads\/userFiles\/96f91bbd-282f-4a24-a12c-1b1092cfeb3b\/009_2023%2F05_2023%2F21_Agustos%2F15%2F20230816_2_59898865_91932970.jpg\"\/><\/p>\n<p>&#8220;Tur\u015fu yap\u0131l\u0131nca uzun s\u00fcre nefasetini koruyan bu \u00f6zel \u00fcr\u00fcn\u00fcn co\u011frafi i\u015faretini ald\u0131k. B\u00fcy\u00fck\u015fehir Belediye Ba\u015fkan\u0131m\u0131z g\u00f6letler konusunda destek verdi, h\u00fck\u00fcmetimiz burada destekler verdi. Halk\u0131m\u0131z \u00f6nceden bu\u011fday, arpa, tah\u0131l ekti\u011fi yerlerde art\u0131k sulu tar\u0131ma ge\u00e7ti. Geliri artt\u0131, istihdam artt\u0131, \u015fehirden k\u00f6ye g\u00f6\u00e7\u00fcn \u00f6n\u00fc a\u00e7\u0131ld\u0131. Allah binlerce kez raz\u0131 olsun. \u00dcretmek \u00e7ok g\u00fczel bir hadise, \u00fcreten de halk\u0131m\u0131z var. Burada gayretli kad\u0131nlar\u0131m\u0131z, erkeklerimiz hepsinden binlerce raz\u0131 olsun. S\u0131nd\u0131rg\u0131&#8217;n\u0131n bu \u00f6zel \u00fcr\u00fcn\u00fc, k\u00fct\u00fcr k\u00fct\u00fcr yedi\u011finiz, \u00e7ok harika olan muhte\u015fem ve uzun s\u00fcre dayan\u0131kl\u0131l\u0131\u011f\u0131n\u0131 g\u00f6steren korni\u015fon salatal\u0131\u011f\u0131n co\u011frafi i\u015fareti S\u0131nd\u0131rg\u0131&#8217;m\u0131za hay\u0131rl\u0131 ve u\u011furlu olsun.&#8221;<\/p>\n<p><img decoding=\"async\" alt=\"\" src=\"https:\/\/www.aa.com.tr\/uploads\/userFiles\/96f91bbd-282f-4a24-a12c-1b1092cfeb3b\/009_2023%2F05_2023%2F21_Agustos%2F15%2F20230816_2_59898865_91932971.jpg\"\/><\/p>\n<p>S\u0131nd\u0131rg\u0131 Ziraat Odas\u0131 Ba\u015fkan\u0131 Halil \u0130brahim Y\u0131lmaz, bu sene ya\u011f\u0131\u015flardan dolay\u0131 korni\u015fon ekiminin bir ay gecikmeli yap\u0131ld\u0131\u011f\u0131n\u0131 aktard\u0131.<\/p>\n<p><img decoding=\"async\" alt=\"\" src=\"https:\/\/www.aa.com.tr\/uploads\/userFiles\/96f91bbd-282f-4a24-a12c-1b1092cfeb3b\/009_2023%2F05_2023%2F21_Agustos%2F15%2F20230816_2_59898865_91932974.jpg\"\/><\/p>\n<p>Rekoltenin beklentilerini kar\u015f\u0131lad\u0131\u011f\u0131n\u0131 anlatan Y\u0131lmaz, &#8220;\u00c7ift\u00e7iler memnun, devam ediyorlar. \u00dcr\u00fcne talep de var, gayet iyi. \u015eu anda firmalar i\u015ftahl\u0131 g\u00f6z\u00fck\u00fcyor. 7 firma, b\u00f6lgemizde s\u00f6zle\u015fmeli \u00fcretimden al\u0131m yap\u0131yor.&#8221; ifadesini kulland\u0131.<\/p>\n<p><img decoding=\"async\" alt=\"\" src=\"https:\/\/www.aa.com.tr\/uploads\/userFiles\/96f91bbd-282f-4a24-a12c-1b1092cfeb3b\/009_2023%2F05_2023%2F21_Agustos%2F15%2F20230816_2_59898865_91932975.jpg\"\/><\/p>\n<p>\u00dcreticilerden \u0130sa Sar\u0131 ise Yaylabay\u0131r&#8217;da g\u00f6let yap\u0131lmas\u0131yla korni\u015fon ve biberiye \u00fcretiminin artt\u0131\u011f\u0131n\u0131 bildirdi.<\/p>\n<p><img decoding=\"async\" alt=\"\" src=\"https:\/\/www.aa.com.tr\/uploads\/userFiles\/96f91bbd-282f-4a24-a12c-1b1092cfeb3b\/009_2023%2F05_2023%2F21_Agustos%2F15%2F20230816_2_59898865_91932977.jpg\"\/><\/p>\n<p>Ramazan Karao\u011flu da birka\u00e7 y\u0131ld\u0131r korni\u015fon \u00fcretti\u011fini, bu i\u015ften iyi kazan\u00e7 elde ettiklerini belirtti.<\/p>\n<p>                            <span class=\"detay-foto-editor\">&#13;<br \/>\n                                <a href=\"https:\/\/www.aa.com.tr\/tr\/p\/abonelik-talep-formu\/1001\" target=\"_blank\" style=\"font-size:12px; color:#444; text-decoration:none;\" rel=\"noopener\">&#13;<br \/>\n                                    Anadolu Ajans\u0131 web sitesinde, AA Haber Ak\u0131\u015f Sistemi (HAS) \u00fczerinden abonelere sunulan haberler, \u00f6zetlenerek yay\u0131mlanmaktad\u0131r. <b style=\"color:#1897F7\">Abonelik i\u00e7in l\u00fctfen ileti\u015fime ge\u00e7iniz.<\/b>&#13;<br \/>\n                                <\/a>&#13;<br \/>\n                            <\/span>\n                        <\/div>\n<p><script>\n\t  window.fbAsyncInit = function() {\n\t\tFB.init({\n\t\t  appId: '1855843514662870',\n\t\t  status : true, \/\/ check login status\n\t\t  cookie : true, \/\/ enable cookies to allow the server to access the session\n\t\t  xfbml  : true  \/\/ parse XFBML\n\t\t});\n\t  };<\/p>\n<p>\t  (function() {\n\t\tvar e = document.createElement('script');\n\t\te.src=\"https:\/\/connect.facebook.net\/tr_TR\/all.js\";\n\t\te.async = true;\n\t\tdocument.getElementById('fb-root').appendChild(e);\n\t  }());\n    <\/script><\/p>\n","protected":false},"excerpt":{"rendered":"<p>S\u0131nd\u0131rg\u0131 Belediyesinin ba\u015fvurusu \u00fczerine T\u00fcrk Patent ve Marka Kurumunca (T\u00dcRKPATENT) ge\u00e7en ay co\u011frafi i\u015faret tescili yap\u0131lan &#8220;S\u0131nd\u0131rg\u0131 korni\u015fonu&#8221;, il\u00e7e merkezi ile Yaylabay\u0131r, Y\u00fcre\u011fil, I\u015f\u0131klar, K\u00fc\u00e7\u00fckda\u011fdere, B\u00fcy\u00fckda\u011fdere, Osmanlar ve Aslandede ba\u015fta olmak \u00fczere 15 k\u0131rsal mahallede \u00fcretiliyor. Devlet Su \u0130\u015fleri (DS\u0130) Genel M\u00fcd\u00fcrl\u00fc\u011f\u00fc ve B\u00fcy\u00fck\u015fehir Belediyesi taraf\u0131ndan son y\u0131llarda yap\u0131lan g\u00f6letler sayesinde sulama imkanlar\u0131n\u0131n yayg\u0131nla\u015fmas\u0131yla \u00fcretim [&hellip;]<\/p>\n","protected":false},"author":1,"featured_media":12005,"comment_status":"","ping_status":"","sticky":false,"template":"","format":"standard","meta":[],"categories":[50],"tags":[],"_links":{"self":[{"href":"https:\/\/kraios.app\/news\/wp-json\/wp\/v2\/posts\/12004"}],"collection":[{"href":"https:\/\/kraios.app\/news\/wp-json\/wp\/v2\/posts"}],"about":[{"href":"https:\/\/kraios.app\/news\/wp-json\/wp\/v2\/types\/post"}],"author":[{"embeddable":true,"href":"https:\/\/kraios.app\/news\/wp-json\/wp\/v2\/users\/1"}],"replies":[{"embeddable":true,"href":"https:\/\/kraios.app\/news\/wp-json\/wp\/v2\/comments?post=12004"}],"version-history":[{"count":0,"href":"https:\/\/kraios.app\/news\/wp-json\/wp\/v2\/posts\/12004\/revisions"}],"wp:featuredmedia":[{"embeddable":true,"href":"https:\/\/kraios.app\/news\/wp-json\/wp\/v2\/media\/12005"}],"wp:attachment":[{"href":"https:\/\/kraios.app\/news\/wp-json\/wp\/v2\/media?parent=12004"}],"wp:term":[{"taxonomy":"category","embeddable":true,"href":"https:\/\/kraios.app\/news\/wp-json\/wp\/v2\/categories?post=12004"},{"taxonomy":"post_tag","embeddable":true,"href":"https:\/\/kraios.app\/news\/wp-json\/wp\/v2\/tags?post=12004"}],"curies":[{"name":"wp","href":"https:\/\/api.w.org\/{rel}","templated":true}]}}