{"id":12000,"date":"2023-08-16T09:20:05","date_gmt":"2023-08-16T09:20:05","guid":{"rendered":"https:\/\/kraios.app\/news\/ekonomi\/2023\/08\/16\/ulastirma-ve-altyapi-bakani-abdulkadir-uraloglu-stajyer-ogrencilerle-bulustu\/"},"modified":"2023-08-16T09:20:05","modified_gmt":"2023-08-16T09:20:05","slug":"ulastirma-ve-altyapi-bakani-abdulkadir-uraloglu-stajyer-ogrencilerle-bulustu","status":"publish","type":"post","link":"https:\/\/kraios.app\/news\/ekonomi\/2023\/08\/16\/ulastirma-ve-altyapi-bakani-abdulkadir-uraloglu-stajyer-ogrencilerle-bulustu\/","title":{"rendered":"Ula\u015ft\u0131rma ve Altyap\u0131 Bakan\u0131 Abdulkadir Uralo\u011flu, stajyer \u00f6\u011frencilerle bulu\u015ftu"},"content":{"rendered":"<p> <br \/>\n<\/p>\n<div>\n<p>Uralo\u011flu, PTT Ahlatl\u0131bel Tesisleri&#8217;ndeki bulu\u015fmada, \u00f6\u011frenim hayat\u0131ndan bahsetti.<\/p>\n<p>Bakan Uralo\u011flu, &#8220;Trabzonluyum, terzi Ali ve ev han\u0131m\u0131 H\u00fcsniye&#8217;nin o\u011fluyum. 8 karde\u015fiz. Orta ve lise \u00f6\u011frenimimi Trabzon&#8217;da yapt\u0131m. Karadeniz Teknik \u00dcniversitesinde \u0130n\u015faat M\u00fchendisli\u011fi B\u00f6l\u00fcm\u00fc&#8217;n\u00fc bitirdim. Mezun olduktan sonraki d\u00fc\u015f\u00fcncemiz, &#8216;Biz devlet memuru olmayaca\u011f\u0131z ve ne yapabilirsek \u00f6zel sekt\u00f6rde yapaca\u011f\u0131z&#8217; idi. Bir y\u0131l \u00f6zel sekt\u00f6r tecr\u00fcbemiz oldu. Karayollar\u0131 Genel M\u00fcd\u00fcrl\u00fc\u011f\u00fc (KGM) s\u0131nav a\u00e7t\u0131 ve m\u00fclakat sonras\u0131nda buraya girdik.&#8221; dedi.<\/p>\n<p>Uralo\u011flu, bir\u00e7ok yerde \u00e7al\u0131\u015ft\u0131\u011f\u0131n\u0131 ve 2018&#8217;de de KGM Genel M\u00fcd\u00fcrl\u00fc\u011f\u00fc g\u00f6revini \u00fcstlendi\u011fini ve 5 y\u0131l bu g\u00f6revi yapt\u0131\u011f\u0131n\u0131 s\u00f6yledi.<\/p>\n<p>\u00d6\u011frencilere tavsiyelerde bulunan Uralo\u011flu, \u015funlar\u0131 kaydetti:<\/p>\n<p><img decoding=\"async\" alt=\"\" src=\"https:\/\/www.aa.com.tr\/uploads\/userFiles\/c9f1ae26-3cf3-4ab4-9d72-230dedd01a4c\/038ee0e1-4ff3-4ea5-ad0d-766aee917fb6.jpg\"\/><\/p>\n<p>&#8220;\u00c7ok okumal\u0131y\u0131z dilimizi geli\u015ftirmeliyiz. Okuman\u0131n her t\u00fcrl\u00fc \u00f6\u011frenmemizden faydas\u0131 var. Ben 10 sene okul okudum, \u0130ngilizce bilmiyor olman\u0131n eksikli\u011fini ya\u015f\u0131yorum. Bir abiniz, arkada\u015f\u0131n\u0131z ve b\u00fcy\u00fc\u011f\u00fcn\u00fcz olarak tavsiye ediyorum dil \u00f6\u011frenin. Kullanmayacaksan\u0131z bile \u00f6\u011frenin. Mutlaka bir yabanc\u0131 dil \u00f6\u011frenin yan\u0131n\u0131zda dursun. Yar\u0131n i\u015f m\u00fcracaat\u0131n\u0131zda bu dil gerekli olmasa da size sorulacak, bunu unutmay\u0131n. Ayr\u0131ca dilimizi ve tarihimizi iyi bilece\u011fiz. E\u011fer tarihi bilip de ders almazsak tekerr\u00fcr edecektir. \u00dcstad\u0131n s\u00f6yledi\u011fi gibi &#8216;zifiri karanl\u0131kta, ak s\u00fct\u00fcn i\u00e7indeki ak k\u0131l\u0131 g\u00f6rebilecek keskinlikte bir bak\u0131\u015fa sahip bir gen\u00e7lik&#8217; bunu yapabilirsek bize ne mutlu. Sizleri yeti\u015ftirmemiz laz\u0131m.&#8221;<\/p>\n<p>Uralo\u011flu, \u00fclke n\u00fcfusunun ve neslin muhafaza edilmesi gerekti\u011fini vurgulad\u0131.<\/p>\n<p>Gen\u00e7lere do\u011fru beslenmeleri konusunda uyar\u0131larda bulunan Uralo\u011flu, &#8220;G\u00fcn\u00fcm\u00fczde farkl\u0131 beslenme t\u00fcrleri ve kaynaklar\u0131 var. Do\u011fru kaynaktan beslenmekte fayda var. Ambalajl\u0131 \u00fcr\u00fcnlere dikkat etmelisiniz. Spor da yapman\u0131z\u0131 tavsiye ediyorum. Ba\u015far\u0131 i\u00e7in disiplinli olmam\u0131z laz\u0131m. 2-3 g\u00f6z evde ya\u015f\u0131yorduk. \u00c7oraplar\u0131m\u0131 ak\u015fam y\u0131kay\u0131p uygun bir yere as\u0131p sabah giyerdim. B\u00f6yle ba\u015flam\u0131\u015f olan disiplinli hayat\u0131m var. Her \u015fey yerli yerinde olacak. Ne i\u015f yap\u0131yorsak belirli bir kural\u0131 disiplini olmas\u0131 laz\u0131m. Bu, sizi yorabilir ama asla zarar gelmez.&#8221; de\u011ferlendirmesinde bulundu.<\/p>\n<p><img decoding=\"async\" alt=\"\" src=\"https:\/\/www.aa.com.tr\/uploads\/userFiles\/c9f1ae26-3cf3-4ab4-9d72-230dedd01a4c\/2e65cab1-bdc2-450c-a85a-64748521dd83.jpg\"\/><\/p>\n<p>Aile b\u00fct\u00fcnl\u00fc\u011f\u00fcne de dikkat edilmesi gerekti\u011fini dile getiren Uralo\u011flu, \u015f\u00f6yle devam etti:<\/p>\n<p>&#8220;Bilgi ve d\u00fcnyada olan ne varsa ona ula\u015fma konusunda hi\u00e7 bir engelimiz yok. Her \u015feye ula\u015fabiliyoruz. 2015&#8217;e kadar sosyal mecralarda hesab\u0131m yoktu. Sebebi de i\u015fime odaklanamayaca\u011f\u0131m d\u00fc\u015f\u00fcncesiydi. 2015&#8217;te siyaset alan\u0131nda bir denememiz oldu ve milletvekilli\u011fi aday adayl\u0131\u011f\u0131 s\u00fcrecimiz oldu. O d\u00f6nemde sosyal medya hesab\u0131 a\u00e7t\u0131m. Bizlerin de hem oralarda neler oldu\u011funu bilmek ad\u0131na hem de gen\u00e7lerimizi, \u00e7ocuklar\u0131m\u0131z\u0131 yeti\u015ftirmek ad\u0131na oralar\u0131 bilmemiz gerekti\u011fini d\u00fc\u015f\u00fcnd\u00fcm. Oralarda olmam\u0131z ve sosyal medyadan do\u011fru beslenmemiz laz\u0131m. Ailemize sahip \u00e7\u0131kmam\u0131z gerekiyor.&#8221;<\/p>\n<p><img decoding=\"async\" alt=\"\" src=\"https:\/\/www.aa.com.tr\/uploads\/userFiles\/c9f1ae26-3cf3-4ab4-9d72-230dedd01a4c\/441a2f41-7779-41d3-b9c7-0c3c8aaa3f27.jpg\"\/><\/p>\n<h3>\u00d6\u011frencilerin sorular\u0131n\u0131 yan\u0131tlad\u0131<\/h3>\n<p>Hacettepe \u00dcniversitesi \u0130ngiliz Dili ve Edebiyat\u0131 B\u00f6l\u00fcm\u00fc&#8217;nde okuyan stajyer \u00f6\u011frenci M\u00fcmine Ko\u00e7ak&#8217;\u0131n, &#8220;bakan oldu\u011funda ne hissetti\u011fini&#8221; sormas\u0131 \u00fczerine Uralo\u011flu, bakan olunca \u015f\u00fckretti\u011fini ve hi\u00e7 bir gayret ve eme\u011fin asla kar\u015f\u0131l\u0131ks\u0131z kalmayaca\u011f\u0131n\u0131 ifade etti.<\/p>\n<p>Karab\u00fck \u00dcniversitesinde Rayl\u0131 Sistemler M\u00fchendisli\u011fi okuyan bir \u00f6\u011frencinin, rayl\u0131 sistemler m\u00fchendisli\u011fi ve rayl\u0131 sistemler teknolojilerine y\u00f6nelik yat\u0131r\u0131mlar\u0131n ve bu alanda gelece\u011fe y\u00f6nelik fikirlerinin ne olaca\u011f\u0131 konusundaki sorusuna Uralo\u011flu, \u015fu yan\u0131t\u0131 verdi:<\/p>\n<p>&#8220;Devlet Demir Yollar\u0131 kurulu\u015fundan bu yana bir\u00e7ok hizmeti ger\u00e7ekle\u015ftirdi. Cumhuriyetin ilk y\u0131llar\u0131nda da ciddi yat\u0131r\u0131mlar yap\u0131lm\u0131\u015f. Daha sonras\u0131nda kara yollar\u0131 ta\u015f\u0131mac\u0131l\u0131\u011f\u0131na a\u011f\u0131rl\u0131k vermi\u015fiz. AK Parti h\u00fck\u00fcmetlerimizle beraber \u00f6zellikle son 21 y\u0131lda demir yollar\u0131nda ciddi \u00f6nem verdik ve kaynak ay\u0131rmaya ba\u015flad\u0131k. Yakla\u015f\u0131k 11 bin kilometre olan 14 bin kilometrelere getirdik. Nerdeyse mevcudu sil ba\u015ftan yapt\u0131k. Gerek elektrikli gerekse sinyalli hale getirdik. Avrupa&#8217;da 6., d\u00fcnyada 8. h\u0131zl\u0131 tren i\u015fletmecisi bir \u00fclke haline getirdik. 11 ilimizi y\u00fcksek h\u0131zl\u0131 trenle (YHT) tan\u0131\u015ft\u0131rd\u0131k. \u0130lk etapta 2028 hedefleri ve Cumhurba\u015fkan\u0131m\u0131z\u0131n g\u00f6rev s\u00fcresi i\u00e7inde yapaca\u011f\u0131m\u0131z \u015feyler. Demir yollar\u0131n\u0131n uzunlu\u011funu 18-19 bin kilometrelere kadar art\u0131raca\u011f\u0131z. 2053&#8217;e kadar yakla\u015f\u0131k 52 ilimizi demir yoluyla YHT ile tan\u0131\u015ft\u0131raca\u011f\u0131z. T\u00fcrkiye&#8217;de hedefimiz yurt i\u00e7inde y\u00fck ta\u015f\u0131mac\u0131l\u0131\u011f\u0131nda kara yolunun pay\u0131n\u0131 d\u00fc\u015f\u00fcr\u00fcp demir yolunda y\u00fck taraf\u0131n\u0131 geli\u015ftirece\u011fiz. Orta Asya&#8217;dan Londra&#8217;ya giden Orta Koridor&#8217;u geli\u015ftirece\u011fiz.&#8221;<\/p>\n<p>Ankara \u00dcniversitesi \u0130leti\u015fim Fak\u00fcltesi Gazetecilik B\u00f6l\u00fcm\u00fc \u00f6\u011frencisi Nazife Bardak&#8217;\u0131n &#8220;bakan olarak bir idealleri olup olmad\u0131\u011f\u0131n\u0131&#8221; sormas\u0131 \u00fczerine Uralo\u011flu, &#8220;Bizim inanc\u0131m\u0131zda yoldaki dikeni kald\u0131rmak vard\u0131r ve tam da bu i\u015fi yap\u0131yoruz. \u0130\u015fimizi adam gibi yaparsak bu sorumlulu\u011fu ve g\u00f6revimizi lay\u0131k\u0131yla yerine getirmi\u015f olaca\u011f\u0131z. Bu vesileyle ahiretimizi imar etmi\u015f olaca\u011f\u0131z. Esas bizi motive eden \u00f6teki taraft\u0131r. Bunun bize vermi\u015f oldu\u011fu gurur, \u015feref, onur var. Onlar\u0131 lay\u0131k\u0131yla ta\u015f\u0131yaca\u011f\u0131z ve sizlere memleketimize hizmet edece\u011fiz.&#8221; dedi.<\/p>\n<p>Gazi \u00dcniversitesi Elektrik Elektronik M\u00fchendisli\u011fi \u00f6\u011frencisi Metin Se\u00e7kin \u00d6zt\u00fcrk&#8217;\u00fcn \u00e7ok y\u00fcksek h\u0131zl\u0131 trenin T\u00fcrkiye&#8217;ye ne zaman gelece\u011fine y\u00f6nelik sorusu \u00fczerine Bakan Uralo\u011flu, \u0130stanbul-Ankara aras\u0131nda &#8220;s\u00fcper h\u0131zl\u0131 tren&#8221; diye bir proje \u00e7al\u0131\u015fmas\u0131na ba\u015flad\u0131klar\u0131n\u0131, bu trenin saatte 380 kilometre h\u0131zl\u0131 ve iki dura\u011f\u0131 olaca\u011f\u0131n\u0131 bildirdi.<\/p>\n<p>Uralo\u011flu, bu trenin yap\u0131lmas\u0131yla \u0130stanbul-Ankara aras\u0131n\u0131n 80 dakikaya inece\u011fine i\u015faret ederek, d\u00fcnyada ne varsa T\u00fcrkiye&#8217;ye getireceklerini ve vatanda\u015flar\u0131n kullan\u0131m\u0131na sunacaklar\u0131n\u0131 ifade etti.<\/p>\n<p>Samsun \u00dcniversitesi Denizcilik \u0130\u015fletmeleri ve Y\u00f6netimi B\u00f6l\u00fcm\u00fc \u00f6\u011frencisi Mert At\u0131lgan&#8217;\u0131n T\u00fcrkiye&#8217;nin, yar\u0131m ada \u00fclkesi olarak, uzun mesafelerde yolcu ta\u015f\u0131yan gemisi olmad\u0131\u011f\u0131n\u0131 ve bu konuda bir \u00e7al\u0131\u015fman\u0131n bulunup bulunmad\u0131\u011f\u0131n\u0131 sormas\u0131 \u00fczerine Uralo\u011flu, bunun tamamen arz talep meselesi oldu\u011funu dile getirdi.<\/p>\n<p>Bug\u00fcn itibar\u0131yla deniz yolculu\u011funa talebin olmad\u0131\u011f\u0131n\u0131 anlatan Uralo\u011flu, bu alan\u0131n turistik ama\u00e7l\u0131 kullan\u0131ld\u0131\u011f\u0131n\u0131 ve y\u00fck ta\u015f\u0131mac\u0131l\u0131\u011f\u0131na d\u00f6nd\u00fc\u011f\u00fcn\u00fc belirtti.<\/p>\n<p>Uralo\u011flu, deniz yolunda yolcu ta\u015f\u0131mada, k\u0131sa mesafeli ta\u015f\u0131malarda (\u0130stanbul ve Mudanya ta\u015f\u0131malar\u0131 gibi) talebin oldu\u011funu bildirerek, orada da daha \u00f6nce kamunun \u015fu anda da \u00f6zel sekt\u00f6r\u00fcn bu i\u015fi yapt\u0131\u011f\u0131n\u0131 s\u00f6yledi. Uralo\u011flu, deniz yolcu\u011fu i\u00e7in bir talep olursa \u00fczerlerine d\u00fc\u015feni yapacaklar\u0131n\u0131 vurgulad\u0131.<\/p>\n<p>Sorular\u0131n ard\u0131nda Uralo\u011flu, Bakanl\u0131\u011f\u0131n\u0131n yapt\u0131\u011f\u0131 \u00e7al\u0131\u015fmalar\u0131 yerinde g\u00f6rmeleri i\u00e7in, kura ile 15&#8217;ini \u00c7anakkale&#8217;ye ve 15&#8217;ini \u0130stanbul&#8217;a olmak \u00fczere 30 \u00f6\u011frenciyi g\u00f6t\u00fcreceklerini s\u00f6zlerine ekledi. Bu \u00f6\u011frenciler etkinlik alan\u0131nda \u00e7ekilen kurayla belirlendi.<\/p>\n<p>                            <span class=\"detay-foto-editor\">&#13;<br \/>\n                                <a href=\"https:\/\/www.aa.com.tr\/tr\/p\/abonelik-talep-formu\/1001\" target=\"_blank\" style=\"font-size:12px; color:#444; text-decoration:none;\" rel=\"noopener\">&#13;<br \/>\n                                    Anadolu Ajans\u0131 web sitesinde, AA Haber Ak\u0131\u015f Sistemi (HAS) \u00fczerinden abonelere sunulan haberler, \u00f6zetlenerek yay\u0131mlanmaktad\u0131r. <b style=\"color:#1897F7\">Abonelik i\u00e7in l\u00fctfen ileti\u015fime ge\u00e7iniz.<\/b>&#13;<br \/>\n                                <\/a>&#13;<br \/>\n                            <\/span>\n                        <\/div>\n<p><script>\n\t  window.fbAsyncInit = function() {\n\t\tFB.init({\n\t\t  appId: '1855843514662870',\n\t\t  status : true, \/\/ check login status\n\t\t  cookie : true, \/\/ enable cookies to allow the server to access the session\n\t\t  xfbml  : true  \/\/ parse XFBML\n\t\t});\n\t  };<\/p>\n<p>\t  (function() {\n\t\tvar e = document.createElement('script');\n\t\te.src=\"https:\/\/connect.facebook.net\/tr_TR\/all.js\";\n\t\te.async = true;\n\t\tdocument.getElementById('fb-root').appendChild(e);\n\t  }());\n    <\/script><br \/>\n<br \/><br \/>\n<br \/><a href=\"https:\/\/www.aa.com.tr\/tr\/ekonomi\/ulastirma-ve-altyapi-bakani-abdulkadir-uraloglu-stajyer-ogrencilerle-bulustu\/2968648\">Source link <\/a><\/p>\n","protected":false},"excerpt":{"rendered":"<p>Uralo\u011flu, PTT Ahlatl\u0131bel Tesisleri&#8217;ndeki bulu\u015fmada, \u00f6\u011frenim hayat\u0131ndan bahsetti. Bakan Uralo\u011flu, &#8220;Trabzonluyum, terzi Ali ve ev han\u0131m\u0131 H\u00fcsniye&#8217;nin o\u011fluyum. 8 karde\u015fiz. Orta ve lise \u00f6\u011frenimimi Trabzon&#8217;da yapt\u0131m. Karadeniz Teknik \u00dcniversitesinde \u0130n\u015faat M\u00fchendisli\u011fi B\u00f6l\u00fcm\u00fc&#8217;n\u00fc bitirdim. Mezun olduktan sonraki d\u00fc\u015f\u00fcncemiz, &#8216;Biz devlet memuru olmayaca\u011f\u0131z ve ne yapabilirsek \u00f6zel sekt\u00f6rde yapaca\u011f\u0131z&#8217; idi. Bir y\u0131l \u00f6zel sekt\u00f6r tecr\u00fcbemiz oldu. Karayollar\u0131 [&hellip;]<\/p>\n","protected":false},"author":1,"featured_media":12001,"comment_status":"","ping_status":"","sticky":false,"template":"","format":"standard","meta":[],"categories":[44],"tags":[],"_links":{"self":[{"href":"https:\/\/kraios.app\/news\/wp-json\/wp\/v2\/posts\/12000"}],"collection":[{"href":"https:\/\/kraios.app\/news\/wp-json\/wp\/v2\/posts"}],"about":[{"href":"https:\/\/kraios.app\/news\/wp-json\/wp\/v2\/types\/post"}],"author":[{"embeddable":true,"href":"https:\/\/kraios.app\/news\/wp-json\/wp\/v2\/users\/1"}],"replies":[{"embeddable":true,"href":"https:\/\/kraios.app\/news\/wp-json\/wp\/v2\/comments?post=12000"}],"version-history":[{"count":0,"href":"https:\/\/kraios.app\/news\/wp-json\/wp\/v2\/posts\/12000\/revisions"}],"wp:featuredmedia":[{"embeddable":true,"href":"https:\/\/kraios.app\/news\/wp-json\/wp\/v2\/media\/12001"}],"wp:attachment":[{"href":"https:\/\/kraios.app\/news\/wp-json\/wp\/v2\/media?parent=12000"}],"wp:term":[{"taxonomy":"category","embeddable":true,"href":"https:\/\/kraios.app\/news\/wp-json\/wp\/v2\/categories?post=12000"},{"taxonomy":"post_tag","embeddable":true,"href":"https:\/\/kraios.app\/news\/wp-json\/wp\/v2\/tags?post=12000"}],"curies":[{"name":"wp","href":"https:\/\/api.w.org\/{rel}","templated":true}]}}