{"id":11964,"date":"2023-08-15T13:20:12","date_gmt":"2023-08-15T13:20:12","guid":{"rendered":"https:\/\/kraios.app\/news\/yasam\/2023\/08\/15\/gaziantepten-orduya-gelen-kiz-ogrenciler-sehit-babasinin-findigini-hasat-etti\/"},"modified":"2023-08-15T13:20:12","modified_gmt":"2023-08-15T13:20:12","slug":"gaziantepten-orduya-gelen-kiz-ogrenciler-sehit-babasinin-findigini-hasat-etti","status":"publish","type":"post","link":"https:\/\/kraios.app\/news\/yasam\/2023\/08\/15\/gaziantepten-orduya-gelen-kiz-ogrenciler-sehit-babasinin-findigini-hasat-etti\/","title":{"rendered":"Gaziantep&#8217;ten Ordu&#8217;ya gelen k\u0131z \u00f6\u011frenciler \u015fehit babas\u0131n\u0131n f\u0131nd\u0131\u011f\u0131n\u0131 hasat etti"},"content":{"rendered":"<p><\/p>\n<div>\n<p>&#8220;Anadoluyuz Biz&#8221; projesi kapsam\u0131nda Gaziantep&#8217;ten Ordu&#8217;ya gelen \u00f6\u011frenciler, \u015fehit babas\u0131n\u0131n f\u0131nd\u0131k bah\u00e7esinde hasat yapt\u0131. <\/p>\n<p>Gen\u00e7lik ve Spor Bakanl\u0131\u011f\u0131nca y\u00fcr\u00fct\u00fclen proje \u00e7er\u00e7evesinde 40 k\u0131z \u00fcniversite \u00f6\u011frencisi, 11 A\u011fustos&#8217;ta geldikleri Ordu&#8217;nun tarihi ve turistik yerlerini gezdi.<\/p>\n<p>Kentte bulunduklar\u0131 s\u00fcre i\u00e7inde \u00e7e\u015fitli etkinlikler ger\u00e7ekle\u015ftiren \u00fcniversiteliler, Mardin&#8217;de 2010&#8217;da ter\u00f6ristlerce yola d\u00f6\u015fenen uzaktan kumandal\u0131 may\u0131n\u0131n patlat\u0131lmas\u0131 sonucu \u015fehit d\u00fc\u015fen uzman \u00e7avu\u015f Zeki \u0130nan&#8217;\u0131n, Alt\u0131nordu il\u00e7esinin Eskipazar Mahallesi&#8217;nde ya\u015fayan babas\u0131 Hilmi \u0130nan&#8217;\u0131 ziyaret etti.<\/p>\n<p>Daha sonra yakla\u015f\u0131k 2 d\u00f6n\u00fcml\u00fck f\u0131nd\u0131k bah\u00e7esine ge\u00e7en \u00f6\u011frenciler, aile bireylerinin bilgilendirmesinin ard\u0131ndan hasada ba\u015flad\u0131.<\/p>\n<p>Birka\u00e7 saat s\u00fcreyle toplad\u0131klar\u0131 f\u0131nd\u0131\u011f\u0131 \u00e7uvallayarak harmana ta\u015f\u0131yan \u00fcniversiteliler, hasat sonras\u0131 \u015fehit Zeki \u0130nan&#8217;\u0131n Ordu Garnizon \u015eehitli\u011fi&#8217;ndeki kabrini de ziyaret etti.<\/p>\n<p><img decoding=\"async\" alt=\"\" src=\"https:\/\/www.aa.com.tr\/uploads\/userFiles\/e1e8523d-4106-45e0-98bd-20afb1e8805a\/5%2Fd1.jpg\"\/><\/p>\n<h3>&#8220;Bizim i\u00e7in farkl\u0131 bir deneyim oldu&#8221;<\/h3>\n<p>\u00d6\u011frencilerden Melisa Ta\u015fdemir, AA muhabirine, &#8220;Anadoluyuz Biz&#8221; projesi kapsam\u0131nda Ordu&#8217;yu daha yak\u0131ndan tan\u0131ma imkan\u0131 bulduklar\u0131n\u0131 s\u00f6yledi.<\/p>\n<p>Ordu&#8217;yu ziyaretlerinin f\u0131nd\u0131k hasat d\u00f6nemine denk gelmesi dolay\u0131s\u0131yla bir \u015fehit ailesinin bah\u00e7esine yard\u0131mc\u0131 olmak istediklerini dile getiren Ta\u015fdemir, &#8220;\u015eehidimiz Zeki \u0130nan&#8217;\u0131n ailesinin bah\u00e7esinin hasad\u0131na yard\u0131mc\u0131 olduk. Ailenin hay\u0131r dualar\u0131n\u0131 ald\u0131k. F\u0131nd\u0131k toplamak zor ama g\u00fczelmi\u015f. Ben de ilk defa f\u0131nd\u0131k hasad\u0131 yapt\u0131m. Bizim i\u00e7in farkl\u0131 bir deneyim oldu.&#8221; dedi.<\/p>\n<p>B\u00fc\u015fra Y\u0131ld\u0131z ise proje kapsam\u0131nda g\u00f6n\u00fcll\u00fcl\u00fck faaliyetlerinin oldu\u011funu belirterek, &#8220;Bu g\u00f6n\u00fcll\u00fc faaliyetlerden biri de \u015fehit ailesi ziyareti oldu. \u015eehidimizin ailesini ziyaret ettikten sonra f\u0131nd\u0131k bah\u00e7esinin hasad\u0131na yard\u0131mc\u0131 olduk. Burada ilk defa f\u0131nd\u0131k toplad\u0131k. F\u0131nd\u0131k hasat edilirken f\u0131nd\u0131\u011f\u0131n kurutulmas\u0131 ve di\u011fer s\u00fcre\u00e7lerini de \u00f6\u011frenme imkan\u0131 bulduk.&#8221; diye konu\u015ftu.<\/p>\n<p>M\u00fcberra Karakurt da proje kapsam\u0131nda bir \u015fehit ailesinin y\u00fcz\u00fcn\u00fc g\u00fcld\u00fcr\u00fcp hay\u0131r duas\u0131n\u0131 ald\u0131klar\u0131 i\u00e7in duydu\u011fu mutlulu\u011fu aktard\u0131.<\/p>\n<p>Proje koordinat\u00f6r\u00fc Aysun Anla\u015f ise Gaziantep&#8217;ten gelen \u00f6\u011frencilerin bir\u00e7ok etkinlikte bulunduktan sonra kentten ayr\u0131ld\u0131\u011f\u0131n\u0131 ifade etti.<\/p>\n<p>\u00d6\u011frencilerin daha \u00f6nce f\u0131nd\u0131k hasad\u0131 yapmad\u0131\u011f\u0131n\u0131 kaydeden Anla\u015f, bu durumun kendilerine de de\u011fi\u015fik geldi\u011fini, hepsinin f\u0131nd\u0131k hasad\u0131 s\u00fcrecini ya\u015fay\u0131p g\u00f6rerek mutlu oldu\u011funu s\u00f6yledi.<\/p>\n<p><img decoding=\"async\" alt=\"\" src=\"https:\/\/www.aa.com.tr\/uploads\/userFiles\/e1e8523d-4106-45e0-98bd-20afb1e8805a\/5%2Fd2.jpg\"\/><\/p>\n<h3>&#8220;\u00d6\u011frencilerimizin her birinden Allah raz\u0131 olsun&#8221;<\/h3>\n<p>\u015eehit babas\u0131 Hilmi \u0130nan, ziyaretten duydu\u011fu mutlulu\u011fu dile getirerek, \u015funlar\u0131 kaydetti:<\/p>\n<p>&#8220;\u00d6\u011frencilerimizin her birinden Allah raz\u0131 olsun. Yan\u0131ma geldiler, f\u0131nd\u0131k bah\u00e7esinin hasad\u0131na yard\u0131mc\u0131 olacaklar\u0131n\u0131 s\u00f6ylediler. Ben de kendilerine bu konuda k\u0131sa bir bilgi verdikten sonra hep birlikte bah\u00e7eye girdik. Hep birlikte f\u0131nd\u0131k hasad\u0131 yapt\u0131k. Bu \u00e7ok g\u00fczel ve mutluluk verici bir \u015fey. Bizim \u00e7ok ho\u015fumuza gitti. T\u00fcm \u00f6\u011frencilerimize te\u015fekk\u00fcr ederim. Bu vatan onlara emanet. Bu gen\u00e7lerin \u00fclkemizi daha ileriye ta\u015f\u0131yacaklar\u0131n\u0131 umut ediyorum.&#8221;<\/p>\n<p>                            <span class=\"detay-foto-editor\">&#13;<br \/>\n                                <a href=\"https:\/\/www.aa.com.tr\/tr\/p\/abonelik-talep-formu\/1001\" target=\"_blank\" style=\"font-size:12px; color:#444; text-decoration:none;\" rel=\"noopener\">&#13;<br \/>\n                                    Anadolu Ajans\u0131 web sitesinde, AA Haber Ak\u0131\u015f Sistemi (HAS) \u00fczerinden abonelere sunulan haberler, \u00f6zetlenerek yay\u0131mlanmaktad\u0131r. <b style=\"color:#1897F7\">Abonelik i\u00e7in l\u00fctfen ileti\u015fime ge\u00e7iniz.<\/b>&#13;<br \/>\n                                <\/a>&#13;<br \/>\n                            <\/span>\n                        <\/div>\n<p><script>\n\t  window.fbAsyncInit = function() {\n\t\tFB.init({\n\t\t  appId: '1855843514662870',\n\t\t  status : true, \/\/ check login status\n\t\t  cookie : true, \/\/ enable cookies to allow the server to access the session\n\t\t  xfbml  : true  \/\/ parse XFBML\n\t\t});\n\t  };<\/p>\n<p>\t  (function() {\n\t\tvar e = document.createElement('script');\n\t\te.src=\"https:\/\/connect.facebook.net\/tr_TR\/all.js\";\n\t\te.async = true;\n\t\tdocument.getElementById('fb-root').appendChild(e);\n\t  }());\n    <\/script><\/p>\n","protected":false},"excerpt":{"rendered":"<p>&#8220;Anadoluyuz Biz&#8221; projesi kapsam\u0131nda Gaziantep&#8217;ten Ordu&#8217;ya gelen \u00f6\u011frenciler, \u015fehit babas\u0131n\u0131n f\u0131nd\u0131k bah\u00e7esinde hasat yapt\u0131. Gen\u00e7lik ve Spor Bakanl\u0131\u011f\u0131nca y\u00fcr\u00fct\u00fclen proje \u00e7er\u00e7evesinde 40 k\u0131z \u00fcniversite \u00f6\u011frencisi, 11 A\u011fustos&#8217;ta geldikleri Ordu&#8217;nun tarihi ve turistik yerlerini gezdi. Kentte bulunduklar\u0131 s\u00fcre i\u00e7inde \u00e7e\u015fitli etkinlikler ger\u00e7ekle\u015ftiren \u00fcniversiteliler, Mardin&#8217;de 2010&#8217;da ter\u00f6ristlerce yola d\u00f6\u015fenen uzaktan kumandal\u0131 may\u0131n\u0131n patlat\u0131lmas\u0131 sonucu \u015fehit d\u00fc\u015fen uzman [&hellip;]<\/p>\n","protected":false},"author":1,"featured_media":11965,"comment_status":"","ping_status":"","sticky":false,"template":"","format":"standard","meta":[],"categories":[50],"tags":[],"_links":{"self":[{"href":"https:\/\/kraios.app\/news\/wp-json\/wp\/v2\/posts\/11964"}],"collection":[{"href":"https:\/\/kraios.app\/news\/wp-json\/wp\/v2\/posts"}],"about":[{"href":"https:\/\/kraios.app\/news\/wp-json\/wp\/v2\/types\/post"}],"author":[{"embeddable":true,"href":"https:\/\/kraios.app\/news\/wp-json\/wp\/v2\/users\/1"}],"replies":[{"embeddable":true,"href":"https:\/\/kraios.app\/news\/wp-json\/wp\/v2\/comments?post=11964"}],"version-history":[{"count":0,"href":"https:\/\/kraios.app\/news\/wp-json\/wp\/v2\/posts\/11964\/revisions"}],"wp:featuredmedia":[{"embeddable":true,"href":"https:\/\/kraios.app\/news\/wp-json\/wp\/v2\/media\/11965"}],"wp:attachment":[{"href":"https:\/\/kraios.app\/news\/wp-json\/wp\/v2\/media?parent=11964"}],"wp:term":[{"taxonomy":"category","embeddable":true,"href":"https:\/\/kraios.app\/news\/wp-json\/wp\/v2\/categories?post=11964"},{"taxonomy":"post_tag","embeddable":true,"href":"https:\/\/kraios.app\/news\/wp-json\/wp\/v2\/tags?post=11964"}],"curies":[{"name":"wp","href":"https:\/\/api.w.org\/{rel}","templated":true}]}}