{"id":11951,"date":"2023-08-15T05:20:09","date_gmt":"2023-08-15T05:20:09","guid":{"rendered":"https:\/\/kraios.app\/news\/ekonomi\/2023\/08\/15\/kardemire-alinacak-300-isci-kurayla-belirlendi\/"},"modified":"2023-08-15T05:20:09","modified_gmt":"2023-08-15T05:20:09","slug":"kardemire-alinacak-300-isci-kurayla-belirlendi","status":"publish","type":"post","link":"https:\/\/kraios.app\/news\/ekonomi\/2023\/08\/15\/kardemire-alinacak-300-isci-kurayla-belirlendi\/","title":{"rendered":"KARDEM\u0130R&#039;e al\u0131nacak 300 i\u015f\u00e7i kurayla belirlendi"},"content":{"rendered":"<p> <br \/>\n<br \/>Karab\u00fck Demir ve \u00c7elik Fabrikalar\u0131 (KARDEM\u0130R) i\u015f\u00e7i kadrosunda istihdam edilecek 300 ki\u015fi i\u00e7in kura \u00e7ekimi t\u00f6reni d\u00fczenledi.<br \/>\n<br \/><br \/>\n<br \/><a href=\"https:\/\/www.aa.com.tr\/tr\/ekonomi\/kardemire-alinacak-300-isci-kurayla-belirlendi\/2967399\">Source link <\/a><\/p>\n","protected":false},"excerpt":{"rendered":"<p>Karab\u00fck Demir ve \u00c7elik Fabrikalar\u0131 (KARDEM\u0130R) i\u015f\u00e7i kadrosunda istihdam edilecek 300 ki\u015fi i\u00e7in kura \u00e7ekimi t\u00f6reni d\u00fczenledi. Source link<\/p>\n","protected":false},"author":1,"featured_media":11952,"comment_status":"","ping_status":"","sticky":false,"template":"","format":"standard","meta":[],"categories":[44],"tags":[],"_links":{"self":[{"href":"https:\/\/kraios.app\/news\/wp-json\/wp\/v2\/posts\/11951"}],"collection":[{"href":"https:\/\/kraios.app\/news\/wp-json\/wp\/v2\/posts"}],"about":[{"href":"https:\/\/kraios.app\/news\/wp-json\/wp\/v2\/types\/post"}],"author":[{"embeddable":true,"href":"https:\/\/kraios.app\/news\/wp-json\/wp\/v2\/users\/1"}],"replies":[{"embeddable":true,"href":"https:\/\/kraios.app\/news\/wp-json\/wp\/v2\/comments?post=11951"}],"version-history":[{"count":0,"href":"https:\/\/kraios.app\/news\/wp-json\/wp\/v2\/posts\/11951\/revisions"}],"wp:featuredmedia":[{"embeddable":true,"href":"https:\/\/kraios.app\/news\/wp-json\/wp\/v2\/media\/11952"}],"wp:attachment":[{"href":"https:\/\/kraios.app\/news\/wp-json\/wp\/v2\/media?parent=11951"}],"wp:term":[{"taxonomy":"category","embeddable":true,"href":"https:\/\/kraios.app\/news\/wp-json\/wp\/v2\/categories?post=11951"},{"taxonomy":"post_tag","embeddable":true,"href":"https:\/\/kraios.app\/news\/wp-json\/wp\/v2\/tags?post=11951"}],"curies":[{"name":"wp","href":"https:\/\/api.w.org\/{rel}","templated":true}]}}