{"id":11949,"date":"2023-08-15T04:20:04","date_gmt":"2023-08-15T04:20:04","guid":{"rendered":"https:\/\/kraios.app\/news\/spor\/2023\/08\/15\/besiktas-super-ligde-yeni-sezona-3-puanla-basladi\/"},"modified":"2023-08-15T04:20:04","modified_gmt":"2023-08-15T04:20:04","slug":"besiktas-super-ligde-yeni-sezona-3-puanla-basladi","status":"publish","type":"post","link":"https:\/\/kraios.app\/news\/spor\/2023\/08\/15\/besiktas-super-ligde-yeni-sezona-3-puanla-basladi\/","title":{"rendered":"Be\u015fikta\u015f, S\u00fcper Lig&#8217;de yeni sezona 3 puanla ba\u015flad\u0131"},"content":{"rendered":"<p><\/p>\n<div>\n<p>Be\u015fikta\u015f, Trendyol S\u00fcper Lig&#8217;de yeni sezona galibiyetle ba\u015flad\u0131.<\/p>\n<p>Sezonun ilk haftas\u0131nda VavaCars Fatih Karag\u00fcmr\u00fck&#8217;le deplasmanda kar\u015f\u0131 kar\u015f\u0131ya gelen siyah-beyazl\u0131 ekip, Gedson Fernandes&#8217;in 85. dakikada att\u0131\u011f\u0131 golle rakibini 1-0 ma\u011flup ederek sezonun ilk 3 puan\u0131n\u0131 ald\u0131.<\/p>\n<p>Be\u015fikta\u015f&#8217;ta ge\u00e7en sezonun son 3 haftas\u0131nda pe\u015f pe\u015fe att\u0131\u011f\u0131 gollerle ad\u0131ndan s\u00f6z ettiren Gedson Fernandes, yeni sezona da golle ba\u015flad\u0131.<\/p>\n<p>Ge\u00e7en sezonun son 3 haftas\u0131nda Adana Demirspor, Kas\u0131mpa\u015fa ve Konyaspor a\u011flar\u0131n\u0131 pe\u015f pe\u015fe havaland\u0131ran Be\u015fikta\u015fl\u0131 oyuncu, Fatih Karag\u00fcmr\u00fck&#8217;\u00fc de bo\u015f ge\u00e7meyerek ligde \u00fcst \u00fcste 4 ma\u00e7ta gol atmay\u0131 ba\u015fard\u0131. Bu gol, ayn\u0131 zamanda siyah-beyazl\u0131 ekibe bu sezonki ilk 3 puan\u0131 getiren gol oldu.<\/p>\n<h3>Aboubakar penalt\u0131dan yararlanamad\u0131<\/h3>\n<p>Be\u015fikta\u015f&#8217;\u0131n golc\u00fc futbolcusu Vincent Aboubakar, ma\u00e7 0-0 devam ederken bir penalt\u0131 at\u0131\u015f\u0131ndan yararlanamad\u0131.<\/p>\n<p>Baniya&#8217;n\u0131n m\u00fcdahalesiyle ceza sahas\u0131 i\u00e7inde yerde kalan Aboubakar, 48. dakikada penalt\u0131 vuru\u015fu i\u00e7in topun ba\u015f\u0131na ge\u00e7ti. Siyah-beyazl\u0131 oyuncunun penalt\u0131s\u0131nda Fatih Karag\u00fcmr\u00fck kalecisi Dituro do\u011fru k\u00f6\u015feyi tahmin ederek soluna gelen topun kaleye girmesine izin vermedi.<\/p>\n<p><img decoding=\"async\" alt=\"\" src=\"https:\/\/www.aa.com.tr\/uploads\/userFiles\/fe386ddc-9865-4064-86ce-4843f9d09fd4\/Burak%20Yilmaz%2F2023%2Fagustos%2FNew%20folder%20(2)%2FAA-31918501.jpg\"\/><\/p>\n<h3>Be\u015fikta\u015f direklere tak\u0131ld\u0131<\/h3>\n<p>Kar\u015f\u0131la\u015fman\u0131n 63. dakikas\u0131nda gole yakla\u015fan Be\u015fikta\u015f, dire\u011fi ge\u00e7emedi.<\/p>\n<p>Gedson Fernandes ve Aboubakar&#8217;\u0131n pasla\u015fmas\u0131yla ba\u015flayan atakta Onur Bulut&#8217;un sa\u011f \u00e7aprazdan \u015futunda, me\u015fin yuvarlak dire\u011fe \u00e7arparak oyun alan\u0131na d\u00f6nd\u00fc.<\/p>\n<p>Siyah-beyazl\u0131 ekip, 66. dakikada ise Masuaku&#8217;nun ortas\u0131nda Aboubakar&#8217;\u0131n kafa vuru\u015funda dire\u011fi ge\u00e7emedi.<\/p>\n<h3>Ligde 16 ma\u00e7t\u0131r yenilmiyor<\/h3>\n<p>Ge\u00e7en sezon teknik direkt\u00f6r \u015eenol G\u00fcne\u015f&#8217;in g\u00f6reve gelmesinin ard\u0131ndan S\u00fcper Lig&#8217;de dikkati \u00e7eken bir performansa imza atan Be\u015fikta\u015f, ligde yenilmezlik serisini 16 ma\u00e7a y\u00fckseltti.<\/p>\n<p>Ge\u00e7en sezonki Sivasspor kar\u015f\u0131la\u015fmas\u0131n\u0131n ard\u0131ndan ligde oynad\u0131\u011f\u0131 15 ma\u00e7\u0131 yenilgisiz tamamlayan siyah-beyazl\u0131 ekip, yeni sezona da galibiyetle ba\u015flayarak yenilmezlik serisini 16 m\u00fcsabakaya \u00e7\u0131kard\u0131.<\/p>\n<p>Ayr\u0131ca Be\u015fikta\u015f, bu sezon oynad\u0131\u011f\u0131 4. resmi ma\u00e7tan da galibiyetle ayr\u0131lm\u0131\u015f oldu.<\/p>\n<p>Siyah-beyazl\u0131 ekip, UEFA Avrupa Konferans Ligi elemelerinde oynad\u0131\u011f\u0131 Tirana ma\u00e7lar\u0131 ve Neft\u00e7i m\u00fcsabakas\u0131nda da rakiplerini ma\u011flup etmeyi ba\u015farm\u0131\u015ft\u0131.<\/p>\n<p><img decoding=\"async\" alt=\"\" src=\"https:\/\/www.aa.com.tr\/uploads\/userFiles\/fe386ddc-9865-4064-86ce-4843f9d09fd4\/Burak%20Yilmaz%2F2023%2Fagustos%2FNew%20folder%20(2)%2FAA-31918500.jpg\"\/><\/p>\n<h3>\u0130lk yar\u0131<\/h3>\n<p>7. dakikada ma\u00e7taki ilk tehlike ya\u015fand\u0131. Orta sahada topla bulu\u015fan Gedson Fernandes, soldan ceza sahas\u0131na girip i\u00e7eriye \u00e7evirdi. Onur Bulut&#8217;tan seken topu Muleka tamamlad\u0131. Kaleci Dituro gole izin vermedi.<\/p>\n<p>18. dakikada Levent Mercan&#8217;\u0131n uzun pas\u0131yla sa\u011f kanatta topla bulu\u015fan Can Kele\u015f, Masuaku&#8217;dan s\u0131yr\u0131l\u0131p ceza sahas\u0131 d\u0131\u015f\u0131ndan sa\u011f \u00e7aprazdan \u00e7ok sert vurdu. Me\u015fin yuvarlak az farkla \u00fcstten d\u0131\u015far\u0131 gitti.<\/p>\n<p>Kar\u015f\u0131la\u015fman\u0131n ilk yar\u0131s\u0131, gols\u00fcz sona erdi.<\/p>\n<p><img decoding=\"async\" alt=\"\" src=\"https:\/\/www.aa.com.tr\/uploads\/userFiles\/fe386ddc-9865-4064-86ce-4843f9d09fd4\/Burak%20Yilmaz%2F2023%2Fagustos%2FNew%20folder%20(2)%2FAA-31918024.jpg\"\/><\/p>\n<h3>\u0130kinci yar\u0131<\/h3>\n<p>47. dakikada Be\u015fikta\u015f penalt\u0131 kazand\u0131. Ceza sahas\u0131 i\u00e7i sa\u011f \u00e7apraz\u0131nda topla bulu\u015fan Aboubakar, Baniya&#8217;dan s\u0131yr\u0131lmak isterken yerde kald\u0131. Ma\u00e7\u0131n hakemi Erkan \u00d6zdamar&#8217;\u0131n penalt\u0131 karar\u0131 sonras\u0131nda 48. dakikada at\u0131\u015f\u0131 Aboubakar kulland\u0131. Kaleci Dituro k\u00f6\u015feyi do\u011fru tahmin ederek gole engel oldu.<\/p>\n<p>57. dakikada sa\u011fdan kazan\u0131lan korner at\u0131\u015f\u0131nda Hadziahmetovic, Gedson, Masuaku \u00fc\u00e7l\u00fcs\u00fcn\u00fcn pasla\u015fmas\u0131 sonras\u0131nda Hadziahmetovic ceza sahas\u0131 i\u00e7i sa\u011f \u00e7izgisinde topla bulu\u015ftu. Bu futbolcunun kale sahas\u0131na ortas\u0131nda Muleka \u015futunu \u00e7ekti. Kaleci Dituro topu kontrol etti.<\/p>\n<p><img decoding=\"async\" alt=\"\" src=\"https:\/\/www.aa.com.tr\/uploads\/userFiles\/fe386ddc-9865-4064-86ce-4843f9d09fd4\/Burak%20Yilmaz%2F2023%2Fagustos%2FNew%20folder%20(2)%2FAA-31918267.jpg\"\/><\/p>\n<p>63. dakikada Be\u015fikta\u015f gole yakla\u015ft\u0131. Gedson Fernandes&#8217;in pas\u0131nda Aboubakar topun \u00fcst\u00fcnden atlayarak Onur Bulut&#8217;a bo\u015f alan a\u00e7t\u0131. Ceza sahas\u0131 i\u00e7i sa\u011f \u00e7apraz\u0131nda me\u015fin yuvarlakla bulu\u015fan bu futbolcunun \u015futunda top dire\u011fe \u00e7arparak oyun alan\u0131na d\u00f6nd\u00fc.<\/p>\n<p>66. dakikada Be\u015fikta\u015f bir kez daha dire\u011fe tak\u0131ld\u0131. Masuaku&#8217;nun soldan g\u00f6nderdi\u011fi ortada ceza sahas\u0131 i\u00e7inde y\u00fckselen Aboubakar&#8217;\u0131n kafa vuru\u015funda me\u015fin yuvarlak yan dire\u011fe \u00e7arparak oyun alan\u0131na d\u00f6nd\u00fc. D\u00f6nen topu Gedson Fernandes tamamlamak istedi. Savunma topu kornere att\u0131.<\/p>\n<p>85. dakikada Be\u015fikta\u015f gol\u00fc buldu. Masuaku&#8217;nun soldan arka dire\u011fe g\u00f6nderdi\u011fi ortada Rebic kafayla topu indirdi. Bo\u015fta kalan topa ceza yay\u0131 \u00fczerinden Gedson Fernandes \u00e7ok sert vurdu. Me\u015fin yuvarlak k\u00f6\u015feden a\u011flara gitti: 0-1.<\/p>\n<p>Siyah-beyazl\u0131lar m\u00fccadeleden 1-0 galip ayr\u0131larak sezona 3 puanla ba\u015flad\u0131.<\/p>\n<p>                            <span class=\"detay-foto-editor\">&#13;<br \/>\n                                <a href=\"https:\/\/www.aa.com.tr\/tr\/p\/abonelik-talep-formu\/1001\" target=\"_blank\" style=\"font-size:12px; color:#444; text-decoration:none;\" rel=\"noopener\">&#13;<br \/>\n                                    Anadolu Ajans\u0131 web sitesinde, AA Haber Ak\u0131\u015f Sistemi (HAS) \u00fczerinden abonelere sunulan haberler, \u00f6zetlenerek yay\u0131mlanmaktad\u0131r. <b style=\"color:#1897F7\">Abonelik i\u00e7in l\u00fctfen ileti\u015fime ge\u00e7iniz.<\/b>&#13;<br \/>\n                                <\/a>&#13;<br \/>\n                            <\/span>\n                        <\/div>\n<p><script>\n\t  window.fbAsyncInit = function() {\n\t\tFB.init({\n\t\t  appId: '1855843514662870',\n\t\t  status : true, \/\/ check login status\n\t\t  cookie : true, \/\/ enable cookies to allow the server to access the session\n\t\t  xfbml  : true  \/\/ parse XFBML\n\t\t});\n\t  };<\/p>\n<p>\t  (function() {\n\t\tvar e = document.createElement('script');\n\t\te.src=\"https:\/\/connect.facebook.net\/tr_TR\/all.js\";\n\t\te.async = true;\n\t\tdocument.getElementById('fb-root').appendChild(e);\n\t  }());\n    <\/script><\/p>\n","protected":false},"excerpt":{"rendered":"<p>Be\u015fikta\u015f, Trendyol S\u00fcper Lig&#8217;de yeni sezona galibiyetle ba\u015flad\u0131. Sezonun ilk haftas\u0131nda VavaCars Fatih Karag\u00fcmr\u00fck&#8217;le deplasmanda kar\u015f\u0131 kar\u015f\u0131ya gelen siyah-beyazl\u0131 ekip, Gedson Fernandes&#8217;in 85. dakikada att\u0131\u011f\u0131 golle rakibini 1-0 ma\u011flup ederek sezonun ilk 3 puan\u0131n\u0131 ald\u0131. Be\u015fikta\u015f&#8217;ta ge\u00e7en sezonun son 3 haftas\u0131nda pe\u015f pe\u015fe att\u0131\u011f\u0131 gollerle ad\u0131ndan s\u00f6z ettiren Gedson Fernandes, yeni sezona da golle ba\u015flad\u0131. [&hellip;]<\/p>\n","protected":false},"author":1,"featured_media":11950,"comment_status":"","ping_status":"","sticky":false,"template":"","format":"standard","meta":[],"categories":[48],"tags":[],"_links":{"self":[{"href":"https:\/\/kraios.app\/news\/wp-json\/wp\/v2\/posts\/11949"}],"collection":[{"href":"https:\/\/kraios.app\/news\/wp-json\/wp\/v2\/posts"}],"about":[{"href":"https:\/\/kraios.app\/news\/wp-json\/wp\/v2\/types\/post"}],"author":[{"embeddable":true,"href":"https:\/\/kraios.app\/news\/wp-json\/wp\/v2\/users\/1"}],"replies":[{"embeddable":true,"href":"https:\/\/kraios.app\/news\/wp-json\/wp\/v2\/comments?post=11949"}],"version-history":[{"count":0,"href":"https:\/\/kraios.app\/news\/wp-json\/wp\/v2\/posts\/11949\/revisions"}],"wp:featuredmedia":[{"embeddable":true,"href":"https:\/\/kraios.app\/news\/wp-json\/wp\/v2\/media\/11950"}],"wp:attachment":[{"href":"https:\/\/kraios.app\/news\/wp-json\/wp\/v2\/media?parent=11949"}],"wp:term":[{"taxonomy":"category","embeddable":true,"href":"https:\/\/kraios.app\/news\/wp-json\/wp\/v2\/categories?post=11949"},{"taxonomy":"post_tag","embeddable":true,"href":"https:\/\/kraios.app\/news\/wp-json\/wp\/v2\/tags?post=11949"}],"curies":[{"name":"wp","href":"https:\/\/api.w.org\/{rel}","templated":true}]}}