{"id":11940,"date":"2023-08-15T01:50:57","date_gmt":"2023-08-15T01:50:57","guid":{"rendered":"https:\/\/kraios.app\/news\/spor\/2023\/08\/15\/alanyaspor-sahasinda-kazandi\/"},"modified":"2023-08-15T01:50:57","modified_gmt":"2023-08-15T01:50:57","slug":"alanyaspor-sahasinda-kazandi","status":"publish","type":"post","link":"https:\/\/kraios.app\/news\/spor\/2023\/08\/15\/alanyaspor-sahasinda-kazandi\/","title":{"rendered":"Alanyaspor sahas\u0131nda kazand\u0131"},"content":{"rendered":"<p><\/p>\n<div>\n<h3>\u0130lk yar\u0131<\/h3>\n<p>3. dakikada geli\u015fen Alanyaspor ata\u011f\u0131nda, rakip ceza sahas\u0131 \u00f6n\u00fcnde topla bulu\u015fan Richard Coelho&#8217;nun sert vuru\u015funda, me\u015fin yuvarlak az farkla auta \u00e7\u0131kt\u0131.<\/p>\n<p>14. dakikada Alanyaspor&#8217;un sa\u011f kanattan geli\u015ftirdi\u011fi atakta, Novais&#8217;in ceza sahas\u0131na ortas\u0131nda Eduardo&#8217;nun g\u00f6\u011fs\u00fcyle indirip \u015futa haz\u0131rland\u0131\u011f\u0131 s\u0131rada \u015eener \u00d6zbayrakl\u0131 kayarak topu kornere att\u0131.<\/p>\n<p>31. dakikada sol kanattan geli\u015fen Alanyaspor ata\u011f\u0131nda, Yusuf \u00d6zdemir&#8217;in ceza sahas\u0131 i\u00e7erisine ortas\u0131nda Anderson, topu Efecan Karaca ile bulu\u015fturdu. Efecan Karaca&#8217;n\u0131n vuru\u015funda, me\u015fin yuvarlak filelere gitti. VAR incelemesinde pozisyonda faul oldu\u011fu belirlenerek gol iptal edildi.<\/p>\n<p>45+2. dakikada Alanyaspor&#8217;da kaleci Ertu\u011frul Ta\u015fk\u0131ran&#8217;\u0131n pas\u0131nda araya girip topu kapan Pelkas, ceza alan\u0131ndan \u015futunu \u00e7ekti. Ertu\u011frul Ta\u015fk\u0131ran gole izin vermedi.<\/p>\n<p>45+ 4. dakikada ev sahibi ekip \u00f6ne ge\u00e7ti. Augusto&#8217;nun pas\u0131nda ceza sahas\u0131n\u0131n sa\u011f taraf\u0131nda topla bulu\u015fan Novais, d\u00fczg\u00fcn bir vuru\u015fla me\u015fin yuvarla\u011f\u0131 a\u011flara g\u00f6nderdi: 1-0.<\/p>\n<p>Ma\u00e7\u0131n ilk yar\u0131s\u0131, Alanyaspor&#8217;un 1-0 \u00fcst\u00fcnl\u00fc\u011f\u00fcyle sona erdi.<\/p>\n<h3>\u0130kinci yar\u0131<\/h3>\n<p>56. dakikada Alanyaspor&#8217;un sa\u011f kanattan Novais&#8217;le kulland\u0131\u011f\u0131 serbest vuru\u015fta, savunmadan seken topla bulu\u015fan Janvier, kaleye \u015futunu g\u00f6nderdi. Kaleci Muhammed \u015eengezer gole izin vermedi.<\/p>\n<p>58. dakikada merkezden geli\u015fen Alanyaspor ata\u011f\u0131nda, Janvier&#8217;in sert \u015futunda me\u015fin yuvarlak az farkla auta \u00e7\u0131kt\u0131.<\/p>\n<p>79. dakikada Alanyaspor&#8217;un sa\u011f kanattan Novais&#8217;le kulland\u0131\u011f\u0131 serbest vuru\u015fta, ceza sahas\u0131 i\u00e7erisinde topla bulu\u015fan O\u011fuz Ayd\u0131n&#8217;\u0131n \u015futunda me\u015fin yuvarlak savunmadan d\u00f6nd\u00fc.<\/p>\n<p>90+6. dakikada ev sahibi ekip fark\u0131 2&#8217;ye \u00e7\u0131kard\u0131. Sol kanattan geli\u015fen atakta O\u011fuz Ayd\u0131n&#8217;\u0131n ceza sahas\u0131na g\u00f6nderdi\u011fi topla bulu\u015fan Eduardo, d\u00fczg\u00fcn bir vuru\u015fla me\u015fin yuvarla\u011f\u0131 filelere yollad\u0131: 2-0.<\/p>\n<p>Alanyaspor, sahadan 2-0 galip ayr\u0131ld\u0131.<\/p>\n<h3>&#8220;Ma\u00e7 belki 2-0 bitti ama bug\u00fcn 5-0 da bitse bence normal bir sonu\u00e7 olurdu&#8221;<\/h3>\n<p>Trendyol S\u00fcper Lig&#8217;in ilk haftas\u0131nda evinde RAMS Ba\u015fak\u015fehir&#8217;i 2-0 ma\u011flup eden Corendon Alanyaspor&#8217;un Teknik Direkt\u00f6r\u00fc \u00d6mer Erdo\u011fan, &#8220;Ma\u00e7 belki 2-0 bitti ama bug\u00fcn 5-0 da bitse bence normal bir sonu\u00e7 olurdu.&#8221; dedi.<\/p>\n<p>Erdo\u011fan, ma\u00e7\u0131n ard\u0131ndan d\u00fczenlenen toplant\u0131da, ayakta bile zorla durulan s\u0131cak havada son dakikaya kadar sahada g\u00f6sterdikleri m\u00fccadeleden dolay\u0131 oyuncular\u0131na te\u015fekk\u00fcr etti.<\/p>\n<p>Oyuncular\u0131n\u0131n antrenmanda \u00e7al\u0131\u015ft\u0131klar\u0131n\u0131 sahada hatas\u0131z \u015fekilde yerine getirdi\u011fini anlatan Erdo\u011fan, \u015funlar\u0131 kaydetti:<\/p>\n<p>&#8220;Zor bir ma\u00e7 olaca\u011f\u0131n\u0131 biliyorduk. \u00c7\u00fcnk\u00fc kar\u015f\u0131m\u0131zda ge\u00e7en sene \u00f6zellikle hem S\u00fcper Lig&#8217;de hem Avrupa Ligi&#8217;nde \u00e7ok ba\u015far\u0131l\u0131 sonu\u00e7lar alm\u0131\u015f ve kadrosunun da b\u00fcy\u00fck k\u0131sm\u0131n\u0131 koruyan, hatta \u00fczerine ciddi kariyerli oyuncular transfer etmi\u015f bir rakip vard\u0131. Biz de tak\u0131m savunmas\u0131yla ilgili \u00e7ok ciddi \u00e7al\u0131\u015fmalar yapt\u0131k. Ma\u00e7 belki 2-0 bitti ama bug\u00fcn 5-0 da bitse bence normal bir sonu\u00e7 olurdu. \u00c7\u00fcnk\u00fc ma\u00e7\u0131n b\u00fct\u00fcn b\u00f6l\u00fcm\u00fcnde daha \u00fcst\u00fcn ve bilin\u00e7li oynayan bir Alanyaspor vard\u0131.&#8221;<\/p>\n<p>Galibiyet ve sahada ortaya konan oyun nedeniyle gelecek ad\u0131na \u00e7ok umutlu oldu\u011funu ifade eden Erdo\u011fan, 6 oyuncular\u0131n\u0131n ilk kez S\u00fcper Lig&#8217;de oynad\u0131\u011f\u0131n\u0131 belirtti.<\/p>\n<p>Erdo\u011fan, bu oyuncular\u0131n ligi tan\u0131malar\u0131 i\u00e7in biraz zaman gerekti\u011fini vurgulayarak, &#8220;Oyunculara bunu anlatmaya \u00e7al\u0131\u015ft\u0131k. Rakibimizi analiz ederken oyuncular\u0131n nas\u0131l bir oyun, nas\u0131l bir rakiple kar\u015f\u0131 kar\u015f\u0131ya geleceklerini anlatt\u0131k. Tabii ki oyuncular\u0131m\u0131n iyi niyetli ve gayretli olmas\u0131 s\u00f6ylediklerimize inan\u0131p, bunu sahada yapmas\u0131 bizi \u00e7ok mutlu etti.&#8221; diye konu\u015ftu.<\/p>\n<p>\u00d6nemli bir rakibe kar\u015f\u0131 galibiyet ald\u0131klar\u0131na dikkati \u00e7eken Erdo\u011fan, \u015f\u00f6yle devam etti:<\/p>\n<p>&#8220;Bu galibiyetten cebimize koyaca\u011f\u0131m\u0131z \u015fey \u00f6z g\u00fcven ve tak\u0131m ruhu. Galibiyeti elde ederken neleri do\u011fru yapt\u0131\u011f\u0131m\u0131z\u0131, oyuncular\u0131m\u0131za bir daha hat\u0131rlat\u0131p, bundan sonraki ma\u00e7larda bir daha isteyece\u011fiz. Kesinlikle \u00e7ok sa\u011flam ayaklar\u0131m\u0131z\u0131n \u00fczerine basmam\u0131z laz\u0131m. \u00c7\u00fcnk\u00fc bu lig daha yeni ba\u015flad\u0131. Bizim performans\u0131m\u0131z\u0131 artt\u0131raca\u011f\u0131m\u0131z d\u00f6nemler olacak. B\u00f6yle galibiyetle ba\u015flamak, oyuncular\u0131m\u0131n hem \u00f6z g\u00fcvenini hem de motivasyonunu artt\u0131rmas\u0131 a\u00e7\u0131s\u0131ndan bizim i\u00e7in \u00e7ok \u00f6nemliydi.&#8221;<\/p>\n<p>Erdo\u011fan, cumartesi g\u00fcn\u00fc zorlu Rizespor deplasman\u0131na gideceklerini ve bu ma\u00e7ta istedikleri sonucu almak i\u00e7in haz\u0131rlanacaklar\u0131n\u0131 s\u00f6zlerine ekledi.<\/p>\n<h3>&#8220;\u00d6n\u00fcm\u00fczde telafi edebilecek s\u00fcremiz var&#8221;<\/h3>\n<p>Trendyol S\u00fcper Lig&#8217;in ilk haftas\u0131nda deplasmanda Corendon Alanyaspor&#8217;a 2-0 ma\u011flup olan RAMS Ba\u015fak\u015fehir&#8217;in teknik direkt\u00f6r\u00fc Bel\u00f6zo\u011flu, iyi ba\u015flang\u0131\u00e7 yapamad\u0131klar\u0131 i\u00e7in \u00fczg\u00fcn oldu\u011funu belirterek, &#8220;\u00d6n\u00fcm\u00fczde telafi edebilecek s\u00fcremiz var.&#8221; dedi.<\/p>\n<p>Bel\u00f6zo\u011flu, ma\u00e7\u0131n ard\u0131ndan d\u00fczenlenen bas\u0131n toplant\u0131s\u0131nda, kendileri ad\u0131na k\u00f6t\u00fc bir ba\u015flang\u0131\u00e7 oldu\u011funu s\u00f6yledi.<\/p>\n<p>Bu durumdan mutlu olmad\u0131\u011f\u0131n\u0131 dile getiren Bel\u00f6zo\u011flu, &#8220;Hava \u015fartlar\u0131 bizim i\u00e7in zorluydu. Ama oyuncular\u0131m biraz daha g\u00f6sterdi\u011fimiz uygulama konusunda istediklerimi de yapt\u0131klar\u0131nda oyunun kar\u015f\u0131l\u0131\u011f\u0131 geldi. Ne zaman biraz kendileri do\u011fa\u00e7lama, i\u00e7g\u00fcd\u00fcsel oynad\u0131lar o zaman rakip cezaland\u0131rd\u0131.&#8221; diye konu\u015ftu.<\/p>\n<p>Bel\u00f6zo\u011flu, iyi ba\u015flang\u0131\u00e7 yapamad\u0131klar\u0131 i\u00e7in \u00fczg\u00fcn oldu\u011funu vurgulayarak, \u015funlar\u0131 kaydetti:<\/p>\n<p>&#8220;\u00d6n\u00fcm\u00fczde telafi edebilecek s\u00fcremiz var. Buraya gelirken 1-2 eksiklik oyuncuyla geldik. Ma\u00e7\u0131n ba\u015f\u0131nda \u00f6nemli bir oyuncumuz da sakatland\u0131. Biraz da kadromuzun derin olmad\u0131\u011f\u0131n\u0131 d\u00fc\u015f\u00fcnd\u00fc\u011f\u00fcm\u00fczde elimizden geldi\u011fince hamleler yapt\u0131k. Ama kar\u015f\u0131l\u0131\u011f\u0131n\u0131 alamad\u0131k. Oyun daha da geriye gitti. \u00dczg\u00fcn\u00fcm. Alanyaspor&#8217;u ve \u00d6mer hocay\u0131 tebrik ederim.&#8221;<\/p>\n<p>                            <span class=\"detay-foto-editor\">&#13;<br \/>\n                                <a href=\"https:\/\/www.aa.com.tr\/tr\/p\/abonelik-talep-formu\/1001\" target=\"_blank\" style=\"font-size:12px; color:#444; text-decoration:none;\" rel=\"noopener\">&#13;<br \/>\n                                    Anadolu Ajans\u0131 web sitesinde, AA Haber Ak\u0131\u015f Sistemi (HAS) \u00fczerinden abonelere sunulan haberler, \u00f6zetlenerek yay\u0131mlanmaktad\u0131r. <b style=\"color:#1897F7\">Abonelik i\u00e7in l\u00fctfen ileti\u015fime ge\u00e7iniz.<\/b>&#13;<br \/>\n                                <\/a>&#13;<br \/>\n                            <\/span>\n                        <\/div>\n<p><script>\n\t  window.fbAsyncInit = function() {\n\t\tFB.init({\n\t\t  appId: '1855843514662870',\n\t\t  status : true, \/\/ check login status\n\t\t  cookie : true, \/\/ enable cookies to allow the server to access the session\n\t\t  xfbml  : true  \/\/ parse XFBML\n\t\t});\n\t  };<\/p>\n<p>\t  (function() {\n\t\tvar e = document.createElement('script');\n\t\te.src=\"https:\/\/connect.facebook.net\/tr_TR\/all.js\";\n\t\te.async = true;\n\t\tdocument.getElementById('fb-root').appendChild(e);\n\t  }());\n    <\/script><\/p>\n","protected":false},"excerpt":{"rendered":"<p>\u0130lk yar\u0131 3. dakikada geli\u015fen Alanyaspor ata\u011f\u0131nda, rakip ceza sahas\u0131 \u00f6n\u00fcnde topla bulu\u015fan Richard Coelho&#8217;nun sert vuru\u015funda, me\u015fin yuvarlak az farkla auta \u00e7\u0131kt\u0131. 14. dakikada Alanyaspor&#8217;un sa\u011f kanattan geli\u015ftirdi\u011fi atakta, Novais&#8217;in ceza sahas\u0131na ortas\u0131nda Eduardo&#8217;nun g\u00f6\u011fs\u00fcyle indirip \u015futa haz\u0131rland\u0131\u011f\u0131 s\u0131rada \u015eener \u00d6zbayrakl\u0131 kayarak topu kornere att\u0131. 31. dakikada sol kanattan geli\u015fen Alanyaspor ata\u011f\u0131nda, Yusuf \u00d6zdemir&#8217;in [&hellip;]<\/p>\n","protected":false},"author":1,"featured_media":11941,"comment_status":"","ping_status":"","sticky":false,"template":"","format":"standard","meta":[],"categories":[48],"tags":[],"_links":{"self":[{"href":"https:\/\/kraios.app\/news\/wp-json\/wp\/v2\/posts\/11940"}],"collection":[{"href":"https:\/\/kraios.app\/news\/wp-json\/wp\/v2\/posts"}],"about":[{"href":"https:\/\/kraios.app\/news\/wp-json\/wp\/v2\/types\/post"}],"author":[{"embeddable":true,"href":"https:\/\/kraios.app\/news\/wp-json\/wp\/v2\/users\/1"}],"replies":[{"embeddable":true,"href":"https:\/\/kraios.app\/news\/wp-json\/wp\/v2\/comments?post=11940"}],"version-history":[{"count":0,"href":"https:\/\/kraios.app\/news\/wp-json\/wp\/v2\/posts\/11940\/revisions"}],"wp:featuredmedia":[{"embeddable":true,"href":"https:\/\/kraios.app\/news\/wp-json\/wp\/v2\/media\/11941"}],"wp:attachment":[{"href":"https:\/\/kraios.app\/news\/wp-json\/wp\/v2\/media?parent=11940"}],"wp:term":[{"taxonomy":"category","embeddable":true,"href":"https:\/\/kraios.app\/news\/wp-json\/wp\/v2\/categories?post=11940"},{"taxonomy":"post_tag","embeddable":true,"href":"https:\/\/kraios.app\/news\/wp-json\/wp\/v2\/tags?post=11940"}],"curies":[{"name":"wp","href":"https:\/\/api.w.org\/{rel}","templated":true}]}}