{"id":11938,"date":"2023-08-15T00:20:04","date_gmt":"2023-08-15T00:20:04","guid":{"rendered":"https:\/\/kraios.app\/news\/yasam\/2023\/08\/15\/gurbete-arabali-trenle-rahat-yolculuk\/"},"modified":"2023-08-15T00:20:04","modified_gmt":"2023-08-15T00:20:04","slug":"gurbete-arabali-trenle-rahat-yolculuk","status":"publish","type":"post","link":"https:\/\/kraios.app\/news\/yasam\/2023\/08\/15\/gurbete-arabali-trenle-rahat-yolculuk\/","title":{"rendered":"Gurbete &#8220;arabal\u0131 trenle&#8221; rahat yolculuk"},"content":{"rendered":"<p><\/p>\n<div>\n<p>Memleketlerinde tatillerini ge\u00e7iren gurbet\u00e7ilerin bir k\u0131sm\u0131, ya\u015fad\u0131klar\u0131 \u00fclkelere &#8220;arabal\u0131 tren&#8221; ile d\u00f6n\u00fcyor. <\/p>\n<p>Ara\u00e7lar\u0131n\u0131 Edirne Gar\u0131&#8217;nda vagona y\u00fckleyip kompart\u0131manlara ge\u00e7en gurbet\u00e7iler, d\u00f6n\u00fc\u015f yolculu\u011funun keyfini \u00e7\u0131kart\u0131yor.<\/p>\n<p>Edirne&#8217;den hareket eden &#8220;Optima Ekspres&#8221; Bulgaristan, S\u0131rbistan, H\u0131rvatistan, Slovenya g\u00fczergah\u0131ndan yakla\u015f\u0131k 35 saatte son dura\u011f\u0131 Avusturya&#8217;n\u0131n Villach \u015fehrine ula\u015f\u0131yor.<\/p>\n<p><img decoding=\"async\" alt=\"\" src=\"https:\/\/www.aa.com.tr\/uploads\/userFiles\/9c85db40-ef31-40fe-a989-05c7e506d5d0\/08_2023%2F14082023%2Ftren1_.jpg\"\/><\/p>\n<h3>&#8220;Her \u015fey m\u00fckemmel, istedi\u011fini bulabiliyorsun&#8221;<\/h3>\n<p>Almanya&#8217;n\u0131n M\u00fcnih kentine d\u00f6nen Cengiz G\u00fcne\u015f, AA muhabirine, tatilin g\u00fczel ge\u00e7ti\u011fini ancak d\u00f6n\u00fc\u015f yolculu\u011funun h\u00fcz\u00fcnl\u00fc oldu\u011funu s\u00f6yledi.<\/p>\n<p>D\u00f6n\u00fc\u015f yolunda treni tercih etti\u011fini belirten G\u00fcne\u015f, &#8220;Trenle yolculuk yapmak rahat ve konforlu. Trenin i\u00e7erisinde a\u00e7\u0131k restoran dahil her \u015fey var. Her \u015fey m\u00fckemmel, istedi\u011fini bulabiliyorsun. Yatarak yolculuk yap\u0131yorsunuz.&#8221; dedi.<\/p>\n<p><img decoding=\"async\" alt=\"\" src=\"https:\/\/www.aa.com.tr\/uploads\/userFiles\/9c85db40-ef31-40fe-a989-05c7e506d5d0\/08_2023%2F14082023%2Ftren2_.jpg\"\/><\/p>\n<p>Memleketi Kayseri&#8217;den Almanya&#8217;ya d\u00f6nen Orhan U\u011fur da tatilde s\u0131lay\u0131rahim yapt\u0131\u011f\u0131n\u0131 ve t\u00fcm T\u00fcrkiye&#8217;yi dola\u015ft\u0131\u011f\u0131n\u0131 dile getirdi.<\/p>\n<p>T\u00fcrkiye&#8217;ye gelirken karayolunu tercih etti\u011fini anlatan U\u011fur, \u015funlar\u0131 kaydetti:<\/p>\n<p>&#8220;D\u00f6n\u00fc\u015fte de ilk kez treni denemek, trenle yolculu\u011fu \u00f6\u011frenmek istedik. T\u00fcrkiye&#8217;de \u00e7ok gezdik d\u00f6n\u00fc\u015fte rahat yolculuk yapmak i\u00e7in treni tercih ettik. Tabi d\u00f6n\u00fc\u015f yolculu\u011fu nas\u0131l olursa olsun h\u00fcz\u00fcnl\u00fc. &#8216;Bal\u0131k sudan \u00e7\u0131kmay\u0131nca suyun k\u0131ymetini bilmezmi\u015f&#8217; derler. Tabi memleket hasreti bizim i\u00e7imizde yanan bir ate\u015f. A\u011fac\u0131n dallar\u0131 meyvesi orada olabilir ama k\u00f6k\u00fcm\u00fcz memlekette. Memleketin tozu topra\u011f\u0131 da olsa insana ho\u015f gelir. Vatan\u0131na milletine ba\u011fl\u0131 insanlar\u0131z. K\u00f6y\u00fcm\u00fcze gelip oran\u0131n tozunu bile \u00e7ekmek bizim i\u00e7in \u00f6nemli bir duygu.&#8221;<\/p>\n<p><img decoding=\"async\" alt=\"\" src=\"https:\/\/www.aa.com.tr\/uploads\/userFiles\/9c85db40-ef31-40fe-a989-05c7e506d5d0\/08_2023%2F14082023%2Ftren3_.jpg\"\/><\/p>\n<h3>&#8220;Bu yolculu\u011fun en g\u00fczel avantaj\u0131 rahat ediyorsun&#8221;<\/h3>\n<p>Avusturya&#8217;n\u0131n Salzburg \u015fehrine d\u00f6nen Cevdet Teke, gelirken karayolunu kulland\u0131\u011f\u0131n\u0131 ancak d\u00f6n\u00fc\u015fte Bulgaristan ve S\u0131rbistan s\u0131n\u0131r kap\u0131lar\u0131nda olu\u015fan yo\u011funlukta arac\u0131yla beklememek i\u00e7in treni tercih etti\u011fini anlatt\u0131.<\/p>\n<p>Almanya&#8217;ya d\u00f6nen Hasan Sancaktar ise Macaristan, Bulgaristan ve S\u0131rbistan s\u0131n\u0131r kap\u0131lar\u0131nda olu\u015fan ara\u00e7 yo\u011funlu\u011funda beklememek i\u00e7in arabal\u0131 trenle yolculuk yapt\u0131\u011f\u0131n\u0131 s\u00f6yledi.<\/p>\n<p>Trenle yolculu\u011fun avantajl\u0131 oldu\u011funu anlatan Sancaktar, &#8220;Bu yolculu\u011fun en g\u00fczel avantaj\u0131 rahat ediyorsun. Oturuyorsun, kalk\u0131yorsun, yat\u0131yorsun, yeme\u011fini yiyorsun, suyunu i\u00e7iyorsun, rahat\u00e7a ihtiya\u00e7lar\u0131n\u0131 kar\u015f\u0131layabiliyorsun. Herkese arabal\u0131 treni tavsiye ediyorum.&#8221; diye konu\u015ftu.<\/p>\n<p><img decoding=\"async\" alt=\"\" src=\"https:\/\/www.aa.com.tr\/uploads\/userFiles\/9c85db40-ef31-40fe-a989-05c7e506d5d0\/08_2023%2F14082023%2Ftren4_.jpg\"\/><\/p>\n<p>                            <span class=\"detay-foto-editor\">&#13;<br \/>\n                                <a href=\"https:\/\/www.aa.com.tr\/tr\/p\/abonelik-talep-formu\/1001\" target=\"_blank\" style=\"font-size:12px; color:#444; text-decoration:none;\" rel=\"noopener\">&#13;<br \/>\n                                    Anadolu Ajans\u0131 web sitesinde, AA Haber Ak\u0131\u015f Sistemi (HAS) \u00fczerinden abonelere sunulan haberler, \u00f6zetlenerek yay\u0131mlanmaktad\u0131r. <b style=\"color:#1897F7\">Abonelik i\u00e7in l\u00fctfen ileti\u015fime ge\u00e7iniz.<\/b>&#13;<br \/>\n                                <\/a>&#13;<br \/>\n                            <\/span>\n                        <\/div>\n<p><script>\n\t  window.fbAsyncInit = function() {\n\t\tFB.init({\n\t\t  appId: '1855843514662870',\n\t\t  status : true, \/\/ check login status\n\t\t  cookie : true, \/\/ enable cookies to allow the server to access the session\n\t\t  xfbml  : true  \/\/ parse XFBML\n\t\t});\n\t  };<\/p>\n<p>\t  (function() {\n\t\tvar e = document.createElement('script');\n\t\te.src=\"https:\/\/connect.facebook.net\/tr_TR\/all.js\";\n\t\te.async = true;\n\t\tdocument.getElementById('fb-root').appendChild(e);\n\t  }());\n    <\/script><\/p>\n","protected":false},"excerpt":{"rendered":"<p>Memleketlerinde tatillerini ge\u00e7iren gurbet\u00e7ilerin bir k\u0131sm\u0131, ya\u015fad\u0131klar\u0131 \u00fclkelere &#8220;arabal\u0131 tren&#8221; ile d\u00f6n\u00fcyor. Ara\u00e7lar\u0131n\u0131 Edirne Gar\u0131&#8217;nda vagona y\u00fckleyip kompart\u0131manlara ge\u00e7en gurbet\u00e7iler, d\u00f6n\u00fc\u015f yolculu\u011funun keyfini \u00e7\u0131kart\u0131yor. Edirne&#8217;den hareket eden &#8220;Optima Ekspres&#8221; Bulgaristan, S\u0131rbistan, H\u0131rvatistan, Slovenya g\u00fczergah\u0131ndan yakla\u015f\u0131k 35 saatte son dura\u011f\u0131 Avusturya&#8217;n\u0131n Villach \u015fehrine ula\u015f\u0131yor. &#8220;Her \u015fey m\u00fckemmel, istedi\u011fini bulabiliyorsun&#8221; Almanya&#8217;n\u0131n M\u00fcnih kentine d\u00f6nen Cengiz G\u00fcne\u015f, AA [&hellip;]<\/p>\n","protected":false},"author":1,"featured_media":11939,"comment_status":"","ping_status":"","sticky":false,"template":"","format":"standard","meta":[],"categories":[50],"tags":[],"_links":{"self":[{"href":"https:\/\/kraios.app\/news\/wp-json\/wp\/v2\/posts\/11938"}],"collection":[{"href":"https:\/\/kraios.app\/news\/wp-json\/wp\/v2\/posts"}],"about":[{"href":"https:\/\/kraios.app\/news\/wp-json\/wp\/v2\/types\/post"}],"author":[{"embeddable":true,"href":"https:\/\/kraios.app\/news\/wp-json\/wp\/v2\/users\/1"}],"replies":[{"embeddable":true,"href":"https:\/\/kraios.app\/news\/wp-json\/wp\/v2\/comments?post=11938"}],"version-history":[{"count":0,"href":"https:\/\/kraios.app\/news\/wp-json\/wp\/v2\/posts\/11938\/revisions"}],"wp:featuredmedia":[{"embeddable":true,"href":"https:\/\/kraios.app\/news\/wp-json\/wp\/v2\/media\/11939"}],"wp:attachment":[{"href":"https:\/\/kraios.app\/news\/wp-json\/wp\/v2\/media?parent=11938"}],"wp:term":[{"taxonomy":"category","embeddable":true,"href":"https:\/\/kraios.app\/news\/wp-json\/wp\/v2\/categories?post=11938"},{"taxonomy":"post_tag","embeddable":true,"href":"https:\/\/kraios.app\/news\/wp-json\/wp\/v2\/tags?post=11938"}],"curies":[{"name":"wp","href":"https:\/\/api.w.org\/{rel}","templated":true}]}}