{"id":11922,"date":"2023-08-14T22:12:00","date_gmt":"2023-08-14T22:12:00","guid":{"rendered":"https:\/\/kraios.app\/news\/yasam\/2023\/08\/14\/iztuzu-kumsalindaki-yavru-caretta-carettalarin-denize-ulasma-cabasi\/"},"modified":"2023-08-14T22:12:00","modified_gmt":"2023-08-14T22:12:00","slug":"iztuzu-kumsalindaki-yavru-caretta-carettalarin-denize-ulasma-cabasi","status":"publish","type":"post","link":"https:\/\/kraios.app\/news\/yasam\/2023\/08\/14\/iztuzu-kumsalindaki-yavru-caretta-carettalarin-denize-ulasma-cabasi\/","title":{"rendered":"\u0130ztuzu kumsal\u0131ndaki yavru caretta carettalar\u0131n denize ula\u015fma \u00e7abas\u0131"},"content":{"rendered":"<p><\/p>\n<div>\n<p>Ortaca il\u00e7esi Dalyan Mahallesi&#8217;nde bulunan d\u00fcnyada en iyi korunan plajlar aras\u0131nda g\u00f6sterilen ve caretta carettalar\u0131n \u00f6nemli \u00fcreme alanlar\u0131 aras\u0131nda yer alan \u0130ztuzu Plaj\u0131, g\u00fcnd\u00fcz turistlere gece de nesli t\u00fckenme tehlikesi alt\u0131ndaki caretta carettalara ev sahipli\u011fi yap\u0131yor.<\/p>\n<p>6 kilometrelik kumsala sahip \u0130ztuzu&#8217;na gelen yerli ve yabanc\u0131 ziyaret\u00e7iler plaj\u0131 08.00-20.00 saatleri aras\u0131nda kullanabiliyor. Saat 20.00&#8217;den sonra kumsal, g\u00f6revlilerin misafirleri bo\u015faltmas\u0131yla caretta carettalar\u0131n kullan\u0131m\u0131na b\u0131rak\u0131l\u0131yor.<\/p>\n<p>\u00c7evre \u015eehircilik ve \u0130klim De\u011fi\u015fikli\u011fi Bakanl\u0131\u011f\u0131 Tabiat Varl\u0131klar\u0131n\u0131 Koruma Genel M\u00fcd\u00fcrl\u00fc\u011f\u00fc taraf\u0131ndan y\u00fcr\u00fct\u00fclen proje kapsam\u0131nda, Deniz Kaplumba\u011falar\u0131 Rehabilitasyon ve Bak\u0131m Merkezi (DEKAMER) g\u00f6revlileri, kumsalda kulu\u00e7ka d\u00f6neminden yavrular\u0131n denizle bulu\u015ftu\u011fu ana kadar \u00e7al\u0131\u015fma y\u00fcr\u00fct\u00fcyor.<\/p>\n<p>Kulu\u00e7ka d\u00f6nemlerini tamamlayarak kabuklar\u0131ndan kurtulan yavrular, kumu kazarak y\u00fczeye \u00e7\u0131k\u0131yor. Denize 5 ila 50 metre uzakl\u0131ktaki yuvalar\u0131ndan ayr\u0131lan yavrular, tilki, yenge\u00e7 ve y\u0131rt\u0131c\u0131 ku\u015flara yem olma riskine ra\u011fmen ya\u015fam alanlar\u0131 suya do\u011fru yola \u00e7\u0131k\u0131yor.<\/p>\n<p>Kulu\u00e7ka d\u00f6nemini tamamlayan yavru caretta carettalar, denize do\u011fru yola \u00e7\u0131karken, ba\u015far\u0131l\u0131 olamayan yavrulara ise DEKAMER&#8217;de g\u00f6rev yapan \u00f6\u011frenciler yard\u0131mc\u0131 oluyor.<\/p>\n<p>\u0130ztuzu Plaj\u0131&#8217;nda kabuktan \u00e7\u0131kan yavru carettalar\u0131n geceden sabaha kadar s\u00fcren denizle bulu\u015fma ser\u00fcveni Anadolu Ajans\u0131 ekibi taraf\u0131ndan g\u00f6r\u00fcnt\u00fclendi.<\/p>\n<p><img decoding=\"async\" alt=\"\" src=\"https:\/\/www.aa.com.tr\/uploads\/userFiles\/7e80dc7f-a011-4033-a881-3a6b5b580d82\/20230814_2_59873747_91875364.jpg\"\/><\/p>\n<h3>&#8220;\u0130ztuzu Plaj\u0131nda carettalar bu y\u0131l 720&#8217;yi a\u015fk\u0131n yuva yapt\u0131&#8221;<\/h3>\n<p>DEKAMER M\u00fcd\u00fcr\u00fc ve Pamukkale \u00dcniversitesi Fen Fak\u00fcltesi Dekan\u0131 Prof. Dr. Yakup Kaska, AA muhabirine, \u0130ztuzu kumsal\u0131n\u0131n deniz kaplumba\u011falar\u0131n\u0131n en iyi \u00fcreme sahalar\u0131ndan oldu\u011funu s\u00f6yledi.<\/p>\n<p>\u0130ztuzu&#8217;nda yumurtalardan yavru \u00e7\u0131k\u0131\u015flar\u0131n\u0131n devam etti\u011fini belirten Kaska, &#8220;Carettalar do\u011fdu\u011fu kumsala iki hafta arayla yuva yap\u0131yor. May\u0131s ay\u0131nda ba\u015flayan yuvalama bug\u00fcnlere kadar devam etti. Kumsalda \u015fu ana kadar 720&#8217;yi a\u015fk\u0131n yuvam\u0131z oldu. Bu yuvalardan yavru \u00e7\u0131k\u0131\u015flar\u0131 da \u00e7ok h\u0131zl\u0131 bir \u015fekilde devam ediyor. Bir yuvadan ortalama 70 civar\u0131nda yavru denize gidiyor. Bu y\u0131l da 40 ila 50 bin civar\u0131nda yavrunun denize gitmesini bekliyoruz.&#8221; dedi.<\/p>\n<p>Denizle bulu\u015fan yavrular\u0131n 25-30 y\u0131l sonra anne olarak kumsala geri d\u00f6neceklerini hat\u0131rlatan Kaska, denizle bulu\u015fan bin yavrudan da sadece bir tanesinin anne olabildi\u011fini kaydetti.<\/p>\n<p>\u0130ztuzu kumsal\u0131nda koruma \u00e7al\u0131\u015fmalar\u0131n\u0131n b\u00fcy\u00fck \u00f6nem arz etti\u011fine vurgu yapan Kaska, &#8220;Buras\u0131 sadece T\u00fcrkiye i\u00e7in de\u011fil Akdeniz ve d\u00fcnya i\u00e7in de \u00e7ok \u00f6nemli. G\u00fcnd\u00fczleri insanlar\u0131n denize girebildi\u011fi, geceleri kaplumba\u011falar\u0131n yuvalar\u0131n\u0131 yapabildi\u011fi d\u00fcnyada \u00f6rnek g\u00f6sterilen, Avrupa&#8217;n\u0131n da en iyi a\u00e7\u0131k korunan alan\u0131.&#8221; diye konu\u015ftu.<\/p>\n<p>Merkezde d\u00fcnyan\u0131n hemen hemen her yerinden g\u00f6n\u00fcll\u00fclerin g\u00f6rev ald\u0131\u011f\u0131na vurgu yapan Kaska, kumsalda yap\u0131lan yuvalar\u0131n kafeslenmesi, kay\u0131tlar\u0131n\u0131n tutulmas\u0131, yavru \u00e7\u0131k\u0131\u015flar\u0131n\u0131n takibi ve kay\u0131tlar\u0131n\u0131n tutulmas\u0131nda g\u00f6n\u00fcll\u00fclerin g\u00f6rev ald\u0131\u011f\u0131n\u0131 dile getirdi.<\/p>\n<p>Kaska, merkezde 150 civar\u0131nda g\u00f6n\u00fcll\u00fc bulundu\u011funu ve bunun 30&#8217;unun d\u00fcnyan\u0131n bir \u00e7ok \u00fclkesinden gelerek \u00e7al\u0131\u015fmalara katk\u0131 sundu\u011funu ifade etti.<\/p>\n<p>Mu\u011fla \u00c7evre \u015eehircilik ve \u0130klim De\u011fi\u015fikli\u011fi M\u00fcd\u00fcr\u00fc \u00d6mer Bolat da m\u00fcd\u00fcrl\u00fck \u00e7al\u0131\u015fanlar\u0131 ve aileleri ile kumsala gelerek gece boyunca y\u00fcr\u00fct\u00fclen \u00e7al\u0131\u015fmalara kat\u0131ld\u0131.<\/p>\n<p>                            <span class=\"detay-foto-editor\">&#13;<br \/>\n                                <a href=\"https:\/\/www.aa.com.tr\/tr\/p\/abonelik-talep-formu\/1001\" target=\"_blank\" style=\"font-size:12px; color:#444; text-decoration:none;\" rel=\"noopener\">&#13;<br \/>\n                                    Anadolu Ajans\u0131 web sitesinde, AA Haber Ak\u0131\u015f Sistemi (HAS) \u00fczerinden abonelere sunulan haberler, \u00f6zetlenerek yay\u0131mlanmaktad\u0131r. <b style=\"color:#1897F7\">Abonelik i\u00e7in l\u00fctfen ileti\u015fime ge\u00e7iniz.<\/b>&#13;<br \/>\n                                <\/a>&#13;<br \/>\n                            <\/span>\n                        <\/div>\n<p><script>\n\t  window.fbAsyncInit = function() {\n\t\tFB.init({\n\t\t  appId: '1855843514662870',\n\t\t  status : true, \/\/ check login status\n\t\t  cookie : true, \/\/ enable cookies to allow the server to access the session\n\t\t  xfbml  : true  \/\/ parse XFBML\n\t\t});\n\t  };<\/p>\n<p>\t  (function() {\n\t\tvar e = document.createElement('script');\n\t\te.src=\"https:\/\/connect.facebook.net\/tr_TR\/all.js\";\n\t\te.async = true;\n\t\tdocument.getElementById('fb-root').appendChild(e);\n\t  }());\n    <\/script><\/p>\n","protected":false},"excerpt":{"rendered":"<p>Ortaca il\u00e7esi Dalyan Mahallesi&#8217;nde bulunan d\u00fcnyada en iyi korunan plajlar aras\u0131nda g\u00f6sterilen ve caretta carettalar\u0131n \u00f6nemli \u00fcreme alanlar\u0131 aras\u0131nda yer alan \u0130ztuzu Plaj\u0131, g\u00fcnd\u00fcz turistlere gece de nesli t\u00fckenme tehlikesi alt\u0131ndaki caretta carettalara ev sahipli\u011fi yap\u0131yor. 6 kilometrelik kumsala sahip \u0130ztuzu&#8217;na gelen yerli ve yabanc\u0131 ziyaret\u00e7iler plaj\u0131 08.00-20.00 saatleri aras\u0131nda kullanabiliyor. Saat 20.00&#8217;den sonra kumsal, [&hellip;]<\/p>\n","protected":false},"author":1,"featured_media":11923,"comment_status":"","ping_status":"","sticky":false,"template":"","format":"standard","meta":[],"categories":[50],"tags":[],"_links":{"self":[{"href":"https:\/\/kraios.app\/news\/wp-json\/wp\/v2\/posts\/11922"}],"collection":[{"href":"https:\/\/kraios.app\/news\/wp-json\/wp\/v2\/posts"}],"about":[{"href":"https:\/\/kraios.app\/news\/wp-json\/wp\/v2\/types\/post"}],"author":[{"embeddable":true,"href":"https:\/\/kraios.app\/news\/wp-json\/wp\/v2\/users\/1"}],"replies":[{"embeddable":true,"href":"https:\/\/kraios.app\/news\/wp-json\/wp\/v2\/comments?post=11922"}],"version-history":[{"count":0,"href":"https:\/\/kraios.app\/news\/wp-json\/wp\/v2\/posts\/11922\/revisions"}],"wp:featuredmedia":[{"embeddable":true,"href":"https:\/\/kraios.app\/news\/wp-json\/wp\/v2\/media\/11923"}],"wp:attachment":[{"href":"https:\/\/kraios.app\/news\/wp-json\/wp\/v2\/media?parent=11922"}],"wp:term":[{"taxonomy":"category","embeddable":true,"href":"https:\/\/kraios.app\/news\/wp-json\/wp\/v2\/categories?post=11922"},{"taxonomy":"post_tag","embeddable":true,"href":"https:\/\/kraios.app\/news\/wp-json\/wp\/v2\/tags?post=11922"}],"curies":[{"name":"wp","href":"https:\/\/api.w.org\/{rel}","templated":true}]}}