{"id":11916,"date":"2023-08-14T22:09:05","date_gmt":"2023-08-14T22:09:05","guid":{"rendered":"https:\/\/kraios.app\/news\/ekonomi\/2023\/08\/14\/otomotiv-sanayii-dernegi-ocak-temmuz-donemi-verilerini-acikladi\/"},"modified":"2023-08-14T22:09:05","modified_gmt":"2023-08-14T22:09:05","slug":"otomotiv-sanayii-dernegi-ocak-temmuz-donemi-verilerini-acikladi","status":"publish","type":"post","link":"https:\/\/kraios.app\/news\/ekonomi\/2023\/08\/14\/otomotiv-sanayii-dernegi-ocak-temmuz-donemi-verilerini-acikladi\/","title":{"rendered":"Otomotiv Sanayii Derne\u011fi, ocak-temmuz d\u00f6nemi verilerini a\u00e7\u0131klad\u0131"},"content":{"rendered":"<p> <br \/>\n<\/p>\n<div>\n<p>\u00a0Ocak-temmuz d\u00f6neminde toplam otomotiv \u00fcretimi bir \u00f6nceki y\u0131l\u0131n ayn\u0131 d\u00f6nemine g\u00f6re y\u00fczde 18 artarak 870 bin 600, otomobil \u00fcretimi ise y\u00fczde 27 artarak 550 bin 615 adede ula\u015ft\u0131.<\/p>\n<p>T\u00fcrkiye otomotiv sanayisine y\u00f6n veren 13 \u00fcyesiyle sekt\u00f6r\u00fcn \u00e7at\u0131 kurulu\u015fu konumunda olan Otomotiv Sanayii Derne\u011fi (OSD), 2023 y\u0131l\u0131n\u0131n ocak-temmuz d\u00f6nemine ait \u00fcretim ve ihracat adetleri ile pazar verilerini a\u00e7\u0131klad\u0131.<\/p>\n<p>Buna g\u00f6re, y\u0131l\u0131n ilk 7 ayl\u0131k d\u00f6neminde toplam otomotiv \u00fcretimi bir \u00f6nceki y\u0131l\u0131n ayn\u0131 d\u00f6nemine g\u00f6re y\u00fczde 18 artarak 870 bin 600 adede ula\u015ft\u0131. Otomobil \u00fcretimi ise y\u00fczde 27 artarak 550 bin 615 adet olarak ger\u00e7ekle\u015fti. Trakt\u00f6r \u00fcretimiyle birlikte toplam \u00fcretim ise 905 bin 666 adedi buldu.<\/p>\n<p>Y\u0131l\u0131n ilk 7 ayl\u0131k d\u00f6neminde ticari ara\u00e7 \u00fcretimi ise bir \u00f6nceki y\u0131l\u0131n ayn\u0131 d\u00f6nemine g\u00f6re y\u00fczde 4 art\u0131\u015f g\u00f6sterdi. Bu d\u00f6nemde, a\u011f\u0131r ticari ara\u00e7 grubunda \u00fcretim y\u00fczde 28, hafif ticari ara\u00e7 grubunda \u00fcretim y\u00fczde 2 artt\u0131. Bu d\u00f6nemde, otomotiv sanayisinin kapasite kullan\u0131m oran\u0131 y\u00fczde 75 olarak ger\u00e7ekle\u015fti. Ara\u00e7 grubu baz\u0131nda kapasite kullan\u0131m oranlar\u0131 ise hafif ara\u00e7larda y\u00fczde 75, kamyon grubunda y\u00fczde 91, otob\u00fcs-midib\u00fcs grubunda y\u00fczde 49 ve trakt\u00f6rde y\u00fczde 79 seviyesinde ger\u00e7ekle\u015fti.<\/p>\n<h3>\u0130hracat y\u00fczde 17 artarak 20,5 milyar dolara ula\u015ft\u0131<\/h3>\n<p>Ocak-temmuz d\u00f6neminde otomotiv ihracat\u0131 ge\u00e7en y\u0131l\u0131n ayn\u0131 d\u00f6nemine g\u00f6re adet baz\u0131nda y\u00fczde 11 artarak 586 bin 795 adet olarak ger\u00e7ekle\u015fti. Bu d\u00f6nemde otomobil ihracat\u0131 bir \u00f6nceki y\u0131l\u0131n ayn\u0131 d\u00f6nemine g\u00f6re y\u00fczde 26 artarken, ticari ara\u00e7 ihracat\u0131 ise y\u00fczde 8 oran\u0131nda azald\u0131. Trakt\u00f6r ihracat\u0131 ise 2022 y\u0131l\u0131n\u0131n ayn\u0131 d\u00f6nemine g\u00f6re y\u00fczde 17 artarak 11 bin 872 adet olarak ger\u00e7ekle\u015fti.<\/p>\n<p>T\u00fcrkiye \u0130hracat\u00e7\u0131lar Meclisi (T\u0130M) verilerine g\u00f6re, toplam otomotiv sanayi ihracat\u0131, 2023\u2019\u00fcn ilk yedi ayl\u0131k d\u00f6neminde y\u00fczde 16 ile sekt\u00f6rel ihracat s\u0131ralamas\u0131nda zirvedeki yerini korudu. Uluda\u011f Otomotiv End\u00fcstrisi \u0130hracat\u00e7\u0131lar\u0131 Birlikleri (O\u0130B) verilerine g\u00f6re, ilk 7 ayl\u0131k d\u00f6nemde toplam otomotiv ihracat\u0131, 2022 y\u0131l\u0131n\u0131n ayn\u0131 d\u00f6nemine g\u00f6re y\u00fczde 17 artarak 20,5 milyar dolar oldu. S\u00f6z konusu d\u00f6nemde otomotiv ihracat\u0131, avro baz\u0131nda da y\u00fczde 17 artarak 18,9 milyar avro olarak ger\u00e7ekle\u015fti. Bu d\u00f6nemde, dolar baz\u0131nda ana sanayi ihracat\u0131 y\u00fczde 20, tedarik sanayi ihracat\u0131 da y\u00fczde 12 artt\u0131.<\/p>\n<p>2023\u2019\u00fcn ilk 7 ay\u0131nda toplam pazar, bir \u00f6nceki y\u0131l\u0131n ayn\u0131 d\u00f6nemine g\u00f6re y\u00fczde 62 artarak 697 bin 726 adet d\u00fczeyinde ger\u00e7ekle\u015fti. Bu d\u00f6nemde, otomobil pazar\u0131 da y\u00fczde 62 art\u0131\u015f sa\u011flad\u0131 ve 516 bin 288 adet oldu. Ticari ara\u00e7 pazar\u0131na bak\u0131ld\u0131\u011f\u0131nda ise y\u0131l\u0131n ilk yedi ay\u0131nda, bir \u00f6nceki y\u0131l\u0131n ayn\u0131 d\u00f6nemine k\u0131yasla toplam ticari ara\u00e7 pazar\u0131nda y\u00fczde 62, a\u011f\u0131r ticari ara\u00e7 pazar\u0131nda y\u00fczde 38, hafif ticari ara\u00e7 pazar\u0131nda ise y\u00fczde 68 b\u00fcy\u00fcme sa\u011fland\u0131.<\/p>\n<p>2023 y\u0131l\u0131 ocak-temmuz d\u00f6neminde, ge\u00e7en y\u0131l\u0131n ayn\u0131 d\u00f6nemine g\u00f6re otomobil sat\u0131\u015flar\u0131ndaki yerli ara\u00e7 pay\u0131 y\u00fczde 33, hafif ticari ara\u00e7 pazar\u0131nda yerli ara\u00e7 pay\u0131 ise y\u00fczde 52 olarak ger\u00e7ekle\u015fti.<\/p>\n<p>                            <span class=\"detay-foto-editor\">&#13;<br \/>\n                                <a href=\"https:\/\/www.aa.com.tr\/tr\/p\/abonelik-talep-formu\/1001\" target=\"_blank\" style=\"font-size:12px; color:#444; text-decoration:none;\" rel=\"noopener\">&#13;<br \/>\n                                    Anadolu Ajans\u0131 web sitesinde, AA Haber Ak\u0131\u015f Sistemi (HAS) \u00fczerinden abonelere sunulan haberler, \u00f6zetlenerek yay\u0131mlanmaktad\u0131r. <b style=\"color:#1897F7\">Abonelik i\u00e7in l\u00fctfen ileti\u015fime ge\u00e7iniz.<\/b>&#13;<br \/>\n                                <\/a>&#13;<br \/>\n                            <\/span>\n                        <\/div>\n<p><script>\n\t  window.fbAsyncInit = function() {\n\t\tFB.init({\n\t\t  appId: '1855843514662870',\n\t\t  status : true, \/\/ check login status\n\t\t  cookie : true, \/\/ enable cookies to allow the server to access the session\n\t\t  xfbml  : true  \/\/ parse XFBML\n\t\t});\n\t  };<\/p>\n<p>\t  (function() {\n\t\tvar e = document.createElement('script');\n\t\te.src=\"https:\/\/connect.facebook.net\/tr_TR\/all.js\";\n\t\te.async = true;\n\t\tdocument.getElementById('fb-root').appendChild(e);\n\t  }());\n    <\/script><br \/>\n<br \/><br \/>\n<br \/><a href=\"https:\/\/www.aa.com.tr\/tr\/ekonomi\/otomotiv-sanayii-dernegi-ocak-temmuz-donemi-verilerini-acikladi\/2967511\">Source link <\/a><\/p>\n","protected":false},"excerpt":{"rendered":"<p>\u00a0Ocak-temmuz d\u00f6neminde toplam otomotiv \u00fcretimi bir \u00f6nceki y\u0131l\u0131n ayn\u0131 d\u00f6nemine g\u00f6re y\u00fczde 18 artarak 870 bin 600, otomobil \u00fcretimi ise y\u00fczde 27 artarak 550 bin 615 adede ula\u015ft\u0131. T\u00fcrkiye otomotiv sanayisine y\u00f6n veren 13 \u00fcyesiyle sekt\u00f6r\u00fcn \u00e7at\u0131 kurulu\u015fu konumunda olan Otomotiv Sanayii Derne\u011fi (OSD), 2023 y\u0131l\u0131n\u0131n ocak-temmuz d\u00f6nemine ait \u00fcretim ve ihracat adetleri ile pazar [&hellip;]<\/p>\n","protected":false},"author":1,"featured_media":11917,"comment_status":"","ping_status":"","sticky":false,"template":"","format":"standard","meta":[],"categories":[44],"tags":[],"_links":{"self":[{"href":"https:\/\/kraios.app\/news\/wp-json\/wp\/v2\/posts\/11916"}],"collection":[{"href":"https:\/\/kraios.app\/news\/wp-json\/wp\/v2\/posts"}],"about":[{"href":"https:\/\/kraios.app\/news\/wp-json\/wp\/v2\/types\/post"}],"author":[{"embeddable":true,"href":"https:\/\/kraios.app\/news\/wp-json\/wp\/v2\/users\/1"}],"replies":[{"embeddable":true,"href":"https:\/\/kraios.app\/news\/wp-json\/wp\/v2\/comments?post=11916"}],"version-history":[{"count":0,"href":"https:\/\/kraios.app\/news\/wp-json\/wp\/v2\/posts\/11916\/revisions"}],"wp:featuredmedia":[{"embeddable":true,"href":"https:\/\/kraios.app\/news\/wp-json\/wp\/v2\/media\/11917"}],"wp:attachment":[{"href":"https:\/\/kraios.app\/news\/wp-json\/wp\/v2\/media?parent=11916"}],"wp:term":[{"taxonomy":"category","embeddable":true,"href":"https:\/\/kraios.app\/news\/wp-json\/wp\/v2\/categories?post=11916"},{"taxonomy":"post_tag","embeddable":true,"href":"https:\/\/kraios.app\/news\/wp-json\/wp\/v2\/tags?post=11916"}],"curies":[{"name":"wp","href":"https:\/\/api.w.org\/{rel}","templated":true}]}}