{"id":11913,"date":"2023-08-14T22:06:00","date_gmt":"2023-08-14T22:06:00","guid":{"rendered":"https:\/\/kraios.app\/news\/yasam\/2023\/08\/14\/lubnanli-turkmen-sporcu-beyrutta-kazandigi-muaythai-turnuvasini-turk-bayragi-acarak-kutladi\/"},"modified":"2023-08-14T22:06:00","modified_gmt":"2023-08-14T22:06:00","slug":"lubnanli-turkmen-sporcu-beyrutta-kazandigi-muaythai-turnuvasini-turk-bayragi-acarak-kutladi","status":"publish","type":"post","link":"https:\/\/kraios.app\/news\/yasam\/2023\/08\/14\/lubnanli-turkmen-sporcu-beyrutta-kazandigi-muaythai-turnuvasini-turk-bayragi-acarak-kutladi\/","title":{"rendered":"L\u00fcbnanl\u0131 T\u00fcrkmen sporcu Beyrut\u2019ta kazand\u0131\u011f\u0131 muaythai turnuvas\u0131n\u0131 T\u00fcrk bayra\u011f\u0131 a\u00e7arak kutlad\u0131"},"content":{"rendered":"<p><\/p>\n<div>\n<p>Baz\u0131 L\u00fcbnan televizyonlar\u0131nda canl\u0131 olarak yay\u0131nlanan turnuvada \u015fampiyon ilan edilmesinin ard\u0131ndan yan\u0131nda getirdi\u011fi T\u00fcrk bayra\u011f\u0131n\u0131 a\u00e7an Abdullah, daha sonra s\u0131rt\u0131ndaki ay y\u0131ld\u0131zl\u0131 bayrakla \u015f\u00fck\u00fcr secdesine kapand\u0131.<\/p>\n<p>Kameralar\u0131n kendisine odakland\u0131\u011f\u0131 esnada T\u00fcrk bayra\u011f\u0131n\u0131 havaya kald\u0131ran sporcu, etraf\u0131ndakilere sar\u0131larak sevin\u00e7 g\u00f6sterisinde bulundu.<\/p>\n<p>L\u00fcbnan&#8217;da 11 A\u011fustos&#8217;ta d\u00fczenlenen Arap Muharebe Sporlar\u0131 Gen\u00e7lik D\u00f6v\u00fc\u015f\u00fc Turnuvas\u0131&#8217;n\u0131 kazanan Abdullah, \u00fclkenin kuzeyindeki Akkar vilayetine ba\u011fl\u0131 olan Kava\u015fra T\u00fcrkmen k\u00f6y\u00fcnden.<\/p>\n<p>\u00c7o\u011funlu\u011fu hala T\u00fcrk\u00e7e konu\u015fan Kava\u015fra k\u00f6y\u00fcn\u00fcn eski ismi ise G\u00f6\u00e7erli olarak biliniyor.<\/p>\n<blockquote class=\"twitter-tweet\">\n<p dir=\"ltr\" lang=\"tr\">\u2022 Hedefi T\u00fcrkiye&#8217;deki kul\u00fcplere gidebilmek<br \/>\u2022 Anne ve babas\u0131ndan T\u00fcrk\u00e7e \u00f6\u011freniyor<\/p>\n<p>L\u00fcbnan&#8217;daki T\u00fcrkmenlerden 18 ya\u015f\u0131ndaki Velid Abdullah, ba\u015fkent Beyrut&#8217;ta kazand\u0131\u011f\u0131 muaythai turnuvas\u0131n\u0131n sevincini T\u00fcrk bayra\u011f\u0131 a\u00e7arak ya\u015fad\u0131 <a href=\"https:\/\/t.co\/Tsjj4sXikB\">https:\/\/t.co\/Tsjj4sXikB<\/a> <a href=\"https:\/\/t.co\/vDIg7uJ6Dn\">pic.twitter.com\/vDIg7uJ6Dn<\/a><\/p>\n<p>\u2014 Anadolu Ajans\u0131 (@anadoluajansi) <a href=\"https:\/\/twitter.com\/anadoluajansi\/status\/1691117483392933888?ref_src=twsrc%5Etfw\">August 14, 2023<\/a><\/p><\/blockquote>\n<h3>Hedefi T\u00fcrkiye&#8217;deki kul\u00fcplere gidebilmek<\/h3>\n<p>G\u00f6\u00e7erli&#8217;de anne-babas\u0131, dedesi ve \u00fc\u00e7 karde\u015fiyle ya\u015fad\u0131\u011f\u0131 evin bah\u00e7esinde AA muhabirine konu\u015fan T\u00fcrkmen sporcu Abdullah, &#8220;Asl\u0131m\u0131z T\u00fcrk oldu\u011fu i\u00e7in T\u00fcrk bayra\u011f\u0131 a\u00e7t\u0131m. \u00c7ok \u015f\u00fck\u00fcr turnuvada birinci oldum. T\u00fcrkiye&#8217;deki turnuvalarda da yar\u0131\u015fmak istiyorum.&#8221; dedi.<\/p>\n<p>Ba\u015far\u0131s\u0131yla hocas\u0131n\u0131n ve ailesinin y\u00fcz\u00fcn\u00fc g\u00fcld\u00fcrd\u00fc\u011f\u00fc i\u00e7in \u00e7ok mutlu oldu\u011funu dile getiren Abdullah, turnuvadan bir ay \u00f6nce yo\u011fun bir \u00e7al\u0131\u015fma temposuna girdi\u011fini belirtti.<\/p>\n<p>D\u00fczenli olarak her g\u00fcn ko\u015ftu\u011funu, antren\u00f6r\u00fcyle boks ve farkl\u0131 teknikler \u00fczerine antrenmanlar yapt\u0131\u011f\u0131n\u0131 aktaran T\u00fcrkmen gen\u00e7, muaythai sporuna 6 y\u0131l \u00f6nce ba\u015flad\u0131\u011f\u0131n\u0131 kaydetti.<\/p>\n<p>Hocas\u0131ndan muaythai boksu ve savunma teknikleri hakk\u0131nda \u00e7ok \u015fey \u00f6\u011frendi\u011fini aktaran Abdullah, \u00e7al\u0131\u015fmalar\u0131n\u0131n neticesi olarak L\u00fcbnan&#8217;daki farkl\u0131 turnuvalarda \u00fcst \u00fcste ba\u015far\u0131lar elde etti\u011fini s\u00f6yledi.<\/p>\n<p>Abdullah, &#8220;Hedefim, T\u00fcrkiye&#8217;deki kul\u00fcplere gidebilmek ve sporumu orada icra etmek.&#8221; ifadelerini kulland\u0131.<\/p>\n<p><img decoding=\"async\" alt=\"\" src=\"https:\/\/admin.aa.com.tr\/uploads\/userFiles\/a54ea27f-6036-4f79-88c6-6bc9ba19a35d\/08_Nisan%2F06%20temmuz%2F09%2FAA-31913964.jpg\"\/><\/p>\n<h3>Anne ve babas\u0131ndan T\u00fcrk\u00e7e \u00f6\u011freniyor<\/h3>\n<p>Ailesinden biraz T\u00fcrk\u00e7e konu\u015fmay\u0131 \u00f6\u011frendi\u011fini ifade eden T\u00fcrkmen gen\u00e7, &#8220;Annem ve babam T\u00fcrk\u00e7e konu\u015fuyor. Ben de onlardan yava\u015f yava\u015f \u00f6\u011freniyorum.&#8221; diye konu\u015ftu.<\/p>\n<p>Gen\u00e7 sporcunun annesi Gazve de o\u011flunun ma\u00e7\u0131 kazanmas\u0131na ve ringde T\u00fcrk bayra\u011f\u0131 a\u00e7mas\u0131na \u00e7ok sevindi\u011fini ifade etti.<\/p>\n<p>Duygular\u0131n\u0131 kendi \u015fivesiyle T\u00fcrk\u00e7e olarak ifade eden anne Gazve, &#8220;\u00c7\u00fcnk\u00fc bizim de asl\u0131m\u0131z, atalar\u0131m\u0131z T\u00fcrk. Bizler de T\u00fcrk\u00fcz. \u0130n\u015fallah o\u011flumun bu alandaki ba\u015far\u0131lar\u0131n\u0131n devam\u0131n\u0131 T\u00fcrkiye&#8217;de de g\u00f6r\u00fcr\u00fcm.&#8221; dedi.<\/p>\n<p>T\u00fcrk\u00e7e konu\u015fmay\u0131 babas\u0131ndan \u00f6\u011frendi\u011fini aktaran Gazve, &#8220;O\u011flum \u00e7ok fazla T\u00fcrk\u00e7e bilmiyor. \u0130n\u015fallah \u00f6\u011frenecek.&#8221; ifadelerini kulland\u0131.<\/p>\n<p><img decoding=\"async\" alt=\"\" src=\"https:\/\/admin.aa.com.tr\/uploads\/userFiles\/a54ea27f-6036-4f79-88c6-6bc9ba19a35d\/08_Nisan%2F06%20temmuz%2F09%2FAA-31913965.jpg\"\/><\/p>\n<h3>&#8220;Sadece T\u00fcrk\u00e7e konu\u015fan o nesil art\u0131k yok&#8221;<\/h3>\n<p>Abdullah&#8217;\u0131n 82 ya\u015f\u0131ndaki dedesi Saad, atalar\u0131n\u0131n L\u00fcbnan&#8217;da ya\u015famalar\u0131na ra\u011fmen T\u00fcrk\u00e7e d\u0131\u015f\u0131nda bir dil bilmedi\u011fini s\u00f6yledi.<\/p>\n<p>Saad, zamanla dilde ya\u015fanan de\u011fi\u015fimi ise \u015f\u00f6yle anlatt\u0131:<\/p>\n<p>&#8220;Eskiden k\u00f6yde sadece T\u00fcrk\u00e7e konu\u015fulurdu. Zamanla Arap\u00e7a girmeye ba\u015flad\u0131. Babam\u0131n T\u00fcrk (Osmanl\u0131) kimli\u011fi oldu\u011funu hat\u0131rl\u0131yorum ancak kimli\u011fi muhafaza edemedik. \u00d6z\u00fcm\u00fcz T\u00fcrk ancak sadece T\u00fcrk\u00e7e konu\u015fan o eski nesil art\u0131k yok.&#8221;<\/p>\n<p><img decoding=\"async\" alt=\"\" src=\"https:\/\/www.aa.com.tr\/uploads\/userFiles\/a54ea27f-6036-4f79-88c6-6bc9ba19a35d\/08_Nisan%2F06%20temmuz%2F08%2FAA-31913962.jpg\"\/><\/p>\n<h3>G\u00f6\u00e7erli&#8217;de 12 T\u00fcrkmen muaythai \u00f6\u011frencisi var<\/h3>\n<p>Velid Abdullah&#8217;\u0131n antren\u00f6r\u00fc Aley Edip Salih, \u015fampiyon olan gen\u00e7 \u00f6\u011frencisi ile gurur duydu\u011funu dile getirdi.<\/p>\n<p>T\u00fcrkmen gen\u00e7 Velid&#8217;in en iyi \u00f6\u011frencilerinden biri oldu\u011funu belirten Salih, \u015funlar\u0131 kaydetti:<\/p>\n<p>&#8220;Velid g\u00fcnde \u00fc\u00e7 kez spora gelir ve ayn\u0131 zamanda ko\u015far. Hafta sonlar\u0131 da kendi evinde \u00e7al\u0131\u015f\u0131yor. Kava\u015fra k\u00f6y\u00fcnde 10-12 T\u00fcrkmen \u00f6\u011frencim var ve in\u015fallah en k\u0131sa zamanda iyi yerlere gelecekler.<\/p>\n<p>Ancak biliyorsunuz maddi s\u0131k\u0131nt\u0131lar var. \u00d6\u011frenciler turnuvalara kat\u0131labilmek ve ringe \u00e7\u0131kabilmek i\u00e7in her \u015feyi kendi cebinden \u00f6d\u00fcyor.&#8221; <\/p>\n<p>Gelecek y\u0131l Hatay&#8217;da bir turnuva d\u00fczenlenece\u011fini hat\u0131rlatan antran\u00f6r Salih, maddi s\u0131k\u0131nt\u0131lara ra\u011fmen Velid ile bu turnuvaya kat\u0131lmay\u0131 temenni etti\u011fini s\u00f6yledi.<\/p>\n<p><img decoding=\"async\" alt=\"\" src=\"https:\/\/admin.aa.com.tr\/uploads\/userFiles\/a54ea27f-6036-4f79-88c6-6bc9ba19a35d\/08_Nisan%2F06%20temmuz%2F09%2FAA-31913966.jpg\"\/><\/p>\n<h3>L\u00fcbnan&#8217;daki T\u00fcrk varl\u0131\u011f\u0131<\/h3>\n<p>L\u00fcbnan&#8217;daki T\u00fcrk varl\u0131\u011f\u0131n\u0131n \u00e7ok eskilere dayand\u0131\u011f\u0131 biliniyor. \u00c7o\u011funlu\u011fu \u00fclkenin kuzeyindeki Akkar ve Trablus \u015fehirleri civar\u0131ndaki k\u00f6ylerle, Beka Vadisi&#8217;ndeki beldelerde ya\u015fayan T\u00fcrkmenlerin say\u0131lar\u0131 bug\u00fcn on binleri buluyor.<\/p>\n<p>Bunlardan \u00fclkenin kuzeyindeki Kava\u015fra k\u00f6y\u00fc ile do\u011fusundaki Beka Vadisi&#8217;nde bulunan Duris, Hadidiyye, Nanaiyye, Addus ve \u015eehiymiyye gibi k\u00f6ylerde ya\u015fayanlar bug\u00fcn hala kendi leh\u00e7eleriyle T\u00fcrk\u00e7e konu\u015fmaya devam ediyor. Baz\u0131 T\u00fcrkmen k\u00f6yleri ise T\u00fcrk\u00e7eyi unutarak tamamen Arap\u00e7aya ge\u00e7mi\u015f.<\/p>\n<p>L\u00fcbnan T\u00fcrk a\u011f\u0131zlar\u0131 hakk\u0131nda saha \u00e7al\u0131\u015fmalar\u0131 yaparak bu konuda bir kitap ve \u00e7ok say\u0131da makale yay\u0131mlayan Alanya Alaaddin Keykubat \u00dcniversitesi \u00d6\u011fretim \u00dcyesi T\u00fcrkolog Prof. Dr. \u00d6zg\u00fcr Kas\u0131m Aydemir&#8217;in aktard\u0131\u011f\u0131na g\u00f6re L\u00fcbnan&#8217;da 8. y\u00fczy\u0131lda ba\u015flayan \u00f6nc\u00fc T\u00fcrk yerle\u015fimi Bekaa Vadisi\u2019ne yap\u0131ld\u0131.<\/p>\n<p>Bununla birlikte L\u00fcbnan&#8217;daki T\u00fcrklerin as\u0131l n\u00fcfus yo\u011funlu\u011funa Mo\u011fol istilas\u0131n\u0131n \u00f6n\u00fcnden \u00e7ekilerek Anadolu\u2019dan gelen T\u00fcrkmen kafileleri ile ula\u015ft\u0131\u011f\u0131n\u0131 belirten Aydemir, &#8220;L\u00fcbnan\u2019daki T\u00fcrk varl\u0131\u011f\u0131n\u0131n en ihtiyatl\u0131 ifadeyle Anadolu\u2019yla e\u015f zamanl\u0131 oldu\u011funu s\u00f6yleyebiliriz.&#8221; dedi.<\/p>\n<p>Mardin&#8217;den L\u00fcbnan&#8217;a g\u00f6\u00e7 eden on binlerce ki\u015fi ve Girit&#8217;ten gelen binlerce T\u00fcrk de bug\u00fcn L\u00fcbnan&#8217;da ya\u015fayan T\u00fcrk veya akraba topluluklar aras\u0131nda yer al\u0131yor.<\/p>\n<p>                            <span class=\"detay-foto-editor\">&#13;<br \/>\n                                <a href=\"https:\/\/www.aa.com.tr\/tr\/p\/abonelik-talep-formu\/1001\" target=\"_blank\" style=\"font-size:12px; color:#444; text-decoration:none;\" rel=\"noopener\">&#13;<br \/>\n                                    Anadolu Ajans\u0131 web sitesinde, AA Haber Ak\u0131\u015f Sistemi (HAS) \u00fczerinden abonelere sunulan haberler, \u00f6zetlenerek yay\u0131mlanmaktad\u0131r. <b style=\"color:#1897F7\">Abonelik i\u00e7in l\u00fctfen ileti\u015fime ge\u00e7iniz.<\/b>&#13;<br \/>\n                                <\/a>&#13;<br \/>\n                            <\/span>\n                        <\/div>\n<p><script async src=\"\/\/platform.twitter.com\/widgets.js\" charset=\"utf-8\"><\/script><script>\n\t  window.fbAsyncInit = function() {\n\t\tFB.init({\n\t\t  appId: '1855843514662870',\n\t\t  status : true, \/\/ check login status\n\t\t  cookie : true, \/\/ enable cookies to allow the server to access the session\n\t\t  xfbml  : true  \/\/ parse XFBML\n\t\t});\n\t  };<\/p>\n<p>\t  (function() {\n\t\tvar e = document.createElement('script');\n\t\te.src=\"https:\/\/connect.facebook.net\/tr_TR\/all.js\";\n\t\te.async = true;\n\t\tdocument.getElementById('fb-root').appendChild(e);\n\t  }());\n    <\/script><\/p>\n","protected":false},"excerpt":{"rendered":"<p>Baz\u0131 L\u00fcbnan televizyonlar\u0131nda canl\u0131 olarak yay\u0131nlanan turnuvada \u015fampiyon ilan edilmesinin ard\u0131ndan yan\u0131nda getirdi\u011fi T\u00fcrk bayra\u011f\u0131n\u0131 a\u00e7an Abdullah, daha sonra s\u0131rt\u0131ndaki ay y\u0131ld\u0131zl\u0131 bayrakla \u015f\u00fck\u00fcr secdesine kapand\u0131. Kameralar\u0131n kendisine odakland\u0131\u011f\u0131 esnada T\u00fcrk bayra\u011f\u0131n\u0131 havaya kald\u0131ran sporcu, etraf\u0131ndakilere sar\u0131larak sevin\u00e7 g\u00f6sterisinde bulundu. L\u00fcbnan&#8217;da 11 A\u011fustos&#8217;ta d\u00fczenlenen Arap Muharebe Sporlar\u0131 Gen\u00e7lik D\u00f6v\u00fc\u015f\u00fc Turnuvas\u0131&#8217;n\u0131 kazanan Abdullah, \u00fclkenin kuzeyindeki Akkar [&hellip;]<\/p>\n","protected":false},"author":1,"featured_media":11914,"comment_status":"","ping_status":"","sticky":false,"template":"","format":"standard","meta":[],"categories":[50],"tags":[],"_links":{"self":[{"href":"https:\/\/kraios.app\/news\/wp-json\/wp\/v2\/posts\/11913"}],"collection":[{"href":"https:\/\/kraios.app\/news\/wp-json\/wp\/v2\/posts"}],"about":[{"href":"https:\/\/kraios.app\/news\/wp-json\/wp\/v2\/types\/post"}],"author":[{"embeddable":true,"href":"https:\/\/kraios.app\/news\/wp-json\/wp\/v2\/users\/1"}],"replies":[{"embeddable":true,"href":"https:\/\/kraios.app\/news\/wp-json\/wp\/v2\/comments?post=11913"}],"version-history":[{"count":0,"href":"https:\/\/kraios.app\/news\/wp-json\/wp\/v2\/posts\/11913\/revisions"}],"wp:featuredmedia":[{"embeddable":true,"href":"https:\/\/kraios.app\/news\/wp-json\/wp\/v2\/media\/11914"}],"wp:attachment":[{"href":"https:\/\/kraios.app\/news\/wp-json\/wp\/v2\/media?parent=11913"}],"wp:term":[{"taxonomy":"category","embeddable":true,"href":"https:\/\/kraios.app\/news\/wp-json\/wp\/v2\/categories?post=11913"},{"taxonomy":"post_tag","embeddable":true,"href":"https:\/\/kraios.app\/news\/wp-json\/wp\/v2\/tags?post=11913"}],"curies":[{"name":"wp","href":"https:\/\/api.w.org\/{rel}","templated":true}]}}