{"id":11903,"date":"2023-08-14T19:20:05","date_gmt":"2023-08-14T19:20:05","guid":{"rendered":"https:\/\/kraios.app\/news\/yasam\/2023\/08\/14\/yaylalardaki-cocuklari-heybemde-nese-var-projesi-ile-eglendiriyorlar\/"},"modified":"2023-08-14T19:20:05","modified_gmt":"2023-08-14T19:20:05","slug":"yaylalardaki-cocuklari-heybemde-nese-var-projesi-ile-eglendiriyorlar","status":"publish","type":"post","link":"https:\/\/kraios.app\/news\/yasam\/2023\/08\/14\/yaylalardaki-cocuklari-heybemde-nese-var-projesi-ile-eglendiriyorlar\/","title":{"rendered":"Yaylalardaki \u00e7ocuklar\u0131 &#8220;Heybemde Ne\u015fe Var Projesi&#8221; ile e\u011flendiriyorlar"},"content":{"rendered":"<p><\/p>\n<div>\n<p>Gen\u00e7lik ve Spor \u0130l M\u00fcd\u00fcrl\u00fc\u011f\u00fc, yaz d\u00f6neminde aileleriyle yaylaya \u00e7\u0131kan \u00e7ocuklar\u0131 e\u011flendirmek ve yaln\u0131z olmad\u0131klar\u0131n\u0131 hissettirmek amac\u0131yla &#8220;Heybemde Ne\u015fe Var Projesi&#8221;ni y\u00fcr\u00fct\u00fcyor.<\/p>\n<p>Gen\u00e7lik Merkezinde g\u00f6revli gen\u00e7lik liderleri ile g\u00f6n\u00fcll\u00fc gen\u00e7ler, kendilerine tahsis edilen minib\u00fcsle zorlu yollar\u0131 a\u015farak ula\u015ft\u0131klar\u0131 yaylalarda, y\u00fcz boyama, zeka oyunlar\u0131, futbol, dart ve mendil kapmaca gibi aktivitelerle \u00e7ocuklar\u0131n e\u011flenceli vakit ge\u00e7irmelerini sa\u011fl\u0131yor.<\/p>\n<p>\u015eu ana kadar 10 k\u00f6y\u00fcn yaylalar\u0131na \u00e7\u0131karak \u00e7ocuklar\u0131n g\u00f6n\u00fcllerine dokunan gen\u00e7ler, kent merkezine 50 kilometre uzakl\u0131ktaki Karame\u015fe k\u00f6y\u00fc yak\u0131nlar\u0131ndaki yaylaya da gitti.<\/p>\n<p><img decoding=\"async\" alt=\"\" src=\"https:\/\/www.aa.com.tr\/uploads\/userFiles\/9c85db40-ef31-40fe-a989-05c7e506d5d0\/08_2023%2F14082023%2Fyayla1_.jpg\"\/><\/p>\n<p>\u00c7ocuklara oyuncak da\u011f\u0131tan, oyunlar oynayarak y\u00fczlerini g\u00fcld\u00fcren g\u00f6n\u00fcll\u00fcler, s\u00fct sa\u011fan kad\u0131nlara da yard\u0131m etti.<\/p>\n<p>Gen\u00e7lik Lideri Feridun \u00c7ak\u0131, AA muhabirine, engebeli yollar\u0131 a\u015farak yaylalarda kalan \u00e7ocuklara ula\u015fmaya \u00e7al\u0131\u015ft\u0131klar\u0131n\u0131 s\u00f6yledi.<\/p>\n<p>K\u00f6yl\u00fclerin yaz\u0131n hayvanlar\u0131n\u0131 yaylalara \u00e7\u0131kard\u0131\u011f\u0131n\u0131 anlatan \u00c7ak\u0131, \u015funlar\u0131 kaydetti:<\/p>\n<p>&#8220;\u00c7ocuklar da aileleriyle yaylalara gidiyor. Biz de \u00e7ocuklar\u0131 mutlu etmek, okul havas\u0131ndan kopmamalar\u0131n\u0131 sa\u011flamak i\u00e7in yaylalara \u00e7\u0131k\u0131yoruz. Onlarla oyunlar oynuyoruz. S\u00fct sa\u011fan kad\u0131nlara da yard\u0131m ediyoruz. \u00c7ocuklar\u0131n mutlu olmas\u0131 i\u00e7in Gen\u00e7lik Merkezi \u00e7al\u0131\u015fanlar\u0131 ve g\u00f6n\u00fcll\u00fclerimizle da\u011f, ta\u015f demeden yaylalara gidiyoruz. \u00c7ocuklar\u0131n g\u00f6nl\u00fcne dokunmaya devam edece\u011fiz.&#8221;<\/p>\n<p><img decoding=\"async\" alt=\"\" src=\"https:\/\/www.aa.com.tr\/uploads\/userFiles\/9c85db40-ef31-40fe-a989-05c7e506d5d0\/08_2023%2F14082023%2Fyayla2_.jpg\"\/><\/p>\n<h3>&#8220;\u00c7ocuklar\u0131n y\u00fczlerini boyad\u0131k, g\u00f6n\u00fcllerine dokunduk&#8221;<\/h3>\n<p>G\u00f6n\u00fcll\u00fclerden Elif \u015eahin de \u00e7ocuklar\u0131 e\u011flendirerek mutlu olmalar\u0131n\u0131 sa\u011flamaya \u00e7al\u0131\u015ft\u0131klar\u0131n\u0131 belirtti.<\/p>\n<p>\u00c7ocuklarla g\u00fczel zaman ge\u00e7irdiklerini ifade eden \u015eahin, &#8220;Da\u011flar\u0131 a\u015farak yaylaya geldik. \u00c7ocuklarla ma\u00e7, dart ve satran\u00e7 oynad\u0131k, y\u00fczlerini boyad\u0131k. \u00c7ok g\u00fczel bir duygu.&#8221; dedi.<\/p>\n<p>Emrullah Nadiro\u011flu da k\u00fc\u00e7\u00fcklerin y\u00fczlerindeki g\u00fcl\u00fcmsemeyi g\u00f6r\u00fcnce \u00e7ok mutlu olduklar\u0131n\u0131 aktard\u0131.<\/p>\n<p>\u00c7ocuklardan Berat G\u00f6la\u015f\u0131, &#8220;A\u011fabeylerimiz bizim i\u00e7in yaylaya kadar geldi. Y\u00fcz\u00fcm\u00fcz\u00fc boyad\u0131lar. Futbol ve satran\u00e7 oynad\u0131k. \u00c7ok e\u011fledik. Herkese te\u015fekk\u00fcr ederim.&#8221; diye konu\u015ftu.<\/p>\n<p><img decoding=\"async\" alt=\"\" src=\"https:\/\/www.aa.com.tr\/uploads\/userFiles\/9c85db40-ef31-40fe-a989-05c7e506d5d0\/08_2023%2F14082023%2Fyayla3_.jpg\"\/><\/p>\n<p>                            <span class=\"detay-foto-editor\">&#13;<br \/>\n                                <a href=\"https:\/\/www.aa.com.tr\/tr\/p\/abonelik-talep-formu\/1001\" target=\"_blank\" style=\"font-size:12px; color:#444; text-decoration:none;\" rel=\"noopener\">&#13;<br \/>\n                                    Anadolu Ajans\u0131 web sitesinde, AA Haber Ak\u0131\u015f Sistemi (HAS) \u00fczerinden abonelere sunulan haberler, \u00f6zetlenerek yay\u0131mlanmaktad\u0131r. <b style=\"color:#1897F7\">Abonelik i\u00e7in l\u00fctfen ileti\u015fime ge\u00e7iniz.<\/b>&#13;<br \/>\n                                <\/a>&#13;<br \/>\n                            <\/span>\n                        <\/div>\n<p><script>\n\t  window.fbAsyncInit = function() {\n\t\tFB.init({\n\t\t  appId: '1855843514662870',\n\t\t  status : true, \/\/ check login status\n\t\t  cookie : true, \/\/ enable cookies to allow the server to access the session\n\t\t  xfbml  : true  \/\/ parse XFBML\n\t\t});\n\t  };<\/p>\n<p>\t  (function() {\n\t\tvar e = document.createElement('script');\n\t\te.src=\"https:\/\/connect.facebook.net\/tr_TR\/all.js\";\n\t\te.async = true;\n\t\tdocument.getElementById('fb-root').appendChild(e);\n\t  }());\n    <\/script><\/p>\n","protected":false},"excerpt":{"rendered":"<p>Gen\u00e7lik ve Spor \u0130l M\u00fcd\u00fcrl\u00fc\u011f\u00fc, yaz d\u00f6neminde aileleriyle yaylaya \u00e7\u0131kan \u00e7ocuklar\u0131 e\u011flendirmek ve yaln\u0131z olmad\u0131klar\u0131n\u0131 hissettirmek amac\u0131yla &#8220;Heybemde Ne\u015fe Var Projesi&#8221;ni y\u00fcr\u00fct\u00fcyor. Gen\u00e7lik Merkezinde g\u00f6revli gen\u00e7lik liderleri ile g\u00f6n\u00fcll\u00fc gen\u00e7ler, kendilerine tahsis edilen minib\u00fcsle zorlu yollar\u0131 a\u015farak ula\u015ft\u0131klar\u0131 yaylalarda, y\u00fcz boyama, zeka oyunlar\u0131, futbol, dart ve mendil kapmaca gibi aktivitelerle \u00e7ocuklar\u0131n e\u011flenceli vakit ge\u00e7irmelerini sa\u011fl\u0131yor. [&hellip;]<\/p>\n","protected":false},"author":1,"featured_media":11904,"comment_status":"","ping_status":"","sticky":false,"template":"","format":"standard","meta":[],"categories":[50],"tags":[],"_links":{"self":[{"href":"https:\/\/kraios.app\/news\/wp-json\/wp\/v2\/posts\/11903"}],"collection":[{"href":"https:\/\/kraios.app\/news\/wp-json\/wp\/v2\/posts"}],"about":[{"href":"https:\/\/kraios.app\/news\/wp-json\/wp\/v2\/types\/post"}],"author":[{"embeddable":true,"href":"https:\/\/kraios.app\/news\/wp-json\/wp\/v2\/users\/1"}],"replies":[{"embeddable":true,"href":"https:\/\/kraios.app\/news\/wp-json\/wp\/v2\/comments?post=11903"}],"version-history":[{"count":0,"href":"https:\/\/kraios.app\/news\/wp-json\/wp\/v2\/posts\/11903\/revisions"}],"wp:featuredmedia":[{"embeddable":true,"href":"https:\/\/kraios.app\/news\/wp-json\/wp\/v2\/media\/11904"}],"wp:attachment":[{"href":"https:\/\/kraios.app\/news\/wp-json\/wp\/v2\/media?parent=11903"}],"wp:term":[{"taxonomy":"category","embeddable":true,"href":"https:\/\/kraios.app\/news\/wp-json\/wp\/v2\/categories?post=11903"},{"taxonomy":"post_tag","embeddable":true,"href":"https:\/\/kraios.app\/news\/wp-json\/wp\/v2\/tags?post=11903"}],"curies":[{"name":"wp","href":"https:\/\/api.w.org\/{rel}","templated":true}]}}