{"id":11891,"date":"2023-08-14T15:12:59","date_gmt":"2023-08-14T15:12:59","guid":{"rendered":"https:\/\/kraios.app\/news\/yasam\/2023\/08\/14\/odun-atesinde-pizza-yapilan-suryani-koyleri-lezzet-duragi-oldu\/"},"modified":"2023-08-14T15:12:59","modified_gmt":"2023-08-14T15:12:59","slug":"odun-atesinde-pizza-yapilan-suryani-koyleri-lezzet-duragi-oldu","status":"publish","type":"post","link":"https:\/\/kraios.app\/news\/yasam\/2023\/08\/14\/odun-atesinde-pizza-yapilan-suryani-koyleri-lezzet-duragi-oldu\/","title":{"rendered":"Odun ate\u015finde pizza yap\u0131lan S\u00fcryani k\u00f6yleri lezzet dura\u011f\u0131 oldu"},"content":{"rendered":"<p><\/p>\n<div>\n<p>Bagok Da\u011f\u0131 eteklerinde ya\u015fayan ve ge\u00e7mi\u015fte ter\u00f6r olaylar\u0131 nedeniyle Avrupa&#8217;ya g\u00f6\u00e7 eden S\u00fcryaniler, y\u0131llar sonra d\u00f6n\u00fc\u015f yapt\u0131klar\u0131 k\u00f6ylerinde in\u015fa ettikleri ta\u015f evlerde ya\u015fam\u0131n\u0131 s\u00fcrd\u00fcr\u00fcyor.<\/p>\n<p>S\u00fcryanice isimleri &#8220;Kafro&#8221;, &#8220;Enhil&#8221; ve &#8220;Arkah&#8221; olan, Midyat il\u00e7esine ba\u011fl\u0131 Elbe\u011fendi ve Yemi\u015fli ile Nusaybin il\u00e7esindeki \u00dc\u00e7k\u00f6y&#8217;de S\u00fcryaniler 4 pizza d\u00fckkan\u0131 i\u015fletiyor.<\/p>\n<p>Nusaybin-Midyat kara yoluna uzakl\u0131klar\u0131 10-15 kilometre aras\u0131nda de\u011fi\u015fen k\u00f6ylerde, y\u00f6resel \u00fcr\u00fcnlerle odun ate\u015finde haz\u0131rlanan pizzalar, yurt i\u00e7i ve yurt d\u0131\u015f\u0131ndan gelen lezzet tutkunlar\u0131 taraf\u0131ndan be\u011feniyle t\u00fcketiliyor.<\/p>\n<p><img decoding=\"async\" alt=\"\" src=\"https:\/\/www.aa.com.tr\/uploads\/userFiles\/a54ea27f-6036-4f79-88c6-6bc9ba19a35d\/08_Nisan%2F06%20temmuz%2F09%2FAA-31914138.jpg\"\/><\/p>\n<h3>&#8220;Ta\u015f f\u0131r\u0131nda lezzeti bir ba\u015fka oluyor&#8221;<\/h3>\n<p>Elbe\u011fendi k\u00f6y\u00fc muhtar\u0131 ve pizza i\u015fletmecisi Aziz Demir, AA muhabirine, ge\u00e7mi\u015fte b\u00f6lgede ya\u015fanan olaylar y\u00fcz\u00fcnden \u00e7ok say\u0131da ailenin k\u00f6y\u00fcn\u00fc terk etmek zorunda kald\u0131\u011f\u0131n\u0131 s\u00f6yledi.<\/p>\n<p>Yakla\u015f\u0131k 20 y\u0131l \u0130svi\u00e7re&#8217;de ya\u015fad\u0131\u011f\u0131n\u0131 anlatan Demir, \u015f\u00f6yle konu\u015ftu:<\/p>\n<p>&#8220;Bir s\u00fcre bo\u015f kalan k\u00f6ye 2006 y\u0131l\u0131ndan itibaren yakla\u015f\u0131k 12 aile d\u00f6n\u00fc\u015f yapt\u0131. \u015eu anda yakla\u015f\u0131k 15 aile var. Yaz aylar\u0131nda k\u00f6y daha kalabal\u0131k oluyor. Daha \u00f6nce il\u00e7e merkezinde pizza d\u00fckkan\u0131 a\u00e7m\u0131\u015ft\u0131m. Birka\u00e7 ay \u00f6nce k\u00f6ye ta\u015f\u0131d\u0131k. B\u00f6lgede 4 pizzac\u0131 a\u00e7\u0131lm\u0131\u015f. Burada pizza k\u00fclt\u00fcr\u00fcn\u00fcn yay\u0131laca\u011f\u0131n\u0131 beklemiyorduk. \u00c7ok ilgi var, insanlar merak ediyor. \u00d6zellikle k\u00f6yde olmas\u0131 bamba\u015fka bir hava kat\u0131yor. B\u00f6lge insan\u0131 daha \u00e7ok kebap gibi etli yemekleri merak ediyordu ama pizza da art\u0131k \u00e7ok iyi gidiyor. Avrupa&#8217;dan gelenler oluyor. Yerli ve yabanc\u0131 turistlerin dikkatini \u00e7ekiyor. Do\u011fal ve ta\u015f f\u0131r\u0131nda lezzeti bir ba\u015fka oluyor. Art\u0131k &#8216;S\u00fcryani pizzas\u0131&#8217; diyorlar.&#8221;<\/p>\n<p><img decoding=\"async\" alt=\"\" src=\"https:\/\/www.aa.com.tr\/uploads\/userFiles\/a54ea27f-6036-4f79-88c6-6bc9ba19a35d\/08_Nisan%2F06%20temmuz%2F09%2FAA-31914145.jpg\"\/><\/p>\n<p>Ailesiyle bu i\u015fe ba\u015flad\u0131klar\u0131n\u0131, \u015fimdi 10 ki\u015finin istihdam edildi\u011fini aktaran Demir, baz\u0131 d\u00f6nemlerde yo\u011funluk ya\u015fad\u0131klar\u0131n\u0131 dile getirdi.<\/p>\n<p>Demir, \u00fclkelerine ve memleketlerine katk\u0131 sunmay\u0131 istediklerini vurgulayarak, &#8220;Memleketimize katk\u0131 sa\u011flamak, b\u00f6lgemizi kalk\u0131nd\u0131rmak istiyoruz. Bu ad\u0131m\u0131 att\u0131\u011f\u0131m\u0131z i\u00e7in mutluyuz. Bu i\u015fe b\u00f6lgeye hizmet olarak bak\u0131yoruz. Antalya gibi bir\u00e7ok yerden teklif geldi, &#8216;gelin bu i\u015fi orada yap\u0131n&#8217; diye ama biz memleketimize hizmet etmek istedik.&#8221; ifadelerini kulland\u0131.<\/p>\n<p><img decoding=\"async\" alt=\"\" src=\"https:\/\/www.aa.com.tr\/uploads\/userFiles\/a54ea27f-6036-4f79-88c6-6bc9ba19a35d\/08_Nisan%2F06%20temmuz%2F09%2FAA-31914147.jpg\"\/><\/p>\n<h3>&#8220;Yiyen pi\u015fman olmaz&#8221;<\/h3>\n<p>\u00dc\u00e7k\u00f6y&#8217;de pizza i\u015fletmecisi Moris Dal da 40 y\u0131l \u00f6nce gittikleri Almanya&#8217;da 24 y\u0131l pizza yapt\u0131klar\u0131n\u0131 dile getirdi.<\/p>\n<p>Yakla\u015f\u0131k 2 y\u0131l \u00f6nce d\u00f6nd\u00fckleri k\u00f6ylerinde pizza i\u015fletmesi a\u00e7t\u0131klar\u0131n\u0131 ve yo\u011fun ilgi g\u00f6rd\u00fcklerini belirten Dal, &#8220;Burada 15-20 ki\u015fi \u00e7al\u0131\u015f\u0131yor. Ekmek kap\u0131s\u0131 oldu. Olumlu tepkiler al\u0131yoruz, seviniyoruz. \u015eehirden s\u0131k\u0131lanlar buraya gelip ailesiyle 2-3 saat zaman ge\u00e7iriyor. Pizzalar\u0131m\u0131z\u0131n tad\u0131 bamba\u015fkad\u0131r. Herkesi davet ediyoruz. Gelen, yiyen pi\u015fman olmaz.&#8221; diye konu\u015ftu.<\/p>\n<p><img decoding=\"async\" alt=\"\" src=\"https:\/\/www.aa.com.tr\/uploads\/userFiles\/a54ea27f-6036-4f79-88c6-6bc9ba19a35d\/08_Nisan%2F06%20temmuz%2F09%2FAA-31914158.jpg\"\/><\/p>\n<h3>&#8220;K\u00f6yde pizza bekledi\u011fim bir \u015fey de\u011fildi&#8221;<\/h3>\n<p>Resul Y\u00fcksel ise b\u00f6lge turu kapsam\u0131nda \u0130stanbul&#8217;dan Mardin&#8217;e geldiklerini, daha \u00f6nce gelenlerden ve internetten k\u00f6ylerde pizza yap\u0131ld\u0131\u011f\u0131n\u0131 duyduklar\u0131n\u0131 dile getirerek, &#8220;K\u00f6yde pizza bekledi\u011fim bir \u015fey de\u011fildi. Mardin&#8217;de S\u00fcryani k\u00f6y\u00fcnde b\u00f6yle bir \u015feyin olmas\u0131 \u00e7ok \u015fa\u015f\u0131rtm\u0131\u015ft\u0131. Geldi\u011fimizde \u00e7ok g\u00fczel \u015feylerle kar\u015f\u0131la\u015ft\u0131k. Umdu\u011fumuzu bulduk.&#8221; dedi.<\/p>\n<p>Kentte ya\u015fayan S\u00fcryanilerden Saliba Akay, \u00e7ok be\u011fendikleri i\u00e7in s\u0131k s\u0131k Elbe\u011fendi k\u00f6y\u00fcne pizza yemeye geldiklerine i\u015faret ederek, herkesin bu lezzeti tatmas\u0131 gerekti\u011fini ifade etti.<\/p>\n<p><img decoding=\"async\" alt=\"\" src=\"https:\/\/www.aa.com.tr\/uploads\/userFiles\/a54ea27f-6036-4f79-88c6-6bc9ba19a35d\/08_Nisan%2F06%20temmuz%2F09%2FAA-31914162.jpg\"\/><\/p>\n<p>\u0130sve\u00e7&#8217;ten tatile gelen Andreas Unal da k\u00f6yde pizza yap\u0131ld\u0131\u011f\u0131n\u0131 duyunca hemen tatmak istediklerini belirterek, &#8220;\u00c7ok be\u011fendim. Herkese tavsiye ediyorum.&#8221; de\u011ferlendirmesinde bulundu.<\/p>\n<p><img decoding=\"async\" alt=\"\" src=\"https:\/\/www.aa.com.tr\/uploads\/userFiles\/a54ea27f-6036-4f79-88c6-6bc9ba19a35d\/08_Nisan%2F06%20temmuz%2F09%2FAA-31914163.jpg\"\/><\/p>\n<p>Mardin&#8217;de ya\u015fayan Ordulu Celal \u00dcste de k\u00f6yde yedikleri pizzan\u0131n \u00e7ok lezzetli oldu\u011funu vurgulayarak, \u015funlar\u0131 kaydetti:<\/p>\n<p>&#8220;Mardin, S\u00fcryanilerin, Yezidilerin, M\u00fcsl\u00fcmanlar\u0131n bir arada oldu\u011fu, birbirlerine sayg\u0131 ve sevgi g\u00f6sterdi\u011fi bir yer. Devletimizin, askerimizin, polisimizin sayesinde da\u011flar\u0131m\u0131z tertemiz oldu. Buralarda pizza yemek hayaldi. Bu ortam\u0131 bize sa\u011flayanlardan Allah raz\u0131 olsun. \u00c7ok s\u0131k\u0131nt\u0131lar vard\u0131, onlar geride kald\u0131. K\u00f6yl\u00fcler geri d\u00f6n\u00fcyor, pizza d\u00fckkanlar\u0131 a\u00e7\u0131yor. Herkesin gelmesini, buralar\u0131 g\u00f6rmelerini istiyoruz.&#8221;<\/p>\n<p>                            <span class=\"detay-foto-editor\">&#13;<br \/>\n                                <a href=\"https:\/\/www.aa.com.tr\/tr\/p\/abonelik-talep-formu\/1001\" target=\"_blank\" style=\"font-size:12px; color:#444; text-decoration:none;\" rel=\"noopener\">&#13;<br \/>\n                                    Anadolu Ajans\u0131 web sitesinde, AA Haber Ak\u0131\u015f Sistemi (HAS) \u00fczerinden abonelere sunulan haberler, \u00f6zetlenerek yay\u0131mlanmaktad\u0131r. <b style=\"color:#1897F7\">Abonelik i\u00e7in l\u00fctfen ileti\u015fime ge\u00e7iniz.<\/b>&#13;<br \/>\n                                <\/a>&#13;<br \/>\n                            <\/span>\n                        <\/div>\n<p><script>\n\t  window.fbAsyncInit = function() {\n\t\tFB.init({\n\t\t  appId: '1855843514662870',\n\t\t  status : true, \/\/ check login status\n\t\t  cookie : true, \/\/ enable cookies to allow the server to access the session\n\t\t  xfbml  : true  \/\/ parse XFBML\n\t\t});\n\t  };<\/p>\n<p>\t  (function() {\n\t\tvar e = document.createElement('script');\n\t\te.src=\"https:\/\/connect.facebook.net\/tr_TR\/all.js\";\n\t\te.async = true;\n\t\tdocument.getElementById('fb-root').appendChild(e);\n\t  }());\n    <\/script><\/p>\n","protected":false},"excerpt":{"rendered":"<p>Bagok Da\u011f\u0131 eteklerinde ya\u015fayan ve ge\u00e7mi\u015fte ter\u00f6r olaylar\u0131 nedeniyle Avrupa&#8217;ya g\u00f6\u00e7 eden S\u00fcryaniler, y\u0131llar sonra d\u00f6n\u00fc\u015f yapt\u0131klar\u0131 k\u00f6ylerinde in\u015fa ettikleri ta\u015f evlerde ya\u015fam\u0131n\u0131 s\u00fcrd\u00fcr\u00fcyor. S\u00fcryanice isimleri &#8220;Kafro&#8221;, &#8220;Enhil&#8221; ve &#8220;Arkah&#8221; olan, Midyat il\u00e7esine ba\u011fl\u0131 Elbe\u011fendi ve Yemi\u015fli ile Nusaybin il\u00e7esindeki \u00dc\u00e7k\u00f6y&#8217;de S\u00fcryaniler 4 pizza d\u00fckkan\u0131 i\u015fletiyor. Nusaybin-Midyat kara yoluna uzakl\u0131klar\u0131 10-15 kilometre aras\u0131nda de\u011fi\u015fen k\u00f6ylerde, [&hellip;]<\/p>\n","protected":false},"author":1,"featured_media":11892,"comment_status":"","ping_status":"","sticky":false,"template":"","format":"standard","meta":[],"categories":[50],"tags":[],"_links":{"self":[{"href":"https:\/\/kraios.app\/news\/wp-json\/wp\/v2\/posts\/11891"}],"collection":[{"href":"https:\/\/kraios.app\/news\/wp-json\/wp\/v2\/posts"}],"about":[{"href":"https:\/\/kraios.app\/news\/wp-json\/wp\/v2\/types\/post"}],"author":[{"embeddable":true,"href":"https:\/\/kraios.app\/news\/wp-json\/wp\/v2\/users\/1"}],"replies":[{"embeddable":true,"href":"https:\/\/kraios.app\/news\/wp-json\/wp\/v2\/comments?post=11891"}],"version-history":[{"count":0,"href":"https:\/\/kraios.app\/news\/wp-json\/wp\/v2\/posts\/11891\/revisions"}],"wp:featuredmedia":[{"embeddable":true,"href":"https:\/\/kraios.app\/news\/wp-json\/wp\/v2\/media\/11892"}],"wp:attachment":[{"href":"https:\/\/kraios.app\/news\/wp-json\/wp\/v2\/media?parent=11891"}],"wp:term":[{"taxonomy":"category","embeddable":true,"href":"https:\/\/kraios.app\/news\/wp-json\/wp\/v2\/categories?post=11891"},{"taxonomy":"post_tag","embeddable":true,"href":"https:\/\/kraios.app\/news\/wp-json\/wp\/v2\/tags?post=11891"}],"curies":[{"name":"wp","href":"https:\/\/api.w.org\/{rel}","templated":true}]}}