{"id":11883,"date":"2023-08-14T13:20:07","date_gmt":"2023-08-14T13:20:07","guid":{"rendered":"https:\/\/kraios.app\/news\/ekonomi\/2023\/08\/14\/tarim-ve-orman-bakani-yumakli-deprem-bolgesindeki-tarim-ve-hayvanciliktaki-gelismeleri-anlatti\/"},"modified":"2023-08-14T13:20:07","modified_gmt":"2023-08-14T13:20:07","slug":"tarim-ve-orman-bakani-yumakli-deprem-bolgesindeki-tarim-ve-hayvanciliktaki-gelismeleri-anlatti","status":"publish","type":"post","link":"https:\/\/kraios.app\/news\/ekonomi\/2023\/08\/14\/tarim-ve-orman-bakani-yumakli-deprem-bolgesindeki-tarim-ve-hayvanciliktaki-gelismeleri-anlatti\/","title":{"rendered":"Tar\u0131m ve Orman Bakan\u0131 Yumakl\u0131, deprem b\u00f6lgesindeki tar\u0131m ve hayvanc\u0131l\u0131ktaki geli\u015fmeleri anlatt\u0131"},"content":{"rendered":"<p> <br \/>\n<\/p>\n<div>\n<p>Bakan Yumakl\u0131, Ad\u0131yaman Valili\u011fini ziyaret ederek, Vali Osman Varol ile g\u00f6r\u00fc\u015ft\u00fc, Afet Koordinasyon Toplant\u0131s\u0131&#8217;na kat\u0131ld\u0131.<\/p>\n<p>Yumakl\u0131, buradaki konu\u015fmas\u0131nda, Kocaeli&#8217;nin Derince il\u00e7esinde 7 A\u011fustos&#8217;ta Toprak Mahsulleri Ofisi (TMO) silosundaki patlamada hayat\u0131n\u0131 kaybeden Elif Day\u0131o\u011flu&#8217;na rahmet ve yak\u0131nlar\u0131na ba\u015fsa\u011fl\u0131\u011f\u0131 diledi.<\/p>\n<p>Depremin etkiledi\u011fi 11 ilde 16 bin ton yem ve \u00e7iftlik hayvanlar\u0131n\u0131n bar\u0131nmas\u0131 i\u00e7in 16 bin 453 \u00e7ad\u0131r da\u011f\u0131t\u0131ld\u0131\u011f\u0131n\u0131 belirten Yumakl\u0131, deprem b\u00f6lgesindeki s\u00fctleri toplayarak \u00e7ift\u00e7ilere destek olduklar\u0131n\u0131 anlatt\u0131.<\/p>\n<p>Bak\u0131m\u0131 m\u00fcmk\u00fcn olmayan hayvanlar\u0131n ise Et ve S\u00fct Kurumunun ald\u0131\u011f\u0131n\u0131 ifade eden Yumakl\u0131, &#8220;B\u00f6lgede ar\u0131c\u0131l\u0131k \u00e7ok \u00f6nemli gelir kaynaklar\u0131ndan biri. 10 bin 328 ar\u0131c\u0131m\u0131za 5 bin 358 tonluk besleme \u015fekeri da\u011f\u0131t\u0131m\u0131 oldu. Ad\u0131yaman&#8217;da ise 821 ar\u0131c\u0131m\u0131z i\u00e7in 280 tona yak\u0131n \u015fekerin da\u011f\u0131t\u0131m\u0131 h\u0131zl\u0131ca yap\u0131ld\u0131. O d\u00f6nemde \u00fcreticilerimizin elinde hububat vard\u0131, cins ayr\u0131m\u0131 yapmaks\u0131z\u0131n TMO vas\u0131tas\u0131yla al\u0131m\u0131 ger\u00e7ekle\u015ftirildi.&#8221; diye konu\u015ftu.<\/p>\n<p><img decoding=\"async\" alt=\"\" src=\"https:\/\/www.aa.com.tr\/uploads\/userFiles\/79121245-49cb-4f77-bd45-d9d308a833b3\/04_2023%2F05_Agustos%2F08%2FAA-31915838.jpg\"\/><\/p>\n<h3>Deprem b\u00f6lgesinde uygun bulunan b\u00fct\u00fcn projeler hibe deste\u011fi kapsam\u0131na al\u0131nd\u0131<\/h3>\n<p>Yumakl\u0131, Ad\u0131yaman&#8217;\u0131n t\u00fct\u00fcn \u00fcretiminde \u00f6nde geldi\u011fini, burada da \u00fcreticilerin zararlar\u0131n\u0131n kar\u015f\u0131lanmas\u0131 i\u00e7in \u00e7aba harcad\u0131klar\u0131n\u0131 vurgulayarak, \u015f\u00f6yle konu\u015ftu:<\/p>\n<p>&#8220;Deprem b\u00f6lgesinde 8,8 milyar liral\u0131k bir deste\u011fin Ad\u0131yaman&#8217;da ise bunun yakla\u015f\u0131k 470 milyon civar\u0131nda oldu\u011funu s\u00f6yleyebilirim, h\u0131zl\u0131ca \u00f6denmesi sa\u011flanm\u0131\u015ft\u0131. Yine TARS\u0130M sigortas\u0131 yapt\u0131rm\u0131\u015f olan \u00fcreticilerimizin tazminatlar\u0131n\u0131n ivedilikle \u00f6denmesini bu d\u00f6nemde sa\u011flam\u0131\u015f olduk. Devlet Su \u0130\u015flerimizin b\u00fct\u00fcn deprem b\u00f6lgesinde oldu\u011fu gibi Ad\u0131yaman&#8217;da da i\u00e7me suyuyla ilgili su kuyular\u0131 \u00e7al\u0131\u015fmas\u0131 vard\u0131, bunlar sona erdi. \u00dcreticilerimizin 2023 y\u0131l\u0131 sezonuna yeti\u015fmeleri i\u00e7in deprem sebebiyle hasar g\u00f6ren sulama kanallar\u0131n\u0131n da tamirat\u0131 ve haz\u0131r hale getirilmesi sa\u011flanm\u0131\u015f oldu. Deprem b\u00f6lgesinde tar\u0131msal \u00fcretimin devaml\u0131l\u0131\u011f\u0131n\u0131 sa\u011flamak ve \u00fcreticilerimizi \u00fcretim yapt\u0131klar\u0131 yerde kalmalar\u0131n\u0131 sa\u011flamak i\u00e7in tedbirler ald\u0131k, almaya devam ediyoruz. Orta ve uzun vadede ise burada tar\u0131msal \u00fcretimin s\u00fcreklili\u011fini sa\u011flama ad\u0131na g\u00fc\u00e7l\u00fc destekleme ve tar\u0131msal \u00fcretim planlamas\u0131n\u0131 haz\u0131rl\u0131yoruz, in\u015fallah yak\u0131n zamanda bunlar\u0131 a\u00e7\u0131klam\u0131\u015f olaca\u011f\u0131z. Sekt\u00f6r temsilcileriyle elbette koordineli \u015fekilde \u00e7al\u0131\u015farak yap\u0131y\u0131 da g\u00fc\u00e7lendirmek istiyoruz. 11 ilimize k\u0131rsal kalk\u0131nma yat\u0131r\u0131mlar\u0131 desteklerinde de yine pozitif ayr\u0131mc\u0131l\u0131k yap\u0131yoruz. Uygun bulunan b\u00fct\u00fcn projeleri hibe deste\u011fi kapsam\u0131na ald\u0131k.&#8221;<\/p>\n<h3>K\u00fc\u00e7\u00fckba\u015f havyan da\u011f\u0131t\u0131m\u0131 bu ay tamamlanacak<\/h3>\n<p>Yumakl\u0131, k\u0131rsal kalk\u0131nma destekleri kapsam\u0131nda Ad\u0131yaman&#8217;a 21,3 milyon lira hibe deste\u011fi verdiklerini ve projeler i\u00e7in ilave 38 milyon liral\u0131k destek paketi haz\u0131rlad\u0131klar\u0131n\u0131 kaydetti.<\/p>\n<p>Gen\u00e7 giri\u015fimciler i\u00e7in ba\u015flatt\u0131klar\u0131 Uzman Eller Projesi kapsam\u0131nda ise Ad\u0131yaman&#8217;da kabul ettikleri 33 projeye 9 milyon liraya yak\u0131n hibe deste\u011fi sa\u011flad\u0131klar\u0131n\u0131 anlatan Yumakl\u0131, \u015f\u00f6yle devam etti:<\/p>\n<p>&#8220;Deprem b\u00f6lgesinde k\u00fc\u00e7\u00fckba\u015f hayvanlar\u0131n\u0131 kaybetmi\u015f olan vatanda\u015flar\u0131m\u0131z\u0131n k\u00fc\u00e7\u00fckba\u015f hayvanlar\u0131n\u0131n tamam\u0131n\u0131 bu ay sonu itibariyle kendilerine vermi\u015f olaca\u011f\u0131z. 43 bin 573 k\u00fc\u00e7\u00fckba\u015f\u0131n \u015fu ana kadar 24 bin 314&#8217;\u00fcn\u00fcn teslimat\u0131 yap\u0131ld\u0131. Yine deprem b\u00f6lgesinde Ad\u0131yaman&#8217;da ise bu yakla\u015f\u0131k 11 bin 213 kay\u0131pt\u0131. Bunun da yakla\u015f\u0131k 4 binine yak\u0131n\u0131 teslim edilmi\u015fti. Hepsinin da\u011f\u0131t\u0131m\u0131 da Ad\u0131yaman i\u00e7in 17 A\u011fustos&#8217;ta tamamlanm\u0131\u015f olacak. Deprem b\u00f6lgesinde 5 bin 804 b\u00fcy\u00fckba\u015f hayvan kayb\u0131 vard\u0131. Bunlar\u0131n da yine teslimlerine yak\u0131n bir s\u00fcre\u00e7te ba\u015flam\u0131\u015f olaca\u011f\u0131z. Yine kanatl\u0131 hayvan teslimleri de ay sonuna kadar tamamlanm\u0131\u015f olacak.&#8221;<\/p>\n<h3>&#8220;Ad\u0131yaman&#8217;\u0131 T\u00fcrkiye&#8217;nin badem \u00fcss\u00fc yapmay\u0131 planl\u0131yoruz&#8221;<\/h3>\n<p>Yumakl\u0131, TMO&#8217;nun deprem b\u00f6lgesinde 11 ilden 1,5 milyon ton \u00fcr\u00fcn al\u0131m\u0131 yapt\u0131\u011f\u0131n\u0131 an\u0131msatarak, \u015funlar\u0131 kaydetti:<\/p>\n<p>&#8220;TMO ald\u0131\u011f\u0131 \u00fcr\u00fcn kar\u015f\u0131l\u0131\u011f\u0131nda 12 milyar liral\u0131k \u00fcr\u00fcn \u00f6demesi yapt\u0131. Ad\u0131yaman&#8217;da ise al\u0131nan \u00fcr\u00fcn tutar\u0131 200 bin ton ve bunlar\u0131n tutar\u0131 da yakla\u015f\u0131k 1,5 milyar lira, \u00fcreticilerimizin hesab\u0131na vadeleri geldi\u011finde yat\u0131r\u0131lm\u0131\u015f olacak. \u015eu an itibariyle TMO&#8217;da bekleyen randevu miktar\u0131 75 bin ton. Onlarda da herhangi bir sorun yok. Bu s\u00fcre\u00e7 devam ediyor, en k\u0131sa zamanda bunlar\u0131n al\u0131mlar\u0131 da tamamlanm\u0131\u015f olacak. Elbette Ad\u0131yaman&#8217;\u0131m\u0131z, badem \u00fcretiminde y\u00fczde 18 pay ile T\u00fcrkiye&#8217;de birinci. Badem \u00fcreticilerimizin s\u0131k\u0131nt\u0131lar\u0131n\u0131 da biliyoruz, yak\u0131ndan takip ediyoruz ve \u00e7\u00f6zece\u011fiz, bunun s\u00f6z\u00fcn\u00fc de verebilirim. Ad\u0131yaman&#8217;\u0131 T\u00fcrkiye&#8217;nin badem \u00fcss\u00fc yapmay\u0131 planl\u0131yoruz. Dut ve Trabzon hurmas\u0131 \u00fcretiminde T\u00fcrkiye&#8217;nin ilk 3&#8217;te yer alan Ad\u0131yaman&#8217;\u0131m\u0131z\u0131n zengin bitkisel potansiyelini, tar\u0131msal potansiyelini daha \u00fcst d\u00fczeylere \u00e7\u0131karmak i\u00e7in var g\u00fcc\u00fcm\u00fczle \u00e7al\u0131\u015fmaya devam ediyoruz.&#8221;<\/p>\n<p>Bakan Yumakl\u0131, Ad\u0131yaman&#8217;da ay\u00e7i\u00e7e\u011fi, mercimek, k\u0131rm\u0131z\u0131 mercimek yeti\u015ftiricili\u011finin de yayg\u0131nla\u015ft\u0131r\u0131lmas\u0131n\u0131 hedeflediklerini s\u00f6zlerine ekledi.<\/p>\n<p>                            <span class=\"detay-foto-editor\">&#13;<br \/>\n                                <a href=\"https:\/\/www.aa.com.tr\/tr\/p\/abonelik-talep-formu\/1001\" target=\"_blank\" style=\"font-size:12px; color:#444; text-decoration:none;\" rel=\"noopener\">&#13;<br \/>\n                                    Anadolu Ajans\u0131 web sitesinde, AA Haber Ak\u0131\u015f Sistemi (HAS) \u00fczerinden abonelere sunulan haberler, \u00f6zetlenerek yay\u0131mlanmaktad\u0131r. <b style=\"color:#1897F7\">Abonelik i\u00e7in l\u00fctfen ileti\u015fime ge\u00e7iniz.<\/b>&#13;<br \/>\n                                <\/a>&#13;<br \/>\n                            <\/span>\n                        <\/div>\n<p><script>\n\t  window.fbAsyncInit = function() {\n\t\tFB.init({\n\t\t  appId: '1855843514662870',\n\t\t  status : true, \/\/ check login status\n\t\t  cookie : true, \/\/ enable cookies to allow the server to access the session\n\t\t  xfbml  : true  \/\/ parse XFBML\n\t\t});\n\t  };<\/p>\n<p>\t  (function() {\n\t\tvar e = document.createElement('script');\n\t\te.src=\"https:\/\/connect.facebook.net\/tr_TR\/all.js\";\n\t\te.async = true;\n\t\tdocument.getElementById('fb-root').appendChild(e);\n\t  }());\n    <\/script><br \/>\n<br \/><br \/>\n<br \/><a href=\"https:\/\/www.aa.com.tr\/tr\/ekonomi\/tarim-ve-orman-bakani-yumakli-deprem-bolgesindeki-tarim-ve-hayvanciliktaki-gelismeleri-anlatti\/2967482\">Source link <\/a><\/p>\n","protected":false},"excerpt":{"rendered":"<p>Bakan Yumakl\u0131, Ad\u0131yaman Valili\u011fini ziyaret ederek, Vali Osman Varol ile g\u00f6r\u00fc\u015ft\u00fc, Afet Koordinasyon Toplant\u0131s\u0131&#8217;na kat\u0131ld\u0131. Yumakl\u0131, buradaki konu\u015fmas\u0131nda, Kocaeli&#8217;nin Derince il\u00e7esinde 7 A\u011fustos&#8217;ta Toprak Mahsulleri Ofisi (TMO) silosundaki patlamada hayat\u0131n\u0131 kaybeden Elif Day\u0131o\u011flu&#8217;na rahmet ve yak\u0131nlar\u0131na ba\u015fsa\u011fl\u0131\u011f\u0131 diledi. Depremin etkiledi\u011fi 11 ilde 16 bin ton yem ve \u00e7iftlik hayvanlar\u0131n\u0131n bar\u0131nmas\u0131 i\u00e7in 16 bin 453 \u00e7ad\u0131r [&hellip;]<\/p>\n","protected":false},"author":1,"featured_media":11884,"comment_status":"","ping_status":"","sticky":false,"template":"","format":"standard","meta":[],"categories":[44],"tags":[],"_links":{"self":[{"href":"https:\/\/kraios.app\/news\/wp-json\/wp\/v2\/posts\/11883"}],"collection":[{"href":"https:\/\/kraios.app\/news\/wp-json\/wp\/v2\/posts"}],"about":[{"href":"https:\/\/kraios.app\/news\/wp-json\/wp\/v2\/types\/post"}],"author":[{"embeddable":true,"href":"https:\/\/kraios.app\/news\/wp-json\/wp\/v2\/users\/1"}],"replies":[{"embeddable":true,"href":"https:\/\/kraios.app\/news\/wp-json\/wp\/v2\/comments?post=11883"}],"version-history":[{"count":0,"href":"https:\/\/kraios.app\/news\/wp-json\/wp\/v2\/posts\/11883\/revisions"}],"wp:featuredmedia":[{"embeddable":true,"href":"https:\/\/kraios.app\/news\/wp-json\/wp\/v2\/media\/11884"}],"wp:attachment":[{"href":"https:\/\/kraios.app\/news\/wp-json\/wp\/v2\/media?parent=11883"}],"wp:term":[{"taxonomy":"category","embeddable":true,"href":"https:\/\/kraios.app\/news\/wp-json\/wp\/v2\/categories?post=11883"},{"taxonomy":"post_tag","embeddable":true,"href":"https:\/\/kraios.app\/news\/wp-json\/wp\/v2\/tags?post=11883"}],"curies":[{"name":"wp","href":"https:\/\/api.w.org\/{rel}","templated":true}]}}