{"id":11881,"date":"2023-08-14T12:20:06","date_gmt":"2023-08-14T12:20:06","guid":{"rendered":"https:\/\/kraios.app\/news\/spor\/2023\/08\/14\/milli-futbolcu-arda-guler-ameliyat-edildi\/"},"modified":"2023-08-14T12:20:06","modified_gmt":"2023-08-14T12:20:06","slug":"milli-futbolcu-arda-guler-ameliyat-edildi","status":"publish","type":"post","link":"https:\/\/kraios.app\/news\/spor\/2023\/08\/14\/milli-futbolcu-arda-guler-ameliyat-edildi\/","title":{"rendered":"Milli futbolcu Arda G\u00fcler ameliyat edildi"},"content":{"rendered":"<p>\u0130spanya Birinci Futbol Ligi (LaLiga) tak\u0131mlar\u0131ndan Real Madrid, yeni transferlerinden Arda G\u00fcler&#8217;in ameliyat edildi\u011fini duyurdu.<\/p>\n","protected":false},"excerpt":{"rendered":"<p>\u0130spanya Birinci Futbol Ligi (LaLiga) tak\u0131mlar\u0131ndan Real Madrid, yeni transferlerinden Arda G\u00fcler&#8217;in ameliyat edildi\u011fini duyurdu.<\/p>\n","protected":false},"author":1,"featured_media":11882,"comment_status":"","ping_status":"","sticky":false,"template":"","format":"standard","meta":[],"categories":[48],"tags":[],"_links":{"self":[{"href":"https:\/\/kraios.app\/news\/wp-json\/wp\/v2\/posts\/11881"}],"collection":[{"href":"https:\/\/kraios.app\/news\/wp-json\/wp\/v2\/posts"}],"about":[{"href":"https:\/\/kraios.app\/news\/wp-json\/wp\/v2\/types\/post"}],"author":[{"embeddable":true,"href":"https:\/\/kraios.app\/news\/wp-json\/wp\/v2\/users\/1"}],"replies":[{"embeddable":true,"href":"https:\/\/kraios.app\/news\/wp-json\/wp\/v2\/comments?post=11881"}],"version-history":[{"count":0,"href":"https:\/\/kraios.app\/news\/wp-json\/wp\/v2\/posts\/11881\/revisions"}],"wp:featuredmedia":[{"embeddable":true,"href":"https:\/\/kraios.app\/news\/wp-json\/wp\/v2\/media\/11882"}],"wp:attachment":[{"href":"https:\/\/kraios.app\/news\/wp-json\/wp\/v2\/media?parent=11881"}],"wp:term":[{"taxonomy":"category","embeddable":true,"href":"https:\/\/kraios.app\/news\/wp-json\/wp\/v2\/categories?post=11881"},{"taxonomy":"post_tag","embeddable":true,"href":"https:\/\/kraios.app\/news\/wp-json\/wp\/v2\/tags?post=11881"}],"curies":[{"name":"wp","href":"https:\/\/api.w.org\/{rel}","templated":true}]}}