{"id":11877,"date":"2023-08-14T10:20:04","date_gmt":"2023-08-14T10:20:04","guid":{"rendered":"https:\/\/kraios.app\/news\/yasam\/2023\/08\/14\/kayaliklar-uzerinde-doganin-icinde-bir-cam-teras\/"},"modified":"2023-08-14T10:20:04","modified_gmt":"2023-08-14T10:20:04","slug":"kayaliklar-uzerinde-doganin-icinde-bir-cam-teras","status":"publish","type":"post","link":"https:\/\/kraios.app\/news\/yasam\/2023\/08\/14\/kayaliklar-uzerinde-doganin-icinde-bir-cam-teras\/","title":{"rendered":"Kayal\u0131klar \u00fczerinde do\u011fan\u0131n i\u00e7inde bir cam teras"},"content":{"rendered":"<p><\/p>\n<div>\n<p>Valilik, B\u00fcy\u00fck\u015fehir Belediyesi ve B\u00fcnyan Belediyesi i\u015fbirli\u011finde 1 y\u0131l \u00f6nce in\u015faat\u0131na ba\u015flanan cam teras yakla\u015f\u0131k 2 ay \u00f6nce \u00fccretsiz olarak ziyarete a\u00e7\u0131ld\u0131.<\/p>\n<p>Tarihi milattan \u00f6nceye dayanan ma\u011faralar\u0131n da i\u00e7inde bulundu\u011fu kayal\u0131klar\u0131n ve ye\u015fil do\u011fan\u0131n \u00fczerindeki yakla\u015f\u0131k 250 metre y\u00fcksekli\u011fe in\u015fa edilen cam teras, ziyaret\u00e7ilere farkl\u0131 bir deneyim ya\u015fat\u0131yor.<\/p>\n<p>Kervansaray, han ve cami gibi tarihi yap\u0131lara ev sahipli\u011fi yapan B\u00fcnyan&#8217;da, cam terasla ziyaret\u00e7i say\u0131s\u0131n\u0131n artmas\u0131 bekleniyor.<\/p>\n<p>B\u00fcnyan Belediye Ba\u015fkan\u0131 \u00d6zkan Altun, AA muhabirine, b\u00f6lgede turizm ata\u011f\u0131 ba\u015flatt\u0131klar\u0131n\u0131 s\u00f6yledi.<\/p>\n<p>Bu ama\u00e7la 1 y\u0131l \u00f6nce ba\u015flad\u0131klar\u0131 cam teras\u0131n in\u015fas\u0131n\u0131 Kurban Bayram\u0131&#8217;n\u0131n hemen \u00f6ncesinde sonu\u00e7land\u0131rd\u0131klar\u0131n\u0131 anlatan Altun, \u015funlar\u0131 kaydetti:<\/p>\n<p>&#8220;Cam terasa 2 ay i\u00e7erisinde, Kurban Bayram\u0131 da dahil olmak \u00fczere, 200 bin ziyaret\u00e7i ald\u0131k. Bu muhte\u015fem bir \u015fey. 30 bin n\u00fcfuslu bir il\u00e7eyiz, merkez n\u00fcfusumuz 15 bin. Yani 15 bin n\u00fcfuslu il\u00e7emizin yakla\u015f\u0131k 2 ayda, 200 bin ziyaret\u00e7i almas\u0131 ger\u00e7ekten gurur verici. Tabii bu ayn\u0131 zamanda yapt\u0131\u011f\u0131m\u0131z yat\u0131r\u0131m\u0131n ne kadar do\u011fru oldu\u011funu g\u00f6steriyor. Yakla\u015f\u0131k 250 metre y\u00fcksekli\u011fi var. \u0130nsanlar biraz \u00fcrk\u00fcyor, tedirgin oluyor ama al\u0131\u015f\u0131nca \u00e7\u0131kabiliyorlar.&#8221;<\/p>\n<p>Altun, cam terasa \u00e7\u0131kanlar\u0131n hem il\u00e7eyi hem do\u011fay\u0131 keyifle seyredebildi\u011fini dile getirdi.<\/p>\n<h3>&#8220;B\u00fcnyan&#8217;da harika bir ortam olu\u015ftu&#8221;<\/h3>\n<p>Ziyaret\u00e7ilerin il\u00e7ede dolu dolu bir g\u00fcn ge\u00e7irebilece\u011fini vurgulayan Altun, &#8220;B\u00f6lgede, milattan \u00f6nceye ait olan ma\u011faralar\u0131m\u0131z var. Ulu Camii, Sultan Han\u0131, Karatay Han\u0131 ve kervansaraylar\u0131m\u0131z gibi tarihi de\u011ferlerimiz var. B\u00fcnyan&#8217;da harika bir ortam olu\u015ftu. Ma\u011faralar da buna ayr\u0131 bir g\u00fczellik kat\u0131yor. Bu \u015fekilde g\u00fczel bir g\u00f6r\u00fcnt\u00fc oldu.&#8221; diye konu\u015ftu.<\/p>\n<p>Altun, cam teras\u0131n yakla\u015f\u0131k 10 milyon liraya in\u015fa edildi\u011fini ve 1 y\u0131l boyunca \u00fccretsiz ziyaret edilebilece\u011fini s\u00f6zlerine ekledi.<\/p>\n<h3>&#8220;\u0130leri tarafa gidince u\u00e7acakm\u0131\u015f\u0131m gibi \u00fcrperme oldu&#8221;<\/h3>\n<p>Ziyaret\u00e7ilerden Fatih B\u00fc\u011f\u00fcleyen de cam teras\u0131 arkada\u015flar\u0131ndan duydu\u011funu ve g\u00f6r\u00fclmesi gereken bir yer oldu\u011funu s\u00f6yledi.<\/p>\n<p>Tavsiye \u00fczerine cam terasa geldi\u011fini anlatan B\u00fc\u011f\u00fcleyen, &#8220;\u00c7ok g\u00fczel ve heyecan verici bir yer. Kolay \u00e7\u0131kt\u0131m ama a\u015fa\u011f\u0131 bakam\u0131yorum.&#8221; dedi.<\/p>\n<p>Selma U\u011fur da heyecanl\u0131 bir g\u00fcn ge\u00e7irdiklerini belirterek, &#8220;\u0130nternette g\u00f6rm\u00fc\u015ft\u00fck ve ye\u011fenimle gelmeye karar verdik. \u00c7ok heyecanl\u0131 ve korku verici. \u0130leri tarafa gidince u\u00e7acakm\u0131\u015f\u0131m gibi \u00fcrperme oldu. De\u011fi\u015fik bir atmosfer. Herkese tavsiye ederim.&#8221; ifadelerini kulland\u0131.<\/p>\n<p>                            <span class=\"detay-foto-editor\">&#13;<br \/>\n                                <a href=\"https:\/\/www.aa.com.tr\/tr\/p\/abonelik-talep-formu\/1001\" target=\"_blank\" style=\"font-size:12px; color:#444; text-decoration:none;\" rel=\"noopener\">&#13;<br \/>\n                                    Anadolu Ajans\u0131 web sitesinde, AA Haber Ak\u0131\u015f Sistemi (HAS) \u00fczerinden abonelere sunulan haberler, \u00f6zetlenerek yay\u0131mlanmaktad\u0131r. <b style=\"color:#1897F7\">Abonelik i\u00e7in l\u00fctfen ileti\u015fime ge\u00e7iniz.<\/b>&#13;<br \/>\n                                <\/a>&#13;<br \/>\n                            <\/span>\n                        <\/div>\n<p><script>\n\t  window.fbAsyncInit = function() {\n\t\tFB.init({\n\t\t  appId: '1855843514662870',\n\t\t  status : true, \/\/ check login status\n\t\t  cookie : true, \/\/ enable cookies to allow the server to access the session\n\t\t  xfbml  : true  \/\/ parse XFBML\n\t\t});\n\t  };<\/p>\n<p>\t  (function() {\n\t\tvar e = document.createElement('script');\n\t\te.src=\"https:\/\/connect.facebook.net\/tr_TR\/all.js\";\n\t\te.async = true;\n\t\tdocument.getElementById('fb-root').appendChild(e);\n\t  }());\n    <\/script><\/p>\n","protected":false},"excerpt":{"rendered":"<p>Valilik, B\u00fcy\u00fck\u015fehir Belediyesi ve B\u00fcnyan Belediyesi i\u015fbirli\u011finde 1 y\u0131l \u00f6nce in\u015faat\u0131na ba\u015flanan cam teras yakla\u015f\u0131k 2 ay \u00f6nce \u00fccretsiz olarak ziyarete a\u00e7\u0131ld\u0131. Tarihi milattan \u00f6nceye dayanan ma\u011faralar\u0131n da i\u00e7inde bulundu\u011fu kayal\u0131klar\u0131n ve ye\u015fil do\u011fan\u0131n \u00fczerindeki yakla\u015f\u0131k 250 metre y\u00fcksekli\u011fe in\u015fa edilen cam teras, ziyaret\u00e7ilere farkl\u0131 bir deneyim ya\u015fat\u0131yor. Kervansaray, han ve cami gibi tarihi yap\u0131lara [&hellip;]<\/p>\n","protected":false},"author":1,"featured_media":11878,"comment_status":"","ping_status":"","sticky":false,"template":"","format":"standard","meta":[],"categories":[50],"tags":[],"_links":{"self":[{"href":"https:\/\/kraios.app\/news\/wp-json\/wp\/v2\/posts\/11877"}],"collection":[{"href":"https:\/\/kraios.app\/news\/wp-json\/wp\/v2\/posts"}],"about":[{"href":"https:\/\/kraios.app\/news\/wp-json\/wp\/v2\/types\/post"}],"author":[{"embeddable":true,"href":"https:\/\/kraios.app\/news\/wp-json\/wp\/v2\/users\/1"}],"replies":[{"embeddable":true,"href":"https:\/\/kraios.app\/news\/wp-json\/wp\/v2\/comments?post=11877"}],"version-history":[{"count":0,"href":"https:\/\/kraios.app\/news\/wp-json\/wp\/v2\/posts\/11877\/revisions"}],"wp:featuredmedia":[{"embeddable":true,"href":"https:\/\/kraios.app\/news\/wp-json\/wp\/v2\/media\/11878"}],"wp:attachment":[{"href":"https:\/\/kraios.app\/news\/wp-json\/wp\/v2\/media?parent=11877"}],"wp:term":[{"taxonomy":"category","embeddable":true,"href":"https:\/\/kraios.app\/news\/wp-json\/wp\/v2\/categories?post=11877"},{"taxonomy":"post_tag","embeddable":true,"href":"https:\/\/kraios.app\/news\/wp-json\/wp\/v2\/tags?post=11877"}],"curies":[{"name":"wp","href":"https:\/\/api.w.org\/{rel}","templated":true}]}}