{"id":11867,"date":"2023-08-14T07:20:05","date_gmt":"2023-08-14T07:20:05","guid":{"rendered":"https:\/\/kraios.app\/news\/spor\/2023\/08\/14\/milli-okcular-dunya-kupasinin-paris-ayaginda-yarisacak\/"},"modified":"2023-08-14T07:20:05","modified_gmt":"2023-08-14T07:20:05","slug":"milli-okcular-dunya-kupasinin-paris-ayaginda-yarisacak","status":"publish","type":"post","link":"https:\/\/kraios.app\/news\/spor\/2023\/08\/14\/milli-okcular-dunya-kupasinin-paris-ayaginda-yarisacak\/","title":{"rendered":"Milli ok\u00e7ular, D\u00fcnya Kupas\u0131&#039;n\u0131n Paris aya\u011f\u0131nda yar\u0131\u015facak"},"content":{"rendered":"<p>Milli ok\u00e7ular\u0131n m\u00fccadele edece\u011fi D\u00fcnya Kupas\u0131&#8217;n\u0131n 4. aya\u011f\u0131 yar\u0131n Fransa&#8217;da ba\u015flayacak.<\/p>\n","protected":false},"excerpt":{"rendered":"<p>Milli ok\u00e7ular\u0131n m\u00fccadele edece\u011fi D\u00fcnya Kupas\u0131&#8217;n\u0131n 4. aya\u011f\u0131 yar\u0131n Fransa&#8217;da ba\u015flayacak.<\/p>\n","protected":false},"author":1,"featured_media":11868,"comment_status":"","ping_status":"","sticky":false,"template":"","format":"standard","meta":[],"categories":[48],"tags":[],"_links":{"self":[{"href":"https:\/\/kraios.app\/news\/wp-json\/wp\/v2\/posts\/11867"}],"collection":[{"href":"https:\/\/kraios.app\/news\/wp-json\/wp\/v2\/posts"}],"about":[{"href":"https:\/\/kraios.app\/news\/wp-json\/wp\/v2\/types\/post"}],"author":[{"embeddable":true,"href":"https:\/\/kraios.app\/news\/wp-json\/wp\/v2\/users\/1"}],"replies":[{"embeddable":true,"href":"https:\/\/kraios.app\/news\/wp-json\/wp\/v2\/comments?post=11867"}],"version-history":[{"count":0,"href":"https:\/\/kraios.app\/news\/wp-json\/wp\/v2\/posts\/11867\/revisions"}],"wp:featuredmedia":[{"embeddable":true,"href":"https:\/\/kraios.app\/news\/wp-json\/wp\/v2\/media\/11868"}],"wp:attachment":[{"href":"https:\/\/kraios.app\/news\/wp-json\/wp\/v2\/media?parent=11867"}],"wp:term":[{"taxonomy":"category","embeddable":true,"href":"https:\/\/kraios.app\/news\/wp-json\/wp\/v2\/categories?post=11867"},{"taxonomy":"post_tag","embeddable":true,"href":"https:\/\/kraios.app\/news\/wp-json\/wp\/v2\/tags?post=11867"}],"curies":[{"name":"wp","href":"https:\/\/api.w.org\/{rel}","templated":true}]}}