{"id":11856,"date":"2023-08-14T04:20:05","date_gmt":"2023-08-14T04:20:05","guid":{"rendered":"https:\/\/kraios.app\/news\/spor\/2023\/08\/14\/fenerbahce-super-ligde-2023-2024-sezonuna-galibiyetle-basladi\/"},"modified":"2023-08-14T04:20:05","modified_gmt":"2023-08-14T04:20:05","slug":"fenerbahce-super-ligde-2023-2024-sezonuna-galibiyetle-basladi","status":"publish","type":"post","link":"https:\/\/kraios.app\/news\/spor\/2023\/08\/14\/fenerbahce-super-ligde-2023-2024-sezonuna-galibiyetle-basladi\/","title":{"rendered":"Fenerbah\u00e7e, S\u00fcper Lig&#8217;de 2023-2024 sezonuna galibiyetle ba\u015flad\u0131"},"content":{"rendered":"<p><\/p>\n<div>\n<p>3. dakikada Fenerbah\u00e7e, 1-0 \u00f6ne ge\u00e7ti. Dzeko, orta sahadan kapt\u0131\u011f\u0131 topla ceza sahas\u0131na hareketlenerek pas\u0131n\u0131 sol taraftan i\u00e7eri giren Tadic&#8217;e verdi. Tadic&#8217;in pas\u0131yla ceza yay\u0131 \u00f6n\u00fcnde bulu\u015fan Dzeko&#8217;nun bekletmeden vuru\u015funda, top a\u011flara gitti.<\/p>\n<p>18. dakikada sar\u0131-lacivertli ekibin ikinci gol\u00fc geldi. Szymanski&#8217;nin savunman\u0131n aras\u0131na att\u0131\u011f\u0131 topu kontrol ederek kaleciyle kar\u015f\u0131 kar\u015f\u0131ya kalan Dzeko, d\u00fczg\u00fcn bir vuru\u015fla me\u015fin yuvarla\u011f\u0131 filelere g\u00f6nderdi: 2-0.<\/p>\n<p><img decoding=\"async\" alt=\"\" src=\"https:\/\/www.aa.com.tr\/uploads\/userFiles\/9c85db40-ef31-40fe-a989-05c7e506d5d0\/08_2023%2F13082023%2Fdzeko_.jpg\"\/><\/p>\n<p>45. dakikada Tadic&#8217;in \u015f\u0131k topuk pas\u0131yla sa\u011fdan ceza sahas\u0131na giren Ferdi Kad\u0131o\u011flu&#8217;nun i\u00e7eri \u00e7evirdi\u011fi topa Djilobodji&#8217;nin elle temas etti\u011fini belirleyen ma\u00e7\u0131n hakemi Abdulkadir Bitigen, penalt\u0131 noktas\u0131n\u0131 g\u00f6sterdi. VAR&#8217;dan gelen uyar\u0131 \u00fczerine pozisyonu saha kenar\u0131nda izleyen Bitigen, penalt\u0131y\u0131 iptal etti.<\/p>\n<p>45+5. dakikada Gaziantep FK&#8217;nin gol\u00fc geldi. Sa\u011f taraftan kullan\u0131lan serbest vuru\u015fta arka dire\u011fe giden topu Arda K\u0131z\u0131lda\u011f kafayla a\u011flara yollad\u0131: 2-1.<\/p>\n<p><img decoding=\"async\" alt=\"\" src=\"https:\/\/www.aa.com.tr\/uploads\/userFiles\/9c85db40-ef31-40fe-a989-05c7e506d5d0\/08_2023%2F13082023%2Farda_.jpg\"\/><\/p>\n<p>45+7. dakikada Oosterwolde&#8217;nin soldan \u00e7izgiye inerek i\u00e7eri \u00e7evirdi\u011fi topu \u00f6n\u00fcnde bulan Tadic&#8217;in \u015futunda, Gradel \u00e7izgi \u00fczerinde m\u00fcdahale ederek me\u015fin yuvarla\u011f\u0131n filelere gitmesini engelledi.<\/p>\n<p>\u0130lk yar\u0131, Fenerbah\u00e7e&#8217;nin 2-1 \u00fcst\u00fcnl\u00fc\u011f\u00fcyle sona erdi.<\/p>\n<p>53. dakikada Fenerbah\u00e7e penalt\u0131 kazand\u0131. 51&#8217;inci dakikada Ferdi Kad\u0131o\u011flu&#8217;nun sa\u011fdan ortas\u0131nda Gradel&#8217;in ceza sahas\u0131 i\u00e7inde topa temas\u0131 sonras\u0131 hakem, VAR incelemesinin ard\u0131ndan penalt\u0131 noktas\u0131n\u0131 g\u00f6sterdi. 55&#8217;inci dakikada penalt\u0131da topun ba\u015f\u0131na ge\u00e7en Tadic&#8217;in vuru\u015funda, kaleci gole izin vermedi.<\/p>\n<p>82. dakikada Tadic&#8217;in sa\u011fdan i\u00e7eri girip \u00e7evirdi\u011fi topa Zajc vurdu, me\u015fin yuvarlak dire\u011fin yan\u0131ndan auta gitti.<\/p>\n<p>85. dakikada sol taraftan h\u0131zla ceza sahas\u0131na giren Oosterwolde&#8217;nin \u015futunda top d\u0131\u015far\u0131 \u00e7\u0131kt\u0131.<\/p>\n<p>Fenerbah\u00e7e, sahadan 2-1 galip ayr\u0131ld\u0131.<\/p>\n<p><img decoding=\"async\" alt=\"\" src=\"https:\/\/www.aa.com.tr\/uploads\/userFiles\/9c85db40-ef31-40fe-a989-05c7e506d5d0\/08_2023%2F13082023%2Fd1_.jpg\"\/><\/p>\n<h3>Sar\u0131-lacivertli futbol tak\u0131m\u0131, Gaziantep FK&#8217;yi Dzeko&#8217;nun golleriyle ma\u011flup etti<\/h3>\n<p>\u00dclker Stad\u0131&#8217;nda oynanan kar\u015f\u0131la\u015fmada sar\u0131-lacivertli tak\u0131ma galibiyeti getiren golleri 3. ve 18. dakikalarda Edin Dzeko kaydetti.<\/p>\n<p>Gaziantep FK&#8217;nin tek gol\u00fcn\u00fc ise 45+5. dakikada Arda K\u0131z\u0131lda\u011f att\u0131.<\/p>\n<p>Fenerbah\u00e7e, bu sezon t\u00fcm kulvarlarda \u00e7\u0131kt\u0131\u011f\u0131 4. ma\u00e7tan da galip ayr\u0131ld\u0131. UEFA Avrupa Konferans Ligi&#8217;nde oynad\u0131\u011f\u0131 3 m\u00fcsabakay\u0131 kazanan sar\u0131-lacivertliler, lige de galibiyetle ba\u015flad\u0131.<\/p>\n<h3>Dzeko, gollerine devam ediyor<\/h3>\n<p>Fenerbah\u00e7e&#8217;nin Bosna Hersekli santrforu Edin Dzeko, sar\u0131-lacivertli formayla gol say\u0131s\u0131n\u0131 3&#8217;e \u00e7\u0131kard\u0131.<\/p>\n<p>Dzeko, kar\u015f\u0131la\u015fmada kaydetti\u011fi 2 golle al\u0131nan galibiyette ba\u015frol\u00fc \u00fcstlendi. 37 ya\u015f\u0131ndaki oyuncu, UEFA Avrupa Konferans Ligi 2. eleme turunda Zimbru ile oynanan ilk ma\u00e7ta da fileleri havaland\u0131rm\u0131\u015ft\u0131.<\/p>\n<h3>Maxim, k\u0131rm\u0131z\u0131 kart g\u00f6rd\u00fc<\/h3>\n<p>Gaziantep FK&#8217;nin Rumen futbolcusu Alexandru Maxim, k\u0131rm\u0131z\u0131 kart g\u00f6rd\u00fc.<\/p>\n<p>Maxim, m\u00fcsabakan\u0131n 19. dakikas\u0131nda hakem Abdulkadir Bitigen&#8217;e itiraz\u0131n\u0131n ard\u0131ndan sar\u0131 kartla cezaland\u0131r\u0131ld\u0131. Rumen futbolcu, 23. dakikada hakem Bitigen&#8217;in ikili m\u00fccadelede aleyhine verdi\u011fi faul karar\u0131na yapt\u0131\u011f\u0131 alk\u0131\u015fl\u0131 protestonun ard\u0131ndan ikinci sar\u0131 kart\u0131 g\u00f6rd\u00fc ve k\u0131rm\u0131z\u0131 kartla oyun d\u0131\u015f\u0131nda kald\u0131.<\/p>\n<h3>Osayi-Samuel sakatland\u0131<\/h3>\n<p>Fenerbah\u00e7e&#8217;de Nijeryal\u0131 futbolcu Bright Osayi-Samuel, sakatl\u0131\u011f\u0131 sebebiyle kar\u015f\u0131la\u015fmaya devam edemedi.<\/p>\n<p>Osayi-Samuel, 12. dakikada rakibiyle girdi\u011fi ikili m\u00fccadelenin ard\u0131ndan yerde kald\u0131. 25 ya\u015f\u0131ndaki sa\u011f kanat, uygulanan tedavinin ard\u0131ndan oyun alan\u0131na d\u00f6nd\u00fc.<\/p>\n<p>Nijeryal\u0131 futbolcu, 31. dakikada topsuz alanda kendisini yere b\u0131rakt\u0131. Osayi-Samuel&#8217;in yerine 34. dakikada Jayden Oosterwolde oyuna dahil oldu.<\/p>\n<p>Bu de\u011fi\u015fikli\u011fin ard\u0131ndan Ferdi Kad\u0131o\u011flu sa\u011f bekte, Oosterwolde ise sol bekte g\u00f6rev ald\u0131.<\/p>\n<h3>Fenerbah\u00e7e&#8217;nin kazand\u0131\u011f\u0131 penalt\u0131, VAR&#8217;a tak\u0131ld\u0131<\/h3>\n<p>Fenerbah\u00e7e&#8217;nin ilk yar\u0131n\u0131n sonunda kazand\u0131\u011f\u0131 penalt\u0131, VAR incelemesinin ard\u0131ndan iptal edildi.<\/p>\n<p>M\u00fcsabakan\u0131n hakemi Abdulkadir Bitigen, 45. dakikada ceza sahas\u0131 i\u00e7inde Ferdi Kad\u0131o\u011flu ile girdi\u011fi ikili m\u00fccadelede Papy Djilobodji&#8217;nin topa eliyle m\u00fcdahale etti\u011fi gerek\u00e7esiyle penalt\u0131 noktas\u0131n\u0131 g\u00f6sterdi.<\/p>\n<p>VAR odas\u0131n\u0131n uyar\u0131s\u0131 \u00fczerine pozisyonu saha kenar\u0131ndaki ekrandan izleyen Bitigen, penalt\u0131 karar\u0131n\u0131 iptal etti.<\/p>\n<h3>Tadic, penalt\u0131dan faydalanamad\u0131<\/h3>\n<p>Fenerbah\u00e7e&#8217;de S\u0131rp oyuncu Dusan Tadic, ikinci yar\u0131da VAR incelemesi sonucunda kazan\u0131lan penalt\u0131y\u0131 gole \u00e7eviremedi.<\/p>\n<p>Kar\u015f\u0131la\u015fman\u0131n 51. dakikas\u0131nda Ferdi Kad\u0131o\u011flu&#8217;nun ortas\u0131nda me\u015fin yuvarlak Gradel&#8217;den sekip kornere \u00e7\u0131kt\u0131. VAR odas\u0131n\u0131n uyar\u0131s\u0131 \u00fczerine pozisyonu saha kenar\u0131ndaki ekrandan inceleyen hakem Abdulkadir Bitigen, Gradel&#8217;in topa koluyla m\u00fcdahale etti\u011fini belirleyerek penalt\u0131 karar\u0131 verdi.<\/p>\n<p>55. dakikada topun ba\u015f\u0131na ge\u00e7en Tadic&#8217;in vuru\u015funda, kaleci Batuhan \u015een gole izin vermedi.<\/p>\n<p>                            <span class=\"detay-foto-editor\">&#13;<br \/>\n                                <a href=\"https:\/\/www.aa.com.tr\/tr\/p\/abonelik-talep-formu\/1001\" target=\"_blank\" style=\"font-size:12px; color:#444; text-decoration:none;\" rel=\"noopener\">&#13;<br \/>\n                                    Anadolu Ajans\u0131 web sitesinde, AA Haber Ak\u0131\u015f Sistemi (HAS) \u00fczerinden abonelere sunulan haberler, \u00f6zetlenerek yay\u0131mlanmaktad\u0131r. <b style=\"color:#1897F7\">Abonelik i\u00e7in l\u00fctfen ileti\u015fime ge\u00e7iniz.<\/b>&#13;<br \/>\n                                <\/a>&#13;<br \/>\n                            <\/span>\n                        <\/div>\n<p><script>\n\t  window.fbAsyncInit = function() {\n\t\tFB.init({\n\t\t  appId: '1855843514662870',\n\t\t  status : true, \/\/ check login status\n\t\t  cookie : true, \/\/ enable cookies to allow the server to access the session\n\t\t  xfbml  : true  \/\/ parse XFBML\n\t\t});\n\t  };<\/p>\n<p>\t  (function() {\n\t\tvar e = document.createElement('script');\n\t\te.src=\"https:\/\/connect.facebook.net\/tr_TR\/all.js\";\n\t\te.async = true;\n\t\tdocument.getElementById('fb-root').appendChild(e);\n\t  }());\n    <\/script><\/p>\n","protected":false},"excerpt":{"rendered":"<p>3. dakikada Fenerbah\u00e7e, 1-0 \u00f6ne ge\u00e7ti. Dzeko, orta sahadan kapt\u0131\u011f\u0131 topla ceza sahas\u0131na hareketlenerek pas\u0131n\u0131 sol taraftan i\u00e7eri giren Tadic&#8217;e verdi. Tadic&#8217;in pas\u0131yla ceza yay\u0131 \u00f6n\u00fcnde bulu\u015fan Dzeko&#8217;nun bekletmeden vuru\u015funda, top a\u011flara gitti. 18. dakikada sar\u0131-lacivertli ekibin ikinci gol\u00fc geldi. Szymanski&#8217;nin savunman\u0131n aras\u0131na att\u0131\u011f\u0131 topu kontrol ederek kaleciyle kar\u015f\u0131 kar\u015f\u0131ya kalan Dzeko, d\u00fczg\u00fcn bir vuru\u015fla [&hellip;]<\/p>\n","protected":false},"author":1,"featured_media":11842,"comment_status":"","ping_status":"","sticky":false,"template":"","format":"standard","meta":[],"categories":[48],"tags":[],"_links":{"self":[{"href":"https:\/\/kraios.app\/news\/wp-json\/wp\/v2\/posts\/11856"}],"collection":[{"href":"https:\/\/kraios.app\/news\/wp-json\/wp\/v2\/posts"}],"about":[{"href":"https:\/\/kraios.app\/news\/wp-json\/wp\/v2\/types\/post"}],"author":[{"embeddable":true,"href":"https:\/\/kraios.app\/news\/wp-json\/wp\/v2\/users\/1"}],"replies":[{"embeddable":true,"href":"https:\/\/kraios.app\/news\/wp-json\/wp\/v2\/comments?post=11856"}],"version-history":[{"count":0,"href":"https:\/\/kraios.app\/news\/wp-json\/wp\/v2\/posts\/11856\/revisions"}],"wp:featuredmedia":[{"embeddable":true,"href":"https:\/\/kraios.app\/news\/wp-json\/wp\/v2\/media\/11842"}],"wp:attachment":[{"href":"https:\/\/kraios.app\/news\/wp-json\/wp\/v2\/media?parent=11856"}],"wp:term":[{"taxonomy":"category","embeddable":true,"href":"https:\/\/kraios.app\/news\/wp-json\/wp\/v2\/categories?post=11856"},{"taxonomy":"post_tag","embeddable":true,"href":"https:\/\/kraios.app\/news\/wp-json\/wp\/v2\/tags?post=11856"}],"curies":[{"name":"wp","href":"https:\/\/api.w.org\/{rel}","templated":true}]}}