{"id":11851,"date":"2023-08-14T03:55:44","date_gmt":"2023-08-14T03:55:44","guid":{"rendered":"https:\/\/kraios.app\/news\/yasam\/2023\/08\/14\/van-golunde-uzerinde-cesitli-isaretler-bulunan-tas-ve-mezar-taslari-tespit-edildi\/"},"modified":"2023-08-14T03:55:44","modified_gmt":"2023-08-14T03:55:44","slug":"van-golunde-uzerinde-cesitli-isaretler-bulunan-tas-ve-mezar-taslari-tespit-edildi","status":"publish","type":"post","link":"https:\/\/kraios.app\/news\/yasam\/2023\/08\/14\/van-golunde-uzerinde-cesitli-isaretler-bulunan-tas-ve-mezar-taslari-tespit-edildi\/","title":{"rendered":"Van G\u00f6l\u00fc&#039;nde \u00fczerinde \u00e7e\u015fitli i\u015faretler bulunan ta\u015f ve mezar ta\u015flar\u0131 tespit edildi"},"content":{"rendered":"<p>Bitlis&#8217;te Do\u011fu Deniz Derne\u011fi ve Van Hak Arama Kurtarma Derne\u011fi \u00fcyesi dalg\u0131\u00e7lar Van G\u00f6l\u00fc&#8217;nde, \u00fczerinde \u00e7e\u015fitli i\u015faretler bulunan ta\u015f ve mezar ta\u015flar\u0131 tespit etti.<\/p>\n","protected":false},"excerpt":{"rendered":"<p>Bitlis&#8217;te Do\u011fu Deniz Derne\u011fi ve Van Hak Arama Kurtarma Derne\u011fi \u00fcyesi dalg\u0131\u00e7lar Van G\u00f6l\u00fc&#8217;nde, \u00fczerinde \u00e7e\u015fitli i\u015faretler bulunan ta\u015f ve mezar ta\u015flar\u0131 tespit etti.<\/p>\n","protected":false},"author":1,"featured_media":11852,"comment_status":"","ping_status":"","sticky":false,"template":"","format":"standard","meta":[],"categories":[50],"tags":[],"_links":{"self":[{"href":"https:\/\/kraios.app\/news\/wp-json\/wp\/v2\/posts\/11851"}],"collection":[{"href":"https:\/\/kraios.app\/news\/wp-json\/wp\/v2\/posts"}],"about":[{"href":"https:\/\/kraios.app\/news\/wp-json\/wp\/v2\/types\/post"}],"author":[{"embeddable":true,"href":"https:\/\/kraios.app\/news\/wp-json\/wp\/v2\/users\/1"}],"replies":[{"embeddable":true,"href":"https:\/\/kraios.app\/news\/wp-json\/wp\/v2\/comments?post=11851"}],"version-history":[{"count":0,"href":"https:\/\/kraios.app\/news\/wp-json\/wp\/v2\/posts\/11851\/revisions"}],"wp:featuredmedia":[{"embeddable":true,"href":"https:\/\/kraios.app\/news\/wp-json\/wp\/v2\/media\/11852"}],"wp:attachment":[{"href":"https:\/\/kraios.app\/news\/wp-json\/wp\/v2\/media?parent=11851"}],"wp:term":[{"taxonomy":"category","embeddable":true,"href":"https:\/\/kraios.app\/news\/wp-json\/wp\/v2\/categories?post=11851"},{"taxonomy":"post_tag","embeddable":true,"href":"https:\/\/kraios.app\/news\/wp-json\/wp\/v2\/tags?post=11851"}],"curies":[{"name":"wp","href":"https:\/\/api.w.org\/{rel}","templated":true}]}}