{"id":11845,"date":"2023-08-14T00:20:05","date_gmt":"2023-08-14T00:20:05","guid":{"rendered":"https:\/\/kraios.app\/news\/spor\/2023\/08\/14\/yukatel-adana-demirspor-caykur-rizesporu-2-1-yendi\/"},"modified":"2023-08-14T00:20:05","modified_gmt":"2023-08-14T00:20:05","slug":"yukatel-adana-demirspor-caykur-rizesporu-2-1-yendi","status":"publish","type":"post","link":"https:\/\/kraios.app\/news\/spor\/2023\/08\/14\/yukatel-adana-demirspor-caykur-rizesporu-2-1-yendi\/","title":{"rendered":"Yukatel Adana Demirspor, \u00c7aykur Rizespor&#8217;u 2-1 yendi"},"content":{"rendered":"<p><\/p>\n<div>\n<p>12. dakikada Belhanda&#8217;dan ald\u0131\u011f\u0131 pasla ceza sahas\u0131na giren Emre Akbaba&#8217;n\u0131n vuru\u015funda, savunmadan seken topu kaleci G\u00f6khan Akkan kontrol etti.<\/p>\n<p>19. dakikada orta sahadan Belhanda&#8217;n\u0131n att\u0131\u011f\u0131 topa hareketlenen Yusuf Sar\u0131&#8217;dan \u00f6nce araya giren savunma, topu, ceza sahas\u0131 d\u0131\u015f\u0131na \u00e7\u0131kan kaleci G\u00f6khan Akkan&#8217;a kazand\u0131rarak tehlikeyi uzakla\u015ft\u0131rd\u0131.<\/p>\n<p>23. dakikada ceza sahas\u0131 d\u0131\u015f\u0131nda sa\u011f kanatta topu \u00f6n\u00fcnde bulan Olawoyin&#8217;in bekletmeden uzak mesafeden vuru\u015funda, top yan dire\u011fe \u00e7arp\u0131p d\u0131\u015far\u0131 \u00e7\u0131kt\u0131.<\/p>\n<p>27. dakikada Adana Demirspor \u00f6ne ge\u00e7ti. Sa\u011f kanattan Svensson&#8217;un ortas\u0131nda topa hakim olan Belhanda, ceza sahas\u0131 i\u00e7inde \u00f6nce Cherif Ndiaye ile pasla\u015ft\u0131. Ald\u0131\u011f\u0131 pasta topu kontrol eden Belhanda&#8217;n\u0131n vuru\u015funda, me\u015fin yuvarlak a\u011flarla bulu\u015ftu: 1-0.<br \/><img decoding=\"async\" alt=\"\" src=\"https:\/\/www.aa.com.tr\/uploads\/userFiles\/9c85db40-ef31-40fe-a989-05c7e506d5d0\/08_2023%2F13082023%2Fbelhande_.jpg\"\/><\/p>\n<p>31. dakikada sa\u011f kanattan kullan\u0131lan serbest at\u0131\u015fta ceza sahas\u0131nda savunman\u0131n havaland\u0131rd\u0131\u011f\u0131 topa y\u00fckselen Alikulov&#8217;un kafa vuru\u015funda top, kaleci Erta\u00e7 \u00d6zbir&#8217;den oyun alan\u0131na d\u00f6nd\u00fc.<\/p>\n<p>36. dakikada Emirhan Top\u00e7u&#8217;nun pas\u0131nda sol kanattan ceza alan\u0131na giren Benhur Keser&#8217;in vuru\u015funda, top d\u0131\u015far\u0131 \u00e7\u0131kt\u0131.<\/p>\n<p>42. dakikada Belhanda ile pasla\u015farak sa\u011f kanattan ceza alan\u0131na giren Yusuf Sar\u0131&#8217;n\u0131n yerden ortas\u0131nda savunma topu uzakla\u015ft\u0131rd\u0131.<\/p>\n<p>Kar\u015f\u0131la\u015fman\u0131n ilk yar\u0131s\u0131, Adana Demirspor&#8217;un 1-0 \u00fcst\u00fcnl\u00fc\u011f\u00fcyle sona erdi.<\/p>\n<p><img decoding=\"async\" alt=\"\" src=\"https:\/\/www.aa.com.tr\/uploads\/userFiles\/9c85db40-ef31-40fe-a989-05c7e506d5d0\/08_2023%2F13082023%2Fadana1_.jpg\"\/><\/p>\n<p>49. dakikada Rodrigues&#8217;in sa\u011f kanattan kulland\u0131\u011f\u0131 serbest at\u0131\u015fta ceza sahas\u0131 i\u00e7inde sol \u00e7aprazda topla bulu\u015fan Yusuf Sar\u0131&#8217;n\u0131n vuru\u015funda, kaleci G\u00f6khan Akkan son anda sa\u011f\u0131na uzan\u0131p dire\u011fin dibinden topu kornere \u00e7eldi.<\/p>\n<p>54. dakikada Mithat Pala&#8217;n\u0131n ceza yay\u0131n\u0131n d\u0131\u015f\u0131ndan sert \u015futunda, top \u00fcstten d\u0131\u015far\u0131 \u00e7\u0131kt\u0131.<\/p>\n<p>56. dakikada savunman\u0131n hatas\u0131nda topu alan Belhanda&#8217;n\u0131n ceza sahas\u0131 d\u0131\u015f\u0131ndan sert \u015futunda, kaleci G\u00f6khan Akkan me\u015fin yuvarla\u011f\u0131 kornere \u00e7eldi.<\/p>\n<p>70. dakikada sa\u011f tarafta kale sahas\u0131 \u00e7apraz\u0131na kadar inen Yusuf Sar\u0131&#8217;n\u0131n yerden ortas\u0131nda Cherif Ndiaye&#8217;den \u00f6nce araya giren savunma topu uzakla\u015ft\u0131rd\u0131.<\/p>\n<p>85. dakikada h\u0131zla ceza alan\u0131na girip kaleci G\u00f6khan Akkan ile kar\u015f\u0131 kar\u015f\u0131ya kalan Akintola&#8217;n\u0131n vuru\u015funda, G\u00f6khan topa hakim oldu.<\/p>\n<p>87. dakikada \u00c7aykur Rizespor beraberli\u011fi yakalad\u0131. Alberk Ko\u00e7&#8217;un sa\u011f taraftan kulland\u0131\u011f\u0131 k\u00f6\u015fe at\u0131\u015f\u0131nda \u00f6n direkte Emirhan Top\u00e7u&#8217;nun y\u00fckseltti\u011fi topa arka direkte y\u00fckselen Mary&#8217;nin kafa vuru\u015funda, me\u015fin yuvarlak a\u011flarla bulu\u015ftu: 1-1.<\/p>\n<p>90+1. dakikada Adana Demirspor yeniden \u00f6ne ge\u00e7ti. Kullan\u0131lan ta\u00e7 at\u0131\u015f\u0131 sonras\u0131 olu\u015fan karambolde topu g\u00f6\u011fs\u00fcnde yumu\u015fatan Yusuf Erdo\u011fan, yapt\u0131\u011f\u0131 vuru\u015fla me\u015fin yuvarla\u011f\u0131 filelere g\u00f6nderdi. Hakem \u00dcmit \u00d6zt\u00fcrk, VAR incelemesi sonucu gol karar\u0131n\u0131 verdi: 2-1.<\/p>\n<p>Kar\u015f\u0131la\u015fmay\u0131 Adana Demirspor 2-1 kazand\u0131.<\/p>\n<h3>&#8220;Bizim i\u00e7in en \u00f6nemlisi galibiyetle bitirmekti&#8221;<\/h3>\n<p>Yukatel Adana Demirspor&#8217;un teknik direkt\u00f6r\u00fc Patrick Kluivert, &#8220;Bizim i\u00e7in en \u00f6nemlisi galibiyetle bitirmekti.&#8221; dedi.<\/p>\n<p>Kluivert, ma\u00e7\u0131n ard\u0131ndan d\u00fczenlenen bas\u0131n toplant\u0131s\u0131nda, 10 g\u00fcn i\u00e7inde 3 ma\u00e7 oynad\u0131klar\u0131n\u0131 an\u0131msatt\u0131.<\/p>\n<p>\u00c7aykur Rizespor&#8217;u oynad\u0131klar\u0131 futboldan dolay\u0131 tebrik eden Kluivert, &#8220;Ger\u00e7ekten \u00e7ok iyi oynad\u0131lar. Sonuna kadar zorlad\u0131lar ama bizim i\u00e7in en \u00f6nemlisi galibiyetle bitirmekti. \u00d6nemli bir galibiyet oldu\u011funu d\u00fc\u015f\u00fcn\u00fcyorum ve futbolcular\u0131mla da gurur duyuyorum. \u00c7\u00fcnk\u00fc ger\u00e7ekten zorlu ko\u015fullarda bir galibiyet almak ve 3 puan\u0131n Adana&#8217;da kalmas\u0131 bizim i\u00e7in \u00e7ok \u00f6nemliydi.&#8221; diye konu\u015ftu.<\/p>\n<p>Kluivert, soru \u00fczerine, UEFA Konferans Ligi 3. Eleme Turu r\u00f6van\u015f\u0131nda Osijek ile oynayacaklar\u0131 ma\u00e7a ili\u015fkin, &#8220;\u00c7ok \u00f6nemli bir ma\u00e7 bizi bekliyor orada. Turu ge\u00e7mek istiyoruz.&#8221; dedi.<\/p>\n<p>\u00c7aykur Rizespor&#8217;un teknik direkt\u00f6r\u00fc \u0130lhan Palut da bekledikleri gibi zor bir ma\u00e7 oynad\u0131klar\u0131n\u0131 aktard\u0131.<\/p>\n<p>Rakiplerinin oturmu\u015f bir kadrosu oldu\u011funu ifade eden Palut, \u015funlar\u0131 kaydetti:<\/p>\n<p>&#8220;Bizde sahada S\u00fcper Lig&#8217;de ilk kez oynayan bir\u00e7ok oyuncu vard\u0131. Ama ma\u00e7\u0131n geneline bakt\u0131\u011f\u0131m\u0131zda, ortalama 100 dakikay\u0131 baz ald\u0131\u011f\u0131m\u0131z zaman oyuncular\u0131m ba\u015fa ba\u015f oynad\u0131lar. Son ana kadar puan\u0131, puanlar\u0131 kovalad\u0131. Burada bizi \u00fczen, bu kadar u\u011fra\u015ftan sonra puan\u0131 elimize ge\u00e7irmi\u015fken \u00e7ok k\u00f6t\u00fc bir golle ma\u00e7 kaybettik. \u00dczg\u00fcn\u00fcz ama tak\u0131m\u0131n geli\u015fmeye ihtiyac\u0131 var. \u0130n\u015fallah bir sonraki ma\u00e7a daha haz\u0131r bir Rizespor izletece\u011fiz.&#8221;<\/p>\n<p>                            <span class=\"detay-foto-editor\">&#13;<br \/>\n                                <a href=\"https:\/\/www.aa.com.tr\/tr\/p\/abonelik-talep-formu\/1001\" target=\"_blank\" style=\"font-size:12px; color:#444; text-decoration:none;\" rel=\"noopener\">&#13;<br \/>\n                                    Anadolu Ajans\u0131 web sitesinde, AA Haber Ak\u0131\u015f Sistemi (HAS) \u00fczerinden abonelere sunulan haberler, \u00f6zetlenerek yay\u0131mlanmaktad\u0131r. <b style=\"color:#1897F7\">Abonelik i\u00e7in l\u00fctfen ileti\u015fime ge\u00e7iniz.<\/b>&#13;<br \/>\n                                <\/a>&#13;<br \/>\n                            <\/span>\n                        <\/div>\n<p><script>\n\t  window.fbAsyncInit = function() {\n\t\tFB.init({\n\t\t  appId: '1855843514662870',\n\t\t  status : true, \/\/ check login status\n\t\t  cookie : true, \/\/ enable cookies to allow the server to access the session\n\t\t  xfbml  : true  \/\/ parse XFBML\n\t\t});\n\t  };<\/p>\n<p>\t  (function() {\n\t\tvar e = document.createElement('script');\n\t\te.src=\"https:\/\/connect.facebook.net\/tr_TR\/all.js\";\n\t\te.async = true;\n\t\tdocument.getElementById('fb-root').appendChild(e);\n\t  }());\n    <\/script><\/p>\n","protected":false},"excerpt":{"rendered":"<p>12. dakikada Belhanda&#8217;dan ald\u0131\u011f\u0131 pasla ceza sahas\u0131na giren Emre Akbaba&#8217;n\u0131n vuru\u015funda, savunmadan seken topu kaleci G\u00f6khan Akkan kontrol etti. 19. dakikada orta sahadan Belhanda&#8217;n\u0131n att\u0131\u011f\u0131 topa hareketlenen Yusuf Sar\u0131&#8217;dan \u00f6nce araya giren savunma, topu, ceza sahas\u0131 d\u0131\u015f\u0131na \u00e7\u0131kan kaleci G\u00f6khan Akkan&#8217;a kazand\u0131rarak tehlikeyi uzakla\u015ft\u0131rd\u0131. 23. dakikada ceza sahas\u0131 d\u0131\u015f\u0131nda sa\u011f kanatta topu \u00f6n\u00fcnde bulan Olawoyin&#8217;in [&hellip;]<\/p>\n","protected":false},"author":1,"featured_media":11846,"comment_status":"","ping_status":"","sticky":false,"template":"","format":"standard","meta":[],"categories":[48],"tags":[],"_links":{"self":[{"href":"https:\/\/kraios.app\/news\/wp-json\/wp\/v2\/posts\/11845"}],"collection":[{"href":"https:\/\/kraios.app\/news\/wp-json\/wp\/v2\/posts"}],"about":[{"href":"https:\/\/kraios.app\/news\/wp-json\/wp\/v2\/types\/post"}],"author":[{"embeddable":true,"href":"https:\/\/kraios.app\/news\/wp-json\/wp\/v2\/users\/1"}],"replies":[{"embeddable":true,"href":"https:\/\/kraios.app\/news\/wp-json\/wp\/v2\/comments?post=11845"}],"version-history":[{"count":0,"href":"https:\/\/kraios.app\/news\/wp-json\/wp\/v2\/posts\/11845\/revisions"}],"wp:featuredmedia":[{"embeddable":true,"href":"https:\/\/kraios.app\/news\/wp-json\/wp\/v2\/media\/11846"}],"wp:attachment":[{"href":"https:\/\/kraios.app\/news\/wp-json\/wp\/v2\/media?parent=11845"}],"wp:term":[{"taxonomy":"category","embeddable":true,"href":"https:\/\/kraios.app\/news\/wp-json\/wp\/v2\/categories?post=11845"},{"taxonomy":"post_tag","embeddable":true,"href":"https:\/\/kraios.app\/news\/wp-json\/wp\/v2\/tags?post=11845"}],"curies":[{"name":"wp","href":"https:\/\/api.w.org\/{rel}","templated":true}]}}