{"id":11831,"date":"2023-08-13T17:20:08","date_gmt":"2023-08-13T17:20:08","guid":{"rendered":"https:\/\/kraios.app\/news\/yasam\/2023\/08\/13\/tarim-ve-orman-bakanliginin-ormanlara-yerlestirdigi-yalaklar-yaban-hayvanlarina-can-suyu-oluyor\/"},"modified":"2023-08-13T17:20:08","modified_gmt":"2023-08-13T17:20:08","slug":"tarim-ve-orman-bakanliginin-ormanlara-yerlestirdigi-yalaklar-yaban-hayvanlarina-can-suyu-oluyor","status":"publish","type":"post","link":"https:\/\/kraios.app\/news\/yasam\/2023\/08\/13\/tarim-ve-orman-bakanliginin-ormanlara-yerlestirdigi-yalaklar-yaban-hayvanlarina-can-suyu-oluyor\/","title":{"rendered":"Tar\u0131m ve Orman Bakanl\u0131\u011f\u0131n\u0131n ormanlara yerle\u015ftirdi\u011fi yalaklar yaban hayvanlar\u0131na can suyu oluyor"},"content":{"rendered":"<p><\/p>\n<div>\n<p>Bakanl\u0131ktan yap\u0131lan yaz\u0131l\u0131 a\u00e7\u0131klamaya g\u00f6re, so\u011fuk k\u0131\u015f g\u00fcnlerinde yaban hayvanlar\u0131n\u0131n a\u00e7 kalmamas\u0131 i\u00e7in yemleme \u00e7al\u0131\u015fmalar\u0131 ger\u00e7ekle\u015ftiren Do\u011fa Koruma ve Milli Parklar Genel M\u00fcd\u00fcrl\u00fc\u011f\u00fc, s\u0131cak ge\u00e7en yaz g\u00fcnlerinde de yaban hayvanlar\u0131n\u0131n su ihtiyac\u0131n\u0131n giderilmesi i\u00e7in \u00e7al\u0131\u015fmalar y\u00fcr\u00fct\u00fcyor.<\/p>\n<p>Yaz mevsiminde do\u011fal su kaynaklar\u0131n\u0131n azalmas\u0131 gibi sebeplerle su bulamayan yaban hayvanlar\u0131 yerle\u015fim yerlerine y\u00f6nelebiliyor. Bu durum, yaban hayvanlar\u0131n\u0131 y\u0131rt\u0131c\u0131lara kar\u015f\u0131 savunmas\u0131z hale getirirken baz\u0131 olumsuzluklar\u0131n ya\u015fanmas\u0131na da sebep olabiliyor. Bunun \u00f6n\u00fcne ge\u00e7ilmesi i\u00e7in yaban hayvanlar\u0131na kendi ya\u015fam ortamlar\u0131nda su bulma imkan\u0131n\u0131n sa\u011flanmas\u0131 b\u00fcy\u00fck \u00f6nem ta\u015f\u0131yor.<\/p>\n<p>Yaban hayvanlar\u0131n\u0131n su ihtiyac\u0131n\u0131 do\u011fal habitatlar\u0131nda kar\u015f\u0131lamak \u00fczere su kuyular\u0131 a\u00e7\u0131l\u0131rken, daha rahat suya ula\u015fabilmeleri i\u00e7in yalaklar olu\u015fturuluyor.<\/p>\n<p>Do\u011fa Koruma ve Milli Parklar Genel M\u00fcd\u00fcrl\u00fc\u011f\u00fc ile Devlet Su \u0130\u015fleri Genel M\u00fcd\u00fcrl\u00fc\u011f\u00fc aras\u0131nda 2020 y\u0131l\u0131nda yap\u0131lan yaban hayat\u0131 t\u00fcrlerinin su ihtiyac\u0131n\u0131n kar\u015f\u0131lanmas\u0131na dair protokol kapsam\u0131nda belirlenen b\u00f6lgelerde 7 sondaj ger\u00e7ekle\u015ftirildi, 18 g\u00f6let faaliyete ge\u00e7irildi. Ayr\u0131ca Do\u011fa Koruma ve Milli Parklar Genel M\u00fcd\u00fcrl\u00fc\u011f\u00fc taraf\u0131ndan 900&#8217;\u00fc a\u015fk\u0131n yalak yap\u0131ld\u0131.<\/p>\n<h3>Yaban hayvanlar\u0131 fotokapan ile takip ediliyor<\/h3>\n<p>Yemleme ve su temini sa\u011flanan b\u00f6lgeler fotokapan ile izlenirken, Do\u011fa Koruma ve Milli Parklar Genel M\u00fcd\u00fcrl\u00fc\u011f\u00fc taraf\u0131ndan yap\u0131lan \u00e7al\u0131\u015fman\u0131n amac\u0131na ula\u015f\u0131p ula\u015fmad\u0131\u011f\u0131 da tespit ediliyor.<\/p>\n<p>\u00dclke genelinde elde edilen g\u00f6r\u00fcnt\u00fclerde, bir\u00e7ok ku\u015f ve memeli t\u00fcr\u00fcn\u00fcn periyodik olarak su i\u00e7mek ya da serinlemek amac\u0131yla bu alanlar\u0131 kulland\u0131\u011f\u0131 g\u00f6r\u00fcl\u00fcyor. \u00d6zellikle boz ay\u0131, yaban kedisi, va\u015fak, yaban domuzu, tilki, porsuk, k\u0131nal\u0131 keklik gibi t\u00fcrlerin, olu\u015fturulan alanlara gelip su i\u00e7tikleri kameralara yans\u0131yor.<\/p>\n<p>Ayr\u0131ca son g\u00fcnlerde ya\u015fanan orman yang\u0131nlar\u0131ndan etkilenen b\u00f6lgelerdeki yaban hayvanlar\u0131 i\u00e7in de h\u0131zl\u0131 bir \u015fekilde yalaklar olu\u015fturularak yemleme \u00e7al\u0131\u015fmalar\u0131na a\u011f\u0131rl\u0131k verildi.<\/p>\n<h3>&#8220;Yaban hayvanlar\u0131n\u0131 ihmal etmiyoruz&#8221;<\/h3>\n<p>A\u00e7\u0131klamada g\u00f6r\u00fc\u015flerine yer verilen Tar\u0131m ve Orman Bakan\u0131 \u0130brahim Yumakl\u0131, yaban hayat\u0131n\u0131n korunmas\u0131na y\u00f6nelik her t\u00fcrl\u00fc \u00f6nlemi ald\u0131klar\u0131n\u0131 belirtti.<\/p>\n<p>Yaz mevsiminde su bulmakta zorlanan yaban hayvanlar\u0131n\u0131 ihmal etmediklerine dikkati \u00e7eken Yumakl\u0131, ormanl\u0131k alanlarda olu\u015fturduklar\u0131 g\u00f6letler ve yalaklarla canl\u0131lara su sa\u011flad\u0131klar\u0131n\u0131 bildirdi.<\/p>\n<p>Bakan Yumakl\u0131, &#8220;Do\u011fa Koruma ve Milli Parklar Genel M\u00fcd\u00fcrl\u00fc\u011f\u00fcm\u00fcz, yaban hayat\u0131n\u0131n korunup geli\u015ftirilmesi i\u00e7in b\u00fcy\u00fck gayret g\u00f6steriyor, yaz aylar\u0131nda yapt\u0131\u011f\u0131 \u00e7al\u0131\u015fmalarla yaban hayvanlar\u0131na can suyu oluyor.&#8221; ifadelerini kulland\u0131.<\/p>\n<p>                            <span class=\"detay-foto-editor\">&#13;<br \/>\n                                <a href=\"https:\/\/www.aa.com.tr\/tr\/p\/abonelik-talep-formu\/1001\" target=\"_blank\" style=\"font-size:12px; color:#444; text-decoration:none;\" rel=\"noopener\">&#13;<br \/>\n                                    Anadolu Ajans\u0131 web sitesinde, AA Haber Ak\u0131\u015f Sistemi (HAS) \u00fczerinden abonelere sunulan haberler, \u00f6zetlenerek yay\u0131mlanmaktad\u0131r. <b style=\"color:#1897F7\">Abonelik i\u00e7in l\u00fctfen ileti\u015fime ge\u00e7iniz.<\/b>&#13;<br \/>\n                                <\/a>&#13;<br \/>\n                            <\/span>\n                        <\/div>\n<p><script>\n\t  window.fbAsyncInit = function() {\n\t\tFB.init({\n\t\t  appId: '1855843514662870',\n\t\t  status : true, \/\/ check login status\n\t\t  cookie : true, \/\/ enable cookies to allow the server to access the session\n\t\t  xfbml  : true  \/\/ parse XFBML\n\t\t});\n\t  };<\/p>\n<p>\t  (function() {\n\t\tvar e = document.createElement('script');\n\t\te.src=\"https:\/\/connect.facebook.net\/tr_TR\/all.js\";\n\t\te.async = true;\n\t\tdocument.getElementById('fb-root').appendChild(e);\n\t  }());\n    <\/script><\/p>\n","protected":false},"excerpt":{"rendered":"<p>Bakanl\u0131ktan yap\u0131lan yaz\u0131l\u0131 a\u00e7\u0131klamaya g\u00f6re, so\u011fuk k\u0131\u015f g\u00fcnlerinde yaban hayvanlar\u0131n\u0131n a\u00e7 kalmamas\u0131 i\u00e7in yemleme \u00e7al\u0131\u015fmalar\u0131 ger\u00e7ekle\u015ftiren Do\u011fa Koruma ve Milli Parklar Genel M\u00fcd\u00fcrl\u00fc\u011f\u00fc, s\u0131cak ge\u00e7en yaz g\u00fcnlerinde de yaban hayvanlar\u0131n\u0131n su ihtiyac\u0131n\u0131n giderilmesi i\u00e7in \u00e7al\u0131\u015fmalar y\u00fcr\u00fct\u00fcyor. Yaz mevsiminde do\u011fal su kaynaklar\u0131n\u0131n azalmas\u0131 gibi sebeplerle su bulamayan yaban hayvanlar\u0131 yerle\u015fim yerlerine y\u00f6nelebiliyor. Bu durum, yaban hayvanlar\u0131n\u0131 [&hellip;]<\/p>\n","protected":false},"author":1,"featured_media":11832,"comment_status":"","ping_status":"","sticky":false,"template":"","format":"standard","meta":[],"categories":[50],"tags":[],"_links":{"self":[{"href":"https:\/\/kraios.app\/news\/wp-json\/wp\/v2\/posts\/11831"}],"collection":[{"href":"https:\/\/kraios.app\/news\/wp-json\/wp\/v2\/posts"}],"about":[{"href":"https:\/\/kraios.app\/news\/wp-json\/wp\/v2\/types\/post"}],"author":[{"embeddable":true,"href":"https:\/\/kraios.app\/news\/wp-json\/wp\/v2\/users\/1"}],"replies":[{"embeddable":true,"href":"https:\/\/kraios.app\/news\/wp-json\/wp\/v2\/comments?post=11831"}],"version-history":[{"count":0,"href":"https:\/\/kraios.app\/news\/wp-json\/wp\/v2\/posts\/11831\/revisions"}],"wp:featuredmedia":[{"embeddable":true,"href":"https:\/\/kraios.app\/news\/wp-json\/wp\/v2\/media\/11832"}],"wp:attachment":[{"href":"https:\/\/kraios.app\/news\/wp-json\/wp\/v2\/media?parent=11831"}],"wp:term":[{"taxonomy":"category","embeddable":true,"href":"https:\/\/kraios.app\/news\/wp-json\/wp\/v2\/categories?post=11831"},{"taxonomy":"post_tag","embeddable":true,"href":"https:\/\/kraios.app\/news\/wp-json\/wp\/v2\/tags?post=11831"}],"curies":[{"name":"wp","href":"https:\/\/api.w.org\/{rel}","templated":true}]}}