{"id":11827,"date":"2023-08-13T14:20:09","date_gmt":"2023-08-13T14:20:09","guid":{"rendered":"https:\/\/kraios.app\/news\/ekonomi\/2023\/08\/13\/cinde-temmuzda-otomobil-uretimi-ve-satislari-azaldi\/"},"modified":"2023-08-13T14:20:09","modified_gmt":"2023-08-13T14:20:09","slug":"cinde-temmuzda-otomobil-uretimi-ve-satislari-azaldi","status":"publish","type":"post","link":"https:\/\/kraios.app\/news\/ekonomi\/2023\/08\/13\/cinde-temmuzda-otomobil-uretimi-ve-satislari-azaldi\/","title":{"rendered":"\u00c7in&#039;de temmuzda otomobil \u00fcretimi ve sat\u0131\u015flar\u0131 azald\u0131"},"content":{"rendered":"<p> <br \/>\n<br \/>\u00c7in&#8217;de temmuzda otomobil \u00fcretimi ve sat\u0131\u015flar\u0131 ge\u00e7en y\u0131l\u0131n ayn\u0131 d\u00f6nemine g\u00f6re azal\u0131rken otomobil ihracat\u0131 art\u0131\u015f g\u00f6sterdi.<br \/>\n<br \/><br \/>\n<br \/><a href=\"https:\/\/www.aa.com.tr\/tr\/ekonomi\/cinde-temmuzda-otomobil-uretimi-ve-satislari-azaldi\/2966879\">Source link <\/a><\/p>\n","protected":false},"excerpt":{"rendered":"<p>\u00c7in&#8217;de temmuzda otomobil \u00fcretimi ve sat\u0131\u015flar\u0131 ge\u00e7en y\u0131l\u0131n ayn\u0131 d\u00f6nemine g\u00f6re azal\u0131rken otomobil ihracat\u0131 art\u0131\u015f g\u00f6sterdi. Source link<\/p>\n","protected":false},"author":1,"featured_media":11828,"comment_status":"","ping_status":"","sticky":false,"template":"","format":"standard","meta":[],"categories":[44],"tags":[],"_links":{"self":[{"href":"https:\/\/kraios.app\/news\/wp-json\/wp\/v2\/posts\/11827"}],"collection":[{"href":"https:\/\/kraios.app\/news\/wp-json\/wp\/v2\/posts"}],"about":[{"href":"https:\/\/kraios.app\/news\/wp-json\/wp\/v2\/types\/post"}],"author":[{"embeddable":true,"href":"https:\/\/kraios.app\/news\/wp-json\/wp\/v2\/users\/1"}],"replies":[{"embeddable":true,"href":"https:\/\/kraios.app\/news\/wp-json\/wp\/v2\/comments?post=11827"}],"version-history":[{"count":0,"href":"https:\/\/kraios.app\/news\/wp-json\/wp\/v2\/posts\/11827\/revisions"}],"wp:featuredmedia":[{"embeddable":true,"href":"https:\/\/kraios.app\/news\/wp-json\/wp\/v2\/media\/11828"}],"wp:attachment":[{"href":"https:\/\/kraios.app\/news\/wp-json\/wp\/v2\/media?parent=11827"}],"wp:term":[{"taxonomy":"category","embeddable":true,"href":"https:\/\/kraios.app\/news\/wp-json\/wp\/v2\/categories?post=11827"},{"taxonomy":"post_tag","embeddable":true,"href":"https:\/\/kraios.app\/news\/wp-json\/wp\/v2\/tags?post=11827"}],"curies":[{"name":"wp","href":"https:\/\/api.w.org\/{rel}","templated":true}]}}